{"id":980,"date":"2012-12-17T01:52:38","date_gmt":"2012-12-17T00:52:38","guid":{"rendered":"http:\/\/www.claudia-klinger.de\/digidiary\/?p=980"},"modified":"2012-12-17T11:06:56","modified_gmt":"2012-12-17T10:06:56","slug":"heute-kommentiert-zum-thema-autisten-als-amoklaufer","status":"publish","type":"post","link":"https:\/\/www.claudia-klinger.de\/digidiary\/2012\/12\/17\/heute-kommentiert-zum-thema-autisten-als-amoklaufer\/","title":{"rendered":"Heute kommentiert zum Thema &#8222;Autisten als Amokl\u00e4ufer&#8220;"},"content":{"rendered":"<p>Dieses Medienereignis ist an mir vor\u00fcber gegangen, da ich einen Tag nicht online war. Nun kann ich den Ausgangstext auf SPON nicht mehr selber lesen, da sie ihn offenbar &#8222;wg. Shitstorm&#8220; entfernt haben.<\/p>\n<p>Aber ich kann mir genug aus den erschienenen Postings und Kommentaren zusammen reimen. Und ja, ich finde auch, dass die Sensations-geile Presse, die News aus Nichts kreieren will, um uns Klickvieh Futter zu geben, sich \u00fcblerweise keine Gedanken macht, was ihr Zusammengeschustere bewirken mag.<!--more--><\/p>\n<p>Dennoch: Ich glaube NICHT, dass es wirklich funktioniert, mittels der blo\u00dfen Reihung von wahren oder unwahren Behauptungen (er sei Autist, Asperger oder was auch immer\u2026) das gesellschaftliche Image der jeweils Benannten neu zu definieren!<\/p>\n<p><strong>W\u00e4re er Moslem gewesen, DANN<\/strong> h\u00e4tte die Benennung dieses Fakts Gem\u00fctswellen verst\u00e4rkt, die bereits da sind. Aber mal ehrlich: AUTISTEN mit Gewaltbereitschaft zu verbinden .- meint Ihr ernsthaft, das k\u00f6nnte gelingen?<\/p>\n<p>Autisten \u2013 ich kenne keine\/n pers\u00f6nlich \u2013 haben aus meiner Erfahrung ein ganz ANDERES IMAGE: Irgendwie verr\u00fcckte Leute, die ein Problem mit Kommunikation und menschlicher N\u00e4he haben, weil ihre Wahrnehmung ihrer selbst und der Welt eine andere ist. Diesem \u201cNachteil\u201d stehen oft diverse geniale Benefits gegen\u00fcber \u2013 zumindest in der \u201ckolportierten\u201d gesellschaftlichen Erz\u00e4hlung, die ja auch von Medien der letzten 30 Jahre geschaffen wurde.<\/p>\n<p>Platt gesagt, ordnet man die Autisten eher den Sch\u00fcchternen zu, die lieber gar nicht mit der Mitmensch-Welt in un\u00fcbersichtlichen Kontakt kommen wollen. Sondern sich an irgendwelchen Ordnungen festhalten, seien es wiederholte Verhaltensweisen, Repetieren von Bewusstseinsinhalten oder die Neigung f\u00fcr abstrakte Gedankenweltem wie Schach, Mathematik o.\u00e4.<\/p>\n<p>Die Autisten umweht ein Geheimnis: \u201cauto\u201d hei\u00dft \u201cselbst\u201d \u2013 und Autisten sind sich anscheinend selbst genug. Das ist etwas, was \u201cNormalen\u201d nicht so leicht f\u00e4llt, vorsichtig gesagt \u2013 insofern ist der gesellschaftlich imaginierte Autist auch ein Faszinosum.<\/p>\n<p>Wie gesagt: ich habe keine Ahnung von realen Autisten. Kenne nicht mal einen Freund, dessen Freund einen Autisten kennt. Aber hier geht es ja gerade um ein MEDIEN-Ereignis \u2013 genau wie das von mir geschilderte \u201cBild des Autisten\u201d durch MEDIEN erschaffen wurde.<\/p>\n<p>Dass eine Autistin bloggt, wundert mich jetzt z.B. \u2013 andrerseits auch nicht, weil das ja eine sehr kontrollierte Form des Umgangs mit der Mitmenschwelt ist (die ich selber auch sehr sch\u00e4tze!).<br \/>\nLanger Rede kurzer Sinn: Ich glaube, Angst ist nicht angebracht. Das etablierte Bild der Autisten ist so FERN von Gewaltbereitschaft, dass ein einziger bl\u00f6der SPON-Artikel daran nicht wirklich kratzen wird.<\/p>\n<p>***<\/p>\n<p>Mehr dazu:<\/p>\n<ul>\n<li>Doch wieder da: <a href=\"http:\/\/www.spiegel.de\/gesundheit\/psychologie\/adam-lanza-litt-der-amoklaeufer-von-newtown-am-asperger-syndrom-a-873088.html\">der Urspungsartikel auf SPON<\/a> (diese Benennung eines Links w\u00e4re z.B. SICHER im Sinne des k\u00fcnftigen &#8222;Leistungsschutzrechts&#8220;, das die Verleger durchdr\u00fccken wollen. Ziemlich arm, findet Ihr nicht?<\/li>\n<\/ul>\n<ul>\n<li>Aspergerfrauen: <a title=\"Mein Name ist Sabine und ich bin keine Massenm\u00f6rderin (Ein Statement zur Medienberichterstattung)\" href=\"http:\/\/aspergerfrauen.wordpress.com\/2012\/12\/15\/mein-name-ist-sabine-und-ich-bin-keine-massenmorderin\/\" target=\"_blank\">Mein Name ist Sabine und ich bin keine Massenm\u00f6rderin (Ein Statement zur Medienberichterstattung)<\/a><\/li>\n<li>Autzeit: <a title=\"Fremdbestimmt\" href=\"http:\/\/autzeit.wordpress.com\/2012\/12\/15\/fremdbestimmt\/\" target=\"_blank\">Fremdbestimmt<\/a><\/li>\n<li>Die Amy bloggt: <a title=\"OT: Newtown, Connecticut\" href=\"http:\/\/dieamy.wordpress.com\/2012\/12\/16\/ot-newton-connecticut\/\" target=\"_blank\">OT: Newtown, Connecticut<\/a><\/li>\n<li>Fotobus: <a title=\"Ich t\u00f6te keine Menschen\" href=\"http:\/\/dasfotobus.wordpress.com\/2012\/12\/16\/ich-tote-keine-menschen\/\" target=\"_blank\">Ich t\u00f6te keine Menschen<\/a><\/li>\n<li>Fuchskind: <a title=\"Feiertagsblues\" href=\"http:\/\/www.fuchskind.de\/?nav=blog&amp;seite=291\" target=\"_blank\">Feiertagsblues<\/a><\/li>\n<li>Quergedachtes: <a title=\"Autismus: Das Medienbild und die Wirklichkeit\" href=\"https:\/\/quergedachtes.wordpress.com\/2012\/12\/15\/autismus-das-medienbild-und-die-wirklichkeit\/\" target=\"_blank\">Autismus: Das Medienbild und die Wirklichkeit<\/a><\/li>\n<li>Realit\u00e4tsfilter: <a title=\"Lieber Spiegel-Online \" href=\"http:\/\/realitaetsfilter.com\/2012\/12\/15\/lieber-spiegel-online\/\" target=\"_blank\">Lieber Spiegel-Online <\/a><\/li>\n<li>Jens Scholz: <a title=\"Fickt euch, Medien!\" href=\"http:\/\/jensscholz.com\/index.php\/2012\/12\/16\/fickt-euch-medien\" target=\"_blank\">Fickt euch, Medien!<\/a><\/li>\n<\/ul>","protected":false},"excerpt":{"rendered":"<p>Dieses Medienereignis ist an mir vor\u00fcber gegangen, da ich einen Tag nicht online war. Nun kann ich den Ausgangstext auf SPON nicht mehr selber lesen, da sie ihn offenbar &#8222;wg. Shitstorm&#8220; entfernt haben. Aber ich kann mir genug aus den erschienenen Postings und Kommentaren zusammen reimen. Und ja, ich finde auch, dass die Sensations-geile Presse, [&hellip;]<\/p>\n","protected":false},"author":1,"featured_media":0,"comment_status":"open","ping_status":"open","sticky":false,"template":"","format":"standard","meta":[],"categories":[8],"tags":[],"post_mailing_queue_ids":[],"_links":{"self":[{"href":"https:\/\/www.claudia-klinger.de\/digidiary\/wp-json\/wp\/v2\/posts\/980"}],"collection":[{"href":"https:\/\/www.claudia-klinger.de\/digidiary\/wp-json\/wp\/v2\/posts"}],"about":[{"href":"https:\/\/www.claudia-klinger.de\/digidiary\/wp-json\/wp\/v2\/types\/post"}],"author":[{"embeddable":true,"href":"https:\/\/www.claudia-klinger.de\/digidiary\/wp-json\/wp\/v2\/users\/1"}],"replies":[{"embeddable":true,"href":"https:\/\/www.claudia-klinger.de\/digidiary\/wp-json\/wp\/v2\/comments?post=980"}],"version-history":[{"count":0,"href":"https:\/\/www.claudia-klinger.de\/digidiary\/wp-json\/wp\/v2\/posts\/980\/revisions"}],"wp:attachment":[{"href":"https:\/\/www.claudia-klinger.de\/digidiary\/wp-json\/wp\/v2\/media?parent=980"}],"wp:term":[{"taxonomy":"category","embeddable":true,"href":"https:\/\/www.claudia-klinger.de\/digidiary\/wp-json\/wp\/v2\/categories?post=980"},{"taxonomy":"post_tag","embeddable":true,"href":"https:\/\/www.claudia-klinger.de\/digidiary\/wp-json\/wp\/v2\/tags?post=980"}],"curies":[{"name":"wp","href":"https:\/\/api.w.org\/{rel}","templated":true}]}}