{"id":970,"date":"2012-11-30T11:34:11","date_gmt":"2012-11-30T10:34:11","guid":{"rendered":"http:\/\/www.claudia-klinger.de\/digidiary\/?p=970"},"modified":"2012-12-05T16:55:39","modified_gmt":"2012-12-05T15:55:39","slug":"stoppt-das-leistungsschutzrecht","status":"publish","type":"post","link":"https:\/\/www.claudia-klinger.de\/digidiary\/2012\/11\/30\/stoppt-das-leistungsschutzrecht\/","title":{"rendered":"Stoppt das Leistungsschutzrecht!"},"content":{"rendered":"<p><iframe loading=\"lazy\" src=\"http:\/\/player.vimeo.com\/video\/54522255?badge=0\" width=\"500\" height=\"213\" frameborder=\"0\" webkitAllowFullScreen mozallowfullscreen allowFullScreen><\/iframe> <\/p>\n<p><a href=\"http:\/\/vimeo.com\/54522255\">Leistungsschutzrecht stoppen!<\/a> from <a href=\"http:\/\/vimeo.com\/user9409597\">D64<\/a> on <a href=\"http:\/\/vimeo.com\">Vimeo<\/a>.<\/p>\n<blockquote><p>&#8222;Wir wissen alle, dass das geplante Leistungsschutzrecht purer Bl\u00f6dsinn ist. Die Koalition weiss es, die Opposition weiss es, alle wissen es, aber das Gesetz wird kommen, weil die Verlegerlobby es so will und die Politik Angst vor einem Wahlkampf hat, wenn sie jetzt gegen die Interessen der Verlage vorgeht. So geht Politik, Christoph Keese hat das eindrucksvoll bewiesen und f\u00fchrt nun gemeinsam mit Hubert Burda vor, wie die Verlage Einflu\u00df auf die Politik nehmen k\u00f6nnen mit einem Gesetz, das niemandem helfen wird, auch den Verlagen nicht.&#8220;  <a href=\"http:\/\/lumma.de\/2012\/11\/29\/leistungsschutzrecht-stoppen\/\">(Lummaland)<\/a> <\/p><\/blockquote>\n<p><!--more--><br \/>\n***<\/p>\n<h2>Aufruf von D64 &#8211; Zentrum f\u00fcr digitalen Fortschritt:<\/h2>\n<p>Helft mit und informiert eure Freunde \u00fcber die Auswirkungen des Leistungsschutzrechts!<\/p>\n<p>1. Teilt dieses Video!<br \/>\n2. Nutzt den URL-Shortener!<br \/>\n3. Wenn ihr ein WordPress-Blog habt, nutzt das Plugin!<\/p>\n<p>Wie? <a href=\"http:\/\/leistungsschutzrecht-stoppen.d-64.org\/\">Steht hier.<\/a> <\/p><\/blockquote>\n<p>***<\/p>\n<h2>Gemeinsame Erkl\u00e4rung der Jungen Union, Jusos, Gr\u00fcnen Jugend, Jungen Liberalen und Jungen Piraten:<\/h2>\n<p> <a href=\"http:\/\/www.junge-union.de\/content\/presse\/mitteilungen\/1366\/\">Leistungsschutzrechtsgesetz ist Eingriff in Freiheit des Internets!<\/a><\/p>\n<blockquote><p>\u201cWir lehnen die Einf\u00fchrung eines Leistungsschutzrechts f\u00fcr Presseverlage ab. Derzeit stellen viele Verlage ihre Inhalte freiwillig kostenfrei und f\u00fcr jedermann zug\u00e4nglich ins Netz. Sie tun dies, um \u00f6ffentlich wahrgenommen zu werden und um Werbeeinnahmen zu generieren. Es gibt bereits jetzt die technischen M\u00f6glichkeiten, Inhalte im Netz dem Zugriff durch Suchmaschinen und News-Aggregatoren zu entziehen. Damit bleibt es den Verlagen unbenommen, den Zugriff und die Zugriffsbedingungen f\u00fcr ihre Inhalte zu steuern und auszugestalten. Eine Schutzl\u00fccke gibt es nicht. Es ist uns unbegreiflich, dass der Gesetzgeber der Argumentation der Verlegerverb\u00e4nde folgt, es m\u00fcsse eine L\u00fccke geschlossen werden.&#8220;<\/p><\/blockquote>\n<p>***<\/p>\n<h2>Presse-Leistungsschutzrecht: Ein Schaden f\u00fcr die Gesellschaft<\/h2>\n<blockquote><p>&#8220; Wenn sich alle gro\u00dfen Verlage Deutschlands zusammentun, um in einer <a href=\"http:\/\/www.axelspringer.de\/downloads\/153453\/Hamburger_Erklaerung.pdf\">\u201eHamburger Erkl\u00e4rung\u201d<\/a> ein Leistungsschutzrecht f\u00fcr Presse-Verlage fordern und diese Forderung <a href=\"http:\/\/www.welt.de\/welt_print\/article3637038\/Ablasshandel-in-Sachen-geistiger-Enteignung.html\">jahrelang<\/a> <a href=\"http:\/\/www.handelsblatt.com\/unternehmen\/it-medien\/springer-chef-doepfner-depression-ist-voellig-unangebracht\/3631262.html\">\u00fcber<\/a> alle <a href=\"http:\/\/www.faz.net\/aktuell\/feuilleton\/debatten\/geistiges-eigentum-verleger-fordern-schutz-im-internet-1814962.html\">publizistischen<\/a> <a href=\"http:\/\/blog.handelsblatt.com\/mediawatcher\/2010\/10\/04\/das-ende-des-digitalen-raubrittertums-im-internet\/\">Kan\u00e4le<\/a> <a href=\"http:\/\/www.welt.de\/welt_print\/kultur\/article5938632\/Die-Kostenlos-Kultur-des-Internets-kann-teuer-kommen.html\">unterstreichen<\/a>, ist das nichts anderes als Kampagnen-Journalismus. Google auf der anderen Seite <a href=\"http:\/\/www.focus.de\/finanzen\/news\/unternehmen\/kampagne-gegen-das-leistungsschutzrecht-googles-ueble-propaganda-empoert-presseverlage_aid_869137.html\">\u201e\u00fcble Propaganda\u201c<\/a> und einen <a href=\"http:\/\/www.sueddeutsche.de\/digital\/kampagne-gegen-leistungsschutzrecht-googles-scheinheiliger-kampf-1.1534914\">\u201escheinheiligen Kampf\u201d<\/a> gegen ein harmloses Gesetz vorzuwerfen, ist an Heuchelei kaum zu \u00fcberbieten. &#8220; (<a href=\"http:\/\/www.telemedicus.info\/article\/2482-Presse-Leistungsschutzrecht-Ein-Schaden-fuer-die-Gesellschaft.html\">Telemedicus<\/a>)<\/p><\/blockquote>\n<p>***<\/p>\n<h2>Stellungnahme des Max-Planck-Instituts f\u00fcr Immaterialg\u00fcter- und Wettbewerbsrecht zum Leistungsschutzrecht f\u00fcr Verleger:<\/h2>\n<blockquote><p>&#8222;Der Bedarf f\u00fcr ein solches Schutzrecht wurde bislang in keiner Weise nachgewiesen. Es besteht die Gefahr unabsehbarer negativer Folgen.&#8220;<\/p>\n<p><a href=\"http:\/\/www.ip.mpg.de\/files\/pdf2\/Stellungnahme_zum_Leistungsschutzrecht_fuer_Verleger.pdf\">http:\/\/www.ip.mpg.de\/files\/pdf2\/Stellungnahme_zum_Leistungsschutzrecht_fuer_Verleger.pdf<\/a><\/p><\/blockquote>\n<p>***<br \/>\nMehr dazu: <\/p>\n<ul>\n<li><a href=\"http:\/\/carta.info\/51666\/die-lsr-bundesnacht-auf-twitter\/\">Netzlese: Die #LSR-Bundesnacht auf Twitter<\/a> &#8211; CARTA<\/li>\n<li>\n<a href=\"http:\/\/gruen-digital.de\/2012\/11\/video-der-gestrigen-bundestags-debatte-zum-leistungsschutzrecht-online\/\">Video der gestrigen Bundestags-Debatte zum Leistungsschutzrecht online<\/a> (35 Minuten, tief nachts)<\/li>\n<li><a href=\"http:\/\/www.cicero.de\/blog\/christian-jakubetz-unhipster\/2012-11-30\/das-gesetz-zur-machtprobe\">Das Gesetz zur Machtprobe<\/a> &#8211; CICERO (hier hab ich widersprochen \/ <a href=\"http:\/\/www.cicero.de\/blog\/christian-jakubetz-unhipster\/2012-11-30\/das-gesetz-zur-machtprobe#comment-28931\">kommentiert<\/a>, wartet noch auf Freischaltung;<\/li>\n<li><a href=\"http:\/\/netzwertig.com\/2012\/11\/30\/das-leistungsschutzrecht-der-finale-endgegner\/\">Der finale Endgegner<\/a> &#8211; Netzwertig.com<\/li>\n<li><a href=\"http:\/\/www.seo-united.de\/blog\/internet\/die-losung-im-lsr-streit.htm\">Die (technische) L\u00f6sung im LSR-Streit<\/a> &#8211; SEO-united.de<\/li>\n<li><a href=\"http:\/\/www.internet-law.de\/2012\/11\/wie-geht-es-mit-dem-leistungsschutzrecht-weiter.html\">Wie es mit dem Leistungsschutrecht weiter geht<\/a> &#8211; Internet-Law;<\/li>\n<\/ul>","protected":false},"excerpt":{"rendered":"<p>Leistungsschutzrecht stoppen! from D64 on Vimeo. &#8222;Wir wissen alle, dass das geplante Leistungsschutzrecht purer Bl\u00f6dsinn ist. Die Koalition weiss es, die Opposition weiss es, alle wissen es, aber das Gesetz wird kommen, weil die Verlegerlobby es so will und die Politik Angst vor einem Wahlkampf hat, wenn sie jetzt gegen die Interessen der Verlage vorgeht. [&hellip;]<\/p>\n","protected":false},"author":1,"featured_media":0,"comment_status":"open","ping_status":"open","sticky":false,"template":"","format":"standard","meta":[],"categories":[7],"tags":[],"post_mailing_queue_ids":[],"_links":{"self":[{"href":"https:\/\/www.claudia-klinger.de\/digidiary\/wp-json\/wp\/v2\/posts\/970"}],"collection":[{"href":"https:\/\/www.claudia-klinger.de\/digidiary\/wp-json\/wp\/v2\/posts"}],"about":[{"href":"https:\/\/www.claudia-klinger.de\/digidiary\/wp-json\/wp\/v2\/types\/post"}],"author":[{"embeddable":true,"href":"https:\/\/www.claudia-klinger.de\/digidiary\/wp-json\/wp\/v2\/users\/1"}],"replies":[{"embeddable":true,"href":"https:\/\/www.claudia-klinger.de\/digidiary\/wp-json\/wp\/v2\/comments?post=970"}],"version-history":[{"count":0,"href":"https:\/\/www.claudia-klinger.de\/digidiary\/wp-json\/wp\/v2\/posts\/970\/revisions"}],"wp:attachment":[{"href":"https:\/\/www.claudia-klinger.de\/digidiary\/wp-json\/wp\/v2\/media?parent=970"}],"wp:term":[{"taxonomy":"category","embeddable":true,"href":"https:\/\/www.claudia-klinger.de\/digidiary\/wp-json\/wp\/v2\/categories?post=970"},{"taxonomy":"post_tag","embeddable":true,"href":"https:\/\/www.claudia-klinger.de\/digidiary\/wp-json\/wp\/v2\/tags?post=970"}],"curies":[{"name":"wp","href":"https:\/\/api.w.org\/{rel}","templated":true}]}}