{"id":952,"date":"2012-11-16T20:10:32","date_gmt":"2012-11-16T19:10:32","guid":{"rendered":"http:\/\/www.claudia-klinger.de\/digidiary\/?p=952"},"modified":"2016-02-02T11:38:09","modified_gmt":"2016-02-02T10:38:09","slug":"in-memoriam-ullas-letztes-foto","status":"publish","type":"post","link":"https:\/\/www.claudia-klinger.de\/digidiary\/2012\/11\/16\/in-memoriam-ullas-letztes-foto\/","title":{"rendered":"In Memoriam: Ullas letztes Foto"},"content":{"rendered":"<p><img decoding=\"async\" loading=\"lazy\" src=\"https:\/\/www.claudia-klinger.de\/digidiary\/wp-content\/uploads\/2012\/11\/ulla.jpg\" alt=\"\" title=\"ulla\" width=\"202\" height=\"202\" class=\"alignleft size-full wp-image-954\" srcset=\"https:\/\/www.claudia-klinger.de\/digidiary\/wp-content\/uploads\/2012\/11\/ulla.jpg 202w, https:\/\/www.claudia-klinger.de\/digidiary\/wp-content\/uploads\/2012\/11\/ulla-150x150.jpg 150w\" sizes=\"(max-width: 202px) 100vw, 202px\" \/>Mit den <a href=\"https:\/\/www.claudia-klinger.de\/digidiary\/2012\/11\/08\/lieben-heist-mitfuhlen-und-auch-mitleiden\/#comment-17251\">Erinnerungen an meine vergangenen Schreibkurse<\/a> kam auch die Erinnerung an <strong>Ulla de Pellegrini<\/strong>, die fast alle Kurse mitgemacht hat. Sie war eine mutige Frau, die sich traute, auch einfach mal nach Afrika auszuwandern &#8211; und nach einem Jahr zur\u00fcckzukehren, mit nichts als einer Tasche, und nochmal neu anzufangen.<br \/>\n<!--more--><br \/>\nSie hat viel zur Stimmung in den Kursen beigetragen, schrieb offen \u00fcber alles in ihrem Leben, das Sch\u00f6ne und das weniger Sch\u00f6ne. Das tat sie auch in ihrem Blog, das mittlerweile verschwunden ist. Dort hat sie bis fast zu ihrem letzten Tag gepostet &#8211; und als sie dann am 5.November 2007 mit 61 starb, schrieben Leser\/innen noch viele Monate lang liebe Abschiedsworte. <\/p>\n<h2>Unser Leben ist in Sand geschrieben<\/h2>\n<p>Ulla lebte bereits viele Jahre mit einem inoperablen Hirnaneurysma als ich sie kennen lernte. Alle, die das wussten (sie machte kein Geheimnis daraus), bewunderten ihre St\u00e4rke. Immerhin ist das ein Leben &#8222;unter dem Fallbeil&#8220;: im Grunde kann sowas jederzeit platzen, bei bestimmten Anstrengungen zum Beispiel, ganz abrupt ist dann Schluss. <\/p>\n<p><a href=\"http:\/\/www.fotolog.net\/pellegrini\/29006983\/#profile_start\"><img decoding=\"async\" loading=\"lazy\" src=\"https:\/\/www.claudia-klinger.de\/digidiary\/wp-content\/uploads\/2012\/11\/letztes.jpg\" alt=\"Ullas letztes Foto\" title=\"Ullas letztes Foto\" width=\"470\" height=\"313\" class=\"aligncenter size-full wp-image-953\" srcset=\"https:\/\/www.claudia-klinger.de\/digidiary\/wp-content\/uploads\/2012\/11\/letztes.jpg 470w, https:\/\/www.claudia-klinger.de\/digidiary\/wp-content\/uploads\/2012\/11\/letztes-300x199.jpg 300w\" sizes=\"(max-width: 470px) 100vw, 470px\" \/><\/a><\/p>\n<p>Sie lebte dennoch kein Leben &#8222;mit R\u00fccksicht aufs Risiko&#8220;, sondern wollte lieber genie\u00dfen, was es zu genie\u00dfen gab, so lange es eben w\u00e4hrte. Und sie hatte recht damit, denn gestorben ist sie nicht am Aneurysma, sondern an Bauchspeicheldr\u00fcsenkrebs &#8211; die <a href=\"http:\/\/www.krebs-kompass.org\/archive\/index.php?t-23442.html\">niederschmetternde Diagnose<\/a> bekam sie im Februar 2007.<\/p>\n<p>In ihrem letzten Jahr erlebte sie noch die Freude, Frieden mit ihren erwachsenen Kindern zu schlie\u00dfen (mit denen sie lange uneins war. Sie machte mit ihrem Sohn eine letzte Reise nach Frankreich, ans Meer &#8211; und seltsamerweise ist die &#8222;Fu\u00dfspur im Sand&#8220; <a href=\"http:\/\/www.fotolog.net\/pellegrini\/29006983\/#profile_start\">das letzte Foto<\/a>, das es von ihr im Internet gibt. <\/p>\n<p>Ja, sie war eine begeisterte Fotografin! Und so gibt es noch viele Bilder von ihr im Web &#8211; neben <a href=\"http:\/\/www.flickr.com\/photos\/95648671@N00\">Flickr<\/a> auch auf <a href=\"http:\/\/www.fotolog.net\/pellegrini\/mosaic\/\">Fotolog.net<\/a>, bei der <a href=\"http:\/\/www.fotocommunity.de\/fotografin\/ulla-de-pellegrini\/416456\">Foto-Community<\/a> und <a href=\"http:\/\/www.africanews.com\/site\/Ulla_de_Pellegrini_Gambia\/list_messages\/2589\">Africanews.com<\/a>.  Zudem gibt es <a href=\"http:\/\/www.fotolog.com\/marcelvangunst\/70379885\/\">Gedenkseiten<\/a> und sogar einen <a href=\"http:\/\/www.fotolog.com\/love_to_ulla\/mosaic\/\">&#8222;Fan-Club Love-to-Ulla&#8220;.<\/a> <\/p>\n<h2>Wer viel gibt, lebt l\u00e4nger&#8230;<\/h2>\n<p>Eigentlich wollte sie mir die Festplatte mit ihrem Bildern vermachen. Es ist dann aber nicht dazu gekommen, ich wollte die Nachkommen &#8211; nach einem kurzen Kontakt &#8211; nicht weiter damit bel\u00e4stigen. Ist ja auch gar nicht n\u00f6tig: die Bilder sind im Web, zu tausenden!<\/p>\n<p>Wir schreiben unser Leben in den Sand, doch im Netz halten sich die Spuren etwas l\u00e4nger. Allerdings nur dann, wenn wir unsere Sch\u00e4tze weitr\u00e4umig verteilen. Ihre eigene Domain Altweibersommer wurde n\u00e4mlich &#8222;frei gegeben&#8220; &#8211; und wie das dann halt so passiert, von einem Domaingrabber aufgepickt und &#8222;umgenutzt&#8220; <em>(zeigt jetzt auf eine Sex-Seite mit \u00e4lteren Semestern. Ich glaube, Ulla w\u00e4re nicht mal sauer gewesen!)<\/em> Dennoch: das lasse ich auch mir eine Lehre sein und werde zusehen, meine Texte wieder mehr auf die Reise zu schicken. <\/p>\n<p>Danke Ulla! Du warst eine wunderbare Frau!<\/p>","protected":false},"excerpt":{"rendered":"<p>Mit den Erinnerungen an meine vergangenen Schreibkurse kam auch die Erinnerung an Ulla de Pellegrini, die fast alle Kurse mitgemacht hat. Sie war eine mutige Frau, die sich traute, auch einfach mal nach Afrika auszuwandern &#8211; und nach einem Jahr zur\u00fcckzukehren, mit nichts als einer Tasche, und nochmal neu anzufangen.<\/p>\n","protected":false},"author":1,"featured_media":0,"comment_status":"open","ping_status":"open","sticky":false,"template":"","format":"standard","meta":[],"categories":[7],"tags":[],"post_mailing_queue_ids":[],"_links":{"self":[{"href":"https:\/\/www.claudia-klinger.de\/digidiary\/wp-json\/wp\/v2\/posts\/952"}],"collection":[{"href":"https:\/\/www.claudia-klinger.de\/digidiary\/wp-json\/wp\/v2\/posts"}],"about":[{"href":"https:\/\/www.claudia-klinger.de\/digidiary\/wp-json\/wp\/v2\/types\/post"}],"author":[{"embeddable":true,"href":"https:\/\/www.claudia-klinger.de\/digidiary\/wp-json\/wp\/v2\/users\/1"}],"replies":[{"embeddable":true,"href":"https:\/\/www.claudia-klinger.de\/digidiary\/wp-json\/wp\/v2\/comments?post=952"}],"version-history":[{"count":0,"href":"https:\/\/www.claudia-klinger.de\/digidiary\/wp-json\/wp\/v2\/posts\/952\/revisions"}],"wp:attachment":[{"href":"https:\/\/www.claudia-klinger.de\/digidiary\/wp-json\/wp\/v2\/media?parent=952"}],"wp:term":[{"taxonomy":"category","embeddable":true,"href":"https:\/\/www.claudia-klinger.de\/digidiary\/wp-json\/wp\/v2\/categories?post=952"},{"taxonomy":"post_tag","embeddable":true,"href":"https:\/\/www.claudia-klinger.de\/digidiary\/wp-json\/wp\/v2\/tags?post=952"}],"curies":[{"name":"wp","href":"https:\/\/api.w.org\/{rel}","templated":true}]}}