{"id":951,"date":"2012-11-12T11:28:46","date_gmt":"2012-11-12T10:28:46","guid":{"rendered":"http:\/\/www.claudia-klinger.de\/digidiary\/?p=951"},"modified":"2012-11-12T11:29:54","modified_gmt":"2012-11-12T10:29:54","slug":"tacheles-rede-aus-portugal-uber-deutschland","status":"publish","type":"post","link":"https:\/\/www.claudia-klinger.de\/digidiary\/2012\/11\/12\/tacheles-rede-aus-portugal-uber-deutschland\/","title":{"rendered":"Tacheles-Rede aus Portugal \u00fcber Deutschland"},"content":{"rendered":"<p>Mal anschauen: Video mit interessanten Infos \u00fcber die Entwicklung in Portugal unter besonderer Ber\u00fccksichtigung des Verh\u00e4ltnisses zu Deutschland. <\/p>\n<p><iframe loading=\"lazy\" width=\"470\" height=\"264\" src=\"http:\/\/www.youtube.com\/embed\/_gwvHs0cg0I\" frameborder=\"0\" allowfullscreen><\/iframe><\/p>\n<p>Angeblich sollte das <a href=\"http:\/\/uhupardo.wordpress.com\/2012\/11\/11\/merkels-regierung-will-offentliche-ausstrahlung-eines-videos-uber-portugals-sparpolitik-verhindern\/\">von &#8222;Merkels Regierung unterdr\u00fcckt&#8220; werden<\/a>, doch kann keiner der Blogger, die das mal eben so kolportieren, dazu n\u00e4here Angaben machen. Schlie\u00dflich hat bei uns nicht Merkel das Sagen, welche Filme gezeigt werden d\u00fcrfen und welche nicht!<\/p>","protected":false},"excerpt":{"rendered":"<p>Mal anschauen: Video mit interessanten Infos \u00fcber die Entwicklung in Portugal unter besonderer Ber\u00fccksichtigung des Verh\u00e4ltnisses zu Deutschland. Angeblich sollte das von &#8222;Merkels Regierung unterdr\u00fcckt&#8220; werden, doch kann keiner der Blogger, die das mal eben so kolportieren, dazu n\u00e4here Angaben machen. Schlie\u00dflich hat bei uns nicht Merkel das Sagen, welche Filme gezeigt werden d\u00fcrfen und [&hellip;]<\/p>\n","protected":false},"author":1,"featured_media":0,"comment_status":"open","ping_status":"open","sticky":false,"template":"","format":"standard","meta":[],"categories":[8],"tags":[],"post_mailing_queue_ids":[],"_links":{"self":[{"href":"https:\/\/www.claudia-klinger.de\/digidiary\/wp-json\/wp\/v2\/posts\/951"}],"collection":[{"href":"https:\/\/www.claudia-klinger.de\/digidiary\/wp-json\/wp\/v2\/posts"}],"about":[{"href":"https:\/\/www.claudia-klinger.de\/digidiary\/wp-json\/wp\/v2\/types\/post"}],"author":[{"embeddable":true,"href":"https:\/\/www.claudia-klinger.de\/digidiary\/wp-json\/wp\/v2\/users\/1"}],"replies":[{"embeddable":true,"href":"https:\/\/www.claudia-klinger.de\/digidiary\/wp-json\/wp\/v2\/comments?post=951"}],"version-history":[{"count":0,"href":"https:\/\/www.claudia-klinger.de\/digidiary\/wp-json\/wp\/v2\/posts\/951\/revisions"}],"wp:attachment":[{"href":"https:\/\/www.claudia-klinger.de\/digidiary\/wp-json\/wp\/v2\/media?parent=951"}],"wp:term":[{"taxonomy":"category","embeddable":true,"href":"https:\/\/www.claudia-klinger.de\/digidiary\/wp-json\/wp\/v2\/categories?post=951"},{"taxonomy":"post_tag","embeddable":true,"href":"https:\/\/www.claudia-klinger.de\/digidiary\/wp-json\/wp\/v2\/tags?post=951"}],"curies":[{"name":"wp","href":"https:\/\/api.w.org\/{rel}","templated":true}]}}