{"id":934,"date":"2012-10-13T10:28:54","date_gmt":"2012-10-13T09:28:54","guid":{"rendered":"http:\/\/www.claudia-klinger.de\/digidiary\/?p=934"},"modified":"2012-10-13T10:31:26","modified_gmt":"2012-10-13T09:31:26","slug":"50-euro-pro-jahr-das-soll-zuviel-fur-die-energiewende-sein","status":"publish","type":"post","link":"https:\/\/www.claudia-klinger.de\/digidiary\/2012\/10\/13\/50-euro-pro-jahr-das-soll-zuviel-fur-die-energiewende-sein\/","title":{"rendered":"50 Euro pro Jahr: das soll ZUVIEL f\u00fcr die Energiewende sein?"},"content":{"rendered":"<p>Ich glaub, ich spinne! Das Generve um die Strompreise, das derzeit von SchwarzGelb gegen das Gesetzt zur Finanzierung der erneuerbaren Energien vorgetragen wird, ist heuchlerisch und extrem kurzsichtig. Zitat aus dem FREITAG:<\/p>\n<blockquote><p>Am 15. Oktober legt die Bundesnetzagentur fest, wie viel die Deutschen zus\u00e4tzlich f\u00fcr den Ausbau der Erneuerbaren Energien \u00fcber ihre Stromrechnung zahlen. Von jetzt 3,6 Cent pro Kilowattstunde d\u00fcrfte die \u00d6ko-Umlage auf mehr als 5 Cent steigen \u2013 eine vierk\u00f6pfige Familie m\u00fcsste dann etwa 50 Euro mehr im Jahr f\u00fcr ihren Strom bezahlen. Und schon haben ausgerechnet Politiker von Union und Liberalen eine Debatte dar\u00fcber begonnen, ob die Energiewende \u00fcberhaupt sozial vertr\u00e4glich zu machen sei.<\/p><\/blockquote>\n<p>Lest den ganze Artikel, etwas hysterisch \u00fcberschrieben mit <a href=\"http:\/\/www.freitag.de\/autoren\/bvb\/auf-in-die-letzte-schlacht#\">&#8222;Auf in die letzte Schlacht!&#8220;<\/a>, aber in der Sache richtig. Und sehr bildend und lehrreich bez\u00fcglich der Geschichte des EEG und der K\u00e4mpfe, die sich rundherum abspielten und gerade wieder zuspitzen. <!--more--><\/p>\n<p>Es ist ein Trauerspiel, dass es immer noch viele Menschen gibt, die offenbar bereit sind, die Zukunft zu opfern f\u00fcr ein paar Euro mehr! Was sind schon 50 Euro pro Jahr f\u00fcr vier Personen? Sollen deshalb lieber Kohlekraftwerke auf Hochtouren laufen und die AKWs weiter machen bis zum finalen St\u00f6rfall?<\/p>\n<p>Ganz allgemein denke ich, dass wir uns daran gew\u00f6hnen sollten, f\u00fcr Energie und Rohstoffe, insbesondere auch f\u00fcr gutes Essen MEHR GELD auszugeben. Das ist angemessen und richtig so, denn Nachhaltigkeit und Qualit\u00e4t gibt es nicht als &#8222;Schn\u00e4ppchen&#8220;. Daf\u00fcr muss man halt mal \u00f6fter die Imbiss-St\u00e4nde ignorieren, auf ein paar &#8222;Gadgets&#8220; und Markenklamotten verzichten, und irgendwann vielleicht sogar aufs Fahrrad und \u00d6PNV umsteigen (au\u00dfer man wohnt auf dem Land). Ginge deshalb die Welt unter? Wohl kaum!<\/p>","protected":false},"excerpt":{"rendered":"<p>Ich glaub, ich spinne! Das Generve um die Strompreise, das derzeit von SchwarzGelb gegen das Gesetzt zur Finanzierung der erneuerbaren Energien vorgetragen wird, ist heuchlerisch und extrem kurzsichtig. Zitat aus dem FREITAG: Am 15. Oktober legt die Bundesnetzagentur fest, wie viel die Deutschen zus\u00e4tzlich f\u00fcr den Ausbau der Erneuerbaren Energien \u00fcber ihre Stromrechnung zahlen. Von [&hellip;]<\/p>\n","protected":false},"author":1,"featured_media":0,"comment_status":"open","ping_status":"open","sticky":false,"template":"","format":"standard","meta":[],"categories":[8],"tags":[],"post_mailing_queue_ids":[],"_links":{"self":[{"href":"https:\/\/www.claudia-klinger.de\/digidiary\/wp-json\/wp\/v2\/posts\/934"}],"collection":[{"href":"https:\/\/www.claudia-klinger.de\/digidiary\/wp-json\/wp\/v2\/posts"}],"about":[{"href":"https:\/\/www.claudia-klinger.de\/digidiary\/wp-json\/wp\/v2\/types\/post"}],"author":[{"embeddable":true,"href":"https:\/\/www.claudia-klinger.de\/digidiary\/wp-json\/wp\/v2\/users\/1"}],"replies":[{"embeddable":true,"href":"https:\/\/www.claudia-klinger.de\/digidiary\/wp-json\/wp\/v2\/comments?post=934"}],"version-history":[{"count":0,"href":"https:\/\/www.claudia-klinger.de\/digidiary\/wp-json\/wp\/v2\/posts\/934\/revisions"}],"wp:attachment":[{"href":"https:\/\/www.claudia-klinger.de\/digidiary\/wp-json\/wp\/v2\/media?parent=934"}],"wp:term":[{"taxonomy":"category","embeddable":true,"href":"https:\/\/www.claudia-klinger.de\/digidiary\/wp-json\/wp\/v2\/categories?post=934"},{"taxonomy":"post_tag","embeddable":true,"href":"https:\/\/www.claudia-klinger.de\/digidiary\/wp-json\/wp\/v2\/tags?post=934"}],"curies":[{"name":"wp","href":"https:\/\/api.w.org\/{rel}","templated":true}]}}