{"id":903,"date":"2012-08-30T10:27:34","date_gmt":"2012-08-30T09:27:34","guid":{"rendered":"http:\/\/www.claudia-klinger.de\/digidiary\/?p=903"},"modified":"2012-08-31T08:48:35","modified_gmt":"2012-08-31T07:48:35","slug":"leistungsschutzrecht-glauben-die-verlage-an-den-weihnachtsmann","status":"publish","type":"post","link":"https:\/\/www.claudia-klinger.de\/digidiary\/2012\/08\/30\/leistungsschutzrecht-glauben-die-verlage-an-den-weihnachtsmann\/","title":{"rendered":"Leistungsschutzrecht: Glauben die Verlage an den Weihnachtsmann?"},"content":{"rendered":"<p>Zum dritten Entwurf des Leistungsschutzrechts hab&#8216; ich gerade <a href=\"http:\/\/www.webwriting-magazin.de\/leistungsschutzrecht-mit-volldampf-zurueck-in-die-90ger\/\">auf dem Webwriting-Magazin<\/a> zusammen fassend gebloggt. Was ich dort weglasse, m\u00f6chte ich hier loswerden: Mir ist komplett unverst\u00e4ndlich, wie man so BESCHEUERT sein kann, ein solches Gesetz herbei zu lobbyieren! <\/p>\n<p>Ja, ich bin es gew\u00f6hnt, dass &#8222;die Herrschenden&#8220; auf Kollateralsch\u00e4den ihres Tuns nicht achten:  <!--more--><\/p>\n<ul>\n<li>Dass die Informationsfreiheit massiv tangiert wird, sollten die Presseerzeugnisse nicht mehr als aggregierte Listen f\u00fcr den schnellen \u00dcberblick zur Verf\u00fcgung stehen, ist ihnen egal. <\/li>\n<li>Ebenso schnuppe ist ihnen, dass der <a href=\"http:\/\/www.internet-law.de\/2012\/08\/wen-betrifft-das-leistungsschutzrecht-fur-presseerzeugnisse-jetzt-eigentlich.html\">Anwendungsbereich des Gesetzes unklar<\/a> ist und Blogger, alternative News-Seiten, sowie Einbinder von Widgets und Herausgeber von RSS-Feeds mit diesem Gesetz gro\u00dfe Rechtsunsicherheit f\u00fcrchten m\u00fcssen (ABM f\u00fcr Anw\u00e4lte!); <\/li>\n<li>Dass das Gesetz innovative Internet-Projekte und <a href=\"http:\/\/netzwertig.com\/2012\/08\/29\/leistungsschutzrecht-startups-planen-verlagsangebote-auszuschliesen\/#\">Startups verschreckt und behindert<\/a>, so dass Deutschland in dieser Hinsicht weiter unter ferner liefen rangiert &#8211; alles egal!<\/li>\n<\/ul>\n<p>Dass es aber auch egal ist, dass sich die Verlage doch absehbar massiv ins eigene Fleisch schneiden, kann ich nicht begreifen! Weder von Seiten der Verlage noch von der Regierung. Wie kann man nur so blind sein? Sie m\u00fcssen doch nach soviel Diskussion \u00fcber Jahre mitbekommen haben, dass sie Google &#038; Co. nicht zu Zahlungen zwingen k\u00f6nnen. Schlie\u00dflich hat <a href=\"http:\/\/www.taz.de\/!74830\/\">Google bez\u00fcglich der belgischen Presse schon vorgemacht<\/a>, wie auf derlei Vorhaben reagiert wird: durch Auslisten der entsprechenden Verlagsprodukte. Das hat den Verlagen gar nicht gefallen und sie haben sich schnell mit Google geeinigt.<\/p>\n<p>Man mag dem Giganten Google durchaus kritisch gegen\u00fcber stehen, doch in dem Fall kann man froh sein, dass Google die Verlage nicht braucht, wohl aber umgekehrt die Verlage Google als Traffic-Lieferanten nicht entbehren k\u00f6nnen. <\/p>\n<h2>Gier macht blind<\/h2>\n<p>Vielleicht glauben sie, sie k\u00f6nnten mittels des Wettbewerbsrechts gegen die Auslistung mit dem Argument des &#8222;Monopolmissbrauchs&#8220; vorgehen? Selbst wenn dem so w\u00e4re, w\u00e4ren sie f\u00fcr die urlangen Zeiten der entsprechenden Prozesse DRAUSSEN. Ob sie das verkraften k\u00f6nnten? Auch glaube ich nicht, dass das klappen w\u00fcrde, denn einerseits gibt es noch andere Suchmaschinen, andrerseits kann man vermutlich auch mit dem Wettbewerbsrecht ein Unternehmen nicht zwingen, ein Gesch\u00e4ft zu machen, das es nicht machen will. Google k\u00f6nnte die (\u00fcbrigens werbefreien) Google-News einfach einstellen &#8211; dann ginge es nurmehr um die Suchmaschine selbst. Und auch dort k\u00f6nnte Google die Verlagspresse auslisten, wie in Belgien geschehen. <\/p>\n<p>Wer nicht in der Suche auftauchen wird, hat immer schon eine einfache technische M\u00f6glichkeit, das zu erreichen. Doch ganz im Gegenteil geben die Verlage viel Geld daf\u00fcr aus, <a href=\"http:\/\/www.journalist.de\/aktuelles\/meldungen\/suchmaschinenoptimierung-und-republishing-weit-weit-oben.html\">mittels &#8222;SEO-Tricks&#8220;<\/a> m\u00f6glichst gut gefunden und weit oben gelistet zu werden. Sie t\u00e4ten das sicher nicht, wenn sie damit nicht Geld verdienen w\u00fcrden: n\u00e4mlich durch die Klicks der \u00fcber Google kommenden Besucher auf ihre Werbung, bzw. durch deren schiere Anzahl, wonach sich der Wert dieser Werbung bemisst. Und trotzdem reicht ihnen das nicht, die Gier verblendet so sehr, dass sie es riskieren, gar nicht mehr verlinkt und gefunden zu werden. Sie scheinen an den Weihnachtsmann zu glauben, der ihnen ohne weitere Anstrengungen einen Geldsegen f\u00fcrs blo\u00dfe Dasein zuwendet. <\/p>\n<p>Ganz sch\u00f6n irre! <\/p>\n<p>***<br \/>\nMehr dazu:<\/p>\n<p>Video zur Entstehungsgeschichte des Gesetzes, das auf dem Mist eines einzelnen Springer-Mitarbeiters gewachsen ist: <\/p>\n<p><iframe loading=\"lazy\" width=\"480\" height=\"270\" src=\"http:\/\/www.youtube.com\/embed\/ph3XfZvpIZo\" frameborder=\"0\" allowfullscreen><\/iframe><\/p>\n<p><a href=\"http:\/\/irights.info\/blog\/arbeit2.0\/2012\/08\/30\/kommentar-ein-unmogliches-gesetz\/\">Ein unm\u00f6gliches Gesetz<\/a> &#8211; iRights.info;<\/p>\n<p><a href=\"http:\/\/www.perlentaucher.de\/feuilletons\/2012-08-30.html#a35279\">Das Internet war eine Episode der Freiheit<\/a> &#8211; Perlentaucher;<\/p>\n<p><a href=\"http:\/\/www.stefan-niggemeier.de\/blog\/die-scheinargumente-fuer-ein-leistungsschutzrecht\/?utm_source=feedburner&#038;utm_medium=feed&#038;utm_campaign=Feed%3A+StefanNiggemeier+%28Stefan+Niggemeier%29\">Die Scheinargumente f\u00fcr ein Leistungsschutzrecht<\/a> &#8211; Stefan Niggemaier;<\/p>\n<p><a href=\"http:\/\/www.lawblog.de\/index.php\/archives\/2012\/08\/29\/noch-ein-rettungsschirm\/\">Noch ein Rettungsschirm<\/a> &#8211; Udo Vetter; <\/p>\n<p><a href=\"http:\/\/www.indiskretionehrensache.de\/2012\/08\/leistungsschutzrecht-vosshoff\/\">Willkommen im vergangenen Jahrhundert, Deutschland!<\/a> &#8211; Thoma Kn\u00fcwer;<\/p>\n<p><a href=\"http:\/\/www.medienrot.de\/leg-dich-nicht-mit-dem-tursteher-an\/\">Leg Dich nicht mit dem T\u00fcrsteher an!<\/a> &#8211; Uwe Mommert;<\/p>\n<p><a href=\"https:\/\/netzpolitik.org\/2012\/das-leistungsschutzrecht-erklart\/\">Erkl\u00e4rungen zum Gesetzesentwurf <\/a>(Parteien, Beteiligte, Blogger etc.) &#8211; Netzpolitik.org<\/p>\n<p><a href=\"http:\/\/www.zeit.de\/digital\/internet\/2012-08\/leistungsschutz-kritik\">Lex Google: Viel Kritik, wenig Lob f\u00fcr Leistungsschutz-Gesetz <\/a>&#8211; ZEIT ONLINE;<\/p>\n<p><a href=\"http:\/\/www.tagesspiegel.de\/meinung\/leistungsschutzrecht-die-verlage-sind-neidisch\/7071012.html\">Die Verlage sind neidisch <\/a>&#8211; Anna Sauerbrey \/ Tagesspiegel<\/p>","protected":false},"excerpt":{"rendered":"<p>Zum dritten Entwurf des Leistungsschutzrechts hab&#8216; ich gerade auf dem Webwriting-Magazin zusammen fassend gebloggt. Was ich dort weglasse, m\u00f6chte ich hier loswerden: Mir ist komplett unverst\u00e4ndlich, wie man so BESCHEUERT sein kann, ein solches Gesetz herbei zu lobbyieren! Ja, ich bin es gew\u00f6hnt, dass &#8222;die Herrschenden&#8220; auf Kollateralsch\u00e4den ihres Tuns nicht achten:<\/p>\n","protected":false},"author":1,"featured_media":0,"comment_status":"open","ping_status":"open","sticky":false,"template":"","format":"standard","meta":[],"categories":[7,8],"tags":[],"post_mailing_queue_ids":[],"_links":{"self":[{"href":"https:\/\/www.claudia-klinger.de\/digidiary\/wp-json\/wp\/v2\/posts\/903"}],"collection":[{"href":"https:\/\/www.claudia-klinger.de\/digidiary\/wp-json\/wp\/v2\/posts"}],"about":[{"href":"https:\/\/www.claudia-klinger.de\/digidiary\/wp-json\/wp\/v2\/types\/post"}],"author":[{"embeddable":true,"href":"https:\/\/www.claudia-klinger.de\/digidiary\/wp-json\/wp\/v2\/users\/1"}],"replies":[{"embeddable":true,"href":"https:\/\/www.claudia-klinger.de\/digidiary\/wp-json\/wp\/v2\/comments?post=903"}],"version-history":[{"count":0,"href":"https:\/\/www.claudia-klinger.de\/digidiary\/wp-json\/wp\/v2\/posts\/903\/revisions"}],"wp:attachment":[{"href":"https:\/\/www.claudia-klinger.de\/digidiary\/wp-json\/wp\/v2\/media?parent=903"}],"wp:term":[{"taxonomy":"category","embeddable":true,"href":"https:\/\/www.claudia-klinger.de\/digidiary\/wp-json\/wp\/v2\/categories?post=903"},{"taxonomy":"post_tag","embeddable":true,"href":"https:\/\/www.claudia-klinger.de\/digidiary\/wp-json\/wp\/v2\/tags?post=903"}],"curies":[{"name":"wp","href":"https:\/\/api.w.org\/{rel}","templated":true}]}}