{"id":876,"date":"2012-06-26T09:32:12","date_gmt":"2012-06-26T08:32:12","guid":{"rendered":"http:\/\/www.claudia-klinger.de\/digidiary\/?p=876"},"modified":"2012-06-26T18:20:25","modified_gmt":"2012-06-26T17:20:25","slug":"offliner-sie-sind-unter-uns-und-gar-nicht-wenige","status":"publish","type":"post","link":"https:\/\/www.claudia-klinger.de\/digidiary\/2012\/06\/26\/offliner-sie-sind-unter-uns-und-gar-nicht-wenige\/","title":{"rendered":"Offliner &#8211; sie sind unter uns und gar nicht wenige!"},"content":{"rendered":"<p>Gestern suchte ich nach einer neuen Garten-Bekanntschaft, die mir ihren Namen plus Handynummer gegeben hatte. Da ich sie erreichen wollte und das Handy nur &#8222;piep, piep, piep&#8220; von sich gab, probierte ich es \u00fcber Google. Zu meiner Verwunderung fand ich nichts, definitiv keine Person im deutschsprachigen Netz tr\u00e4gt diesen Namen.<\/p>\n<p>Mein erster Gedanke war: <strong>ob sie mir vielleicht einen falschen Namen angegeben hat?<\/strong> Ich kenne sie ja nicht n\u00e4her und wer wei\u00df, was f\u00fcr Gr\u00fcnde sie haben mochte. Normalerweise finde ich ALLE, die ich kennen lerne, im Netz: auf Facebook, Blogs oder Hobby-Seiten, als Teilnehmer irgendwelcher Vereins- und Sportgruppen, manchmal auch nur auf der Homepage ihres Arbeitsgebers. <!--more--><\/p>\n<p>Ein lieber Freund meinte zu meiner Vermutung, sie habe sich &#8222;real anonymisiert&#8220;, dass auch seine Mutter &#8222;nicht im Netz&#8220; sei. Und heute lese ich, dass noch 2010 siebzehn Prozent der Bundesb\u00fcrger zwischen 16 und 74 Jahren <a href=\"http:\/\/netzwertig.com\/2012\/06\/25\/politik-in-sorge-ueber-offliner-ermunterung-statt-regulierung\/\">noch nie das Internet genutzt<\/a> haben. <a href=\"http:\/\/www.heise.de\/newsticker\/meldung\/Studie-Die-digitale-Gesellschaft-kommt-in-Deutschland-nicht-voran-1388236.html\">26 Prozent sind &#8222;digitale Au\u00dfenseiter&#8220;<\/a> weitere 28 Prozent sind Gelegenheitsnutzer und 7 Przent nutzen das Netz nur am Arbeitsplatz. Das zeigte die <a href=\"http:\/\/www.initiatived21.de\/wp-content\/uploads\/2011\/11\/Digitale-Gesellschaft_2011.pdf\">dritte Studie (PDF) zur digitalen Gesellschaft in Deutschland<\/a>, die die <a href=\"http:\/\/www.initiatived21.de\/\">Initiative D21<\/a> gerade vorgestellt hat. <\/p>\n<p>Soll die Politik da etwas tun &#8211; und wenn ja, was? Martin Weigert macht sich auf Netzwertig.com f\u00fcr <a href=\"http:\/\/netzwertig.com\/2012\/06\/25\/politik-in-sorge-ueber-offliner-ermunterung-statt-regulierung\/\">&#8222;Ermunterung statt Regulierung&#8220;<\/a> stark:<\/p>\n<blockquote><p>\n&#8222;Es ist richtig, sich daf\u00fcr einzusetzen, dass Personen ohne Webzugang auch in Zukunft am \u00f6ffentlichen Leben teilnehmen k\u00f6nnen. Doch den Schwerpunkt darauf zu legen, anstatt den Gro\u00dfteil der Energie daf\u00fcr zu verwenden, diese Menschen ebenfalls an das Internet heranzuf\u00fchren, w\u00e4re der falsche Ansatz. Denn er setzt sich daf\u00fcr ein, die Lebensqualit\u00e4t dieser Gruppe auf dem bisherigen Niveau zu halten, statt sie durch eine Bekanntmachung mit dem Web deutlich zu verbessern. Die Schlie\u00dfung von Versorgungsl\u00fccken bei der Netzabdeckung, eine gesteigerte Bereitstellung von Gratisnetzzug\u00e4ngen in \u00f6ffentlichen und sozialen Einrichtungen, eine staatlich unterst\u00fctzte, in klassischen Massenmedien positionierte Kampagne zur Hervorhebung der Vorz\u00fcge des Webs, ein Fokus auf Barrierefreiheit sowie eine Vielzahl von Bildungsangeboten zur Vermittlung der notwendigen Kompetenzen sind die Wege, mit denen das gesamtgesellschaftlich w\u00fcnschenswerte Ziel, die Zahl der digitalen Au\u00dfenseiter zu verringern, erreicht werden kann. Nicht, in dem die Politik es den Offlinern durch regulierende Eingriffe so einfach wie m\u00f6glich macht, sich auf Dauer vom Netz fernzuhalten.&#8220;<\/p><\/blockquote>\n<p>Ja, das denke ich auch. Dazu geh\u00f6rt aus meiner Sicht aber auch eine Weiterentwicklung des Urheberrechts, ein Verzicht auf verunsichernde &#8222;Leistungsschutzrechte&#8220;, eine Deckelung der Abmahnkosten f\u00fcr Verst\u00f6\u00dfe ahnungsloser Privater und vieles mehr. <\/p>\n<p>Vielleicht frag&#8216; ich meine neue Bekannte mal, warum sie nicht im Netz ist. <\/p>","protected":false},"excerpt":{"rendered":"<p>Gestern suchte ich nach einer neuen Garten-Bekanntschaft, die mir ihren Namen plus Handynummer gegeben hatte. Da ich sie erreichen wollte und das Handy nur &#8222;piep, piep, piep&#8220; von sich gab, probierte ich es \u00fcber Google. Zu meiner Verwunderung fand ich nichts, definitiv keine Person im deutschsprachigen Netz tr\u00e4gt diesen Namen. Mein erster Gedanke war: ob [&hellip;]<\/p>\n","protected":false},"author":1,"featured_media":0,"comment_status":"open","ping_status":"open","sticky":false,"template":"","format":"standard","meta":[],"categories":[7],"tags":[],"post_mailing_queue_ids":[],"_links":{"self":[{"href":"https:\/\/www.claudia-klinger.de\/digidiary\/wp-json\/wp\/v2\/posts\/876"}],"collection":[{"href":"https:\/\/www.claudia-klinger.de\/digidiary\/wp-json\/wp\/v2\/posts"}],"about":[{"href":"https:\/\/www.claudia-klinger.de\/digidiary\/wp-json\/wp\/v2\/types\/post"}],"author":[{"embeddable":true,"href":"https:\/\/www.claudia-klinger.de\/digidiary\/wp-json\/wp\/v2\/users\/1"}],"replies":[{"embeddable":true,"href":"https:\/\/www.claudia-klinger.de\/digidiary\/wp-json\/wp\/v2\/comments?post=876"}],"version-history":[{"count":0,"href":"https:\/\/www.claudia-klinger.de\/digidiary\/wp-json\/wp\/v2\/posts\/876\/revisions"}],"wp:attachment":[{"href":"https:\/\/www.claudia-klinger.de\/digidiary\/wp-json\/wp\/v2\/media?parent=876"}],"wp:term":[{"taxonomy":"category","embeddable":true,"href":"https:\/\/www.claudia-klinger.de\/digidiary\/wp-json\/wp\/v2\/categories?post=876"},{"taxonomy":"post_tag","embeddable":true,"href":"https:\/\/www.claudia-klinger.de\/digidiary\/wp-json\/wp\/v2\/tags?post=876"}],"curies":[{"name":"wp","href":"https:\/\/api.w.org\/{rel}","templated":true}]}}