{"id":867,"date":"2012-06-05T08:55:36","date_gmt":"2012-06-05T07:55:36","guid":{"rendered":"http:\/\/www.claudia-klinger.de\/digidiary\/?p=867"},"modified":"2012-06-05T09:00:04","modified_gmt":"2012-06-05T08:00:04","slug":"ich-versteh-die-euro-gegner-nicht","status":"publish","type":"post","link":"https:\/\/www.claudia-klinger.de\/digidiary\/2012\/06\/05\/ich-versteh-die-euro-gegner-nicht\/","title":{"rendered":"Ich versteh&#8216; die Euro-Gegner nicht"},"content":{"rendered":"<p>Wenn ich mir so die derzeitigen Kommentarstrecken auf SPON (z.B. <a href=\"http:\/\/www.spiegel.de\/wirtschaft\/soziales\/deutschland-muss-absturz-des-dax-und-schwache-konjunktur-fuerchten-a-836849.html\">hier<\/a>) durchlese, wird mir richtig schlecht. Wieviele raus-aus-dem-Euro- oder lasst-den-Laden-doch-zusammenbrechen-Statements da abgegeben werden geht auf keine Kuhhaut &#8211; und ich verstehe diese Leute einfach nicht. <\/p>\n<p>Es kann doch jeder mit nur ein klein wenig mitlesen und googeln die Fakten erkennen, die sich nicht wegdiskutieren lassen: derzeit macht der Export \u00fcber 50% des bundesdeutschen BIP aus. Deutschland konnte sich k\u00fcrzlich f\u00fcr 0% Zinsen Geld leihen, weil alle Welt glaubt, hier sei ein &#8222;sicherer Hafen&#8220;. W\u00fcrde der Euro zerfallen und wir zur DM zur\u00fcckkehren m\u00fcssen (die DM-Nostalgie hab ich auch nie verstanden), w\u00e4re doch sonnenklar, was passiert: die DM w\u00fcrde drastisch aufwerten und die deutschen Waren w\u00fcrden sehr abrupt f\u00fcr die Welt viel zu teuer werden. Und damit ginge die Wirtschaft so tief in den Keller, dass wir alle davon extrem betroffen w\u00e4ren &#8211; auch und gerade wenn wir nicht zu den Verm\u00f6genden geh\u00f6ren. Denn wenn die Steuereinnahmen sinken, werden die Sozialausgaben zuerst zusammen gestrichen (weil die anderen Subventionierten sich besser wehren k\u00f6nnen). <!--more--><\/p>\n<p>Abgesehen davon: wieder Schlagb\u00e4ume, Grenzkontrollen, 17 unterschiedliche W\u00e4hrungen &#8211; wer kann sich das denn allen Ernstes w\u00fcnschen? Und das Gebashe Richtung Euro-B\u00fcrokratie trifft m.E. auch nur einen Teil der Wahrheit: hierzulande wird gef\u00fchlt jedes zweite Umwelt-. Kultur- und Sozialprojekt mit Europa-Geldern gef\u00f6rdert. Davon steht nur kaum etwas in den Medien, wohl aber, wenn die EU vorschreibt, wie die Gurken zu wachsen haben (und selbst das stellt sich anders dar, wenn man sich \u00fcber die Hintergr\u00fcnde genauer informiert).<\/p>\n<p>Ich w\u00fcnsche mir MEHR Europa, nicht weniger. Gleiche Steuern, gleiches Arbeitsrecht, gleiche Sozialgesetze, gemeinschaftliche Kontrolle der Banken, und nat\u00fcrlich: mehr B\u00fcrgerbeteiligung. Aber gerade beim letzten Punkt zeigt sich die ganze Zwiesp\u00e4ltigkeit vieler Stammtischmeinungen: auf der einen Seite wird dagegen gewettert, dass die Regierenden (Ministerrat) das Sagen haben und nicht die B\u00fcrger &#8211; will man aber das Europa-Parlament aufwerten und ihm mehr Macht geben, ist es auch nicht recht. <\/p>\n<p>Kurzum: mir dr\u00e4ngt sich der Eindruck auf, dass ich von deutscht\u00fcmelnden Nostalgikern umgeben bin, die ernsthaft glauben, man k\u00f6nne in gem\u00fctlichere alte Zeiten zur\u00fcck, indem DE aus dem Euro austritt. Die Welt hat sich seitdem aber ver\u00e4ndert, drastisch sogar. Als 27 oder auch 17 verschiedene im Weltma\u00dfstab kleine L\u00e4nder, die zusammen nichts auf die Reihe bringen, wird man nicht besser da stehen. Aber genau das scheinen viele zu glauben. Ich versteh&#8216; es einfach nicht!<\/p>","protected":false},"excerpt":{"rendered":"<p>Wenn ich mir so die derzeitigen Kommentarstrecken auf SPON (z.B. hier) durchlese, wird mir richtig schlecht. Wieviele raus-aus-dem-Euro- oder lasst-den-Laden-doch-zusammenbrechen-Statements da abgegeben werden geht auf keine Kuhhaut &#8211; und ich verstehe diese Leute einfach nicht. Es kann doch jeder mit nur ein klein wenig mitlesen und googeln die Fakten erkennen, die sich nicht wegdiskutieren lassen: [&hellip;]<\/p>\n","protected":false},"author":1,"featured_media":0,"comment_status":"open","ping_status":"open","sticky":false,"template":"","format":"standard","meta":[],"categories":[8],"tags":[],"post_mailing_queue_ids":[],"_links":{"self":[{"href":"https:\/\/www.claudia-klinger.de\/digidiary\/wp-json\/wp\/v2\/posts\/867"}],"collection":[{"href":"https:\/\/www.claudia-klinger.de\/digidiary\/wp-json\/wp\/v2\/posts"}],"about":[{"href":"https:\/\/www.claudia-klinger.de\/digidiary\/wp-json\/wp\/v2\/types\/post"}],"author":[{"embeddable":true,"href":"https:\/\/www.claudia-klinger.de\/digidiary\/wp-json\/wp\/v2\/users\/1"}],"replies":[{"embeddable":true,"href":"https:\/\/www.claudia-klinger.de\/digidiary\/wp-json\/wp\/v2\/comments?post=867"}],"version-history":[{"count":0,"href":"https:\/\/www.claudia-klinger.de\/digidiary\/wp-json\/wp\/v2\/posts\/867\/revisions"}],"wp:attachment":[{"href":"https:\/\/www.claudia-klinger.de\/digidiary\/wp-json\/wp\/v2\/media?parent=867"}],"wp:term":[{"taxonomy":"category","embeddable":true,"href":"https:\/\/www.claudia-klinger.de\/digidiary\/wp-json\/wp\/v2\/categories?post=867"},{"taxonomy":"post_tag","embeddable":true,"href":"https:\/\/www.claudia-klinger.de\/digidiary\/wp-json\/wp\/v2\/tags?post=867"}],"curies":[{"name":"wp","href":"https:\/\/api.w.org\/{rel}","templated":true}]}}