{"id":823,"date":"2012-03-18T11:28:51","date_gmt":"2012-03-18T10:28:51","guid":{"rendered":"http:\/\/www.claudia-klinger.de\/digidiary\/?p=823"},"modified":"2012-03-20T12:15:25","modified_gmt":"2012-03-20T11:15:25","slug":"daten-sichern-warum-eigentlich","status":"publish","type":"post","link":"https:\/\/www.claudia-klinger.de\/digidiary\/2012\/03\/18\/daten-sichern-warum-eigentlich\/","title":{"rendered":"Daten sichern &#8211; warum eigentlich?"},"content":{"rendered":"<p>Gleich werde ich wieder einmal Windows neu installieren und bin gerade dabei, ca. 170 GB Daten zu sichern. Daten bis zur\u00fcck in die Internet-Steinzeit, Texte, Fotos, Webprojekte, Design-Experimente, nat\u00fcrlich auch eine Menge Verwaltungstechnisches, Rechnungen, Kontoausz\u00fcge und \u00e4hnlicher leider unentbehrlicher Krempel. Noch 22 Minuten, meldet das Kopierprogramm, etwa eine Stunde ist es schon am Werkeln &#8211; warum zum Teufel l\u00f6sche ich nicht einfach mal das, was ich vermutlich niemals mehr brauchen werde? <!--more--><\/p>\n<p>Im richtigen Leben hab&#8216; ich seit Jahren eine Menge Zeugs entsorgt. Alte Texte aus Vor-Internet-Zeiten, den Gro\u00dfteil der Fotos, sogar &#8222;Werke&#8220; aus diversen Arbeits- und Hobby-Zusammenh\u00e4ngen &#8211; und ich f\u00fchlte mich erleichtert!<\/p>\n<p>Warum schaffe ich das auf der eigenen Festplatte nicht? Nun, allein schon das Sichten und Entscheiden w\u00fcrde mich Tage besch\u00e4ftigen. Und: Kann ich wissen, was ich morgen vielleicht doch noch brauchen werde? <\/p>\n<h2>Unbeliebte Blogartikel l\u00f6schen?<\/h2>\n<p>K\u00fcrzlich landete ich auf einem Blog, das ich gerne lese, doch der Artikel war bereits gel\u00f6scht. Ich fragte per Mail nach, wohin er verschwunden sei. Und bekam vom Autor die Antwort,  der Beitrag habe &#8222;keinen Anklang gefunden&#8220;, deshalb habe er ihn gel\u00f6scht.<\/p>\n<p>Beeindruckend! Den letzten Eintrag hier k\u00f6nnte ich mit gutem Recht ebenfalls l\u00f6schen &#8211; so eine  <a href=\"https:\/\/www.claudia-klinger.de\/digidiary\/2012\/03\/15\/im-13-jahr-das-eigene-blog-neu-entdecken\/\">R\u00fcckschau<\/a> interessiert niemanden, was ich auch gut verstehe.  W\u00e4re es da nicht sinnvoll, Texte nur &#8222;\u00fcberleben&#8220; zu lassen, wenn sie auch Resonanz finden? <\/p>\n<p>Das Festhalten an alten Daten und Texten f\u00fcttert die Illusion, es g\u00e4be etwas Bleibendes. Die Wahrheit ist, dass meine ganze Weblandschaft ersatzlos verschwinden k\u00f6nnte und kaum jemand w\u00fcrde etwas vermissen. Es steht ja sowieso &#8222;viel zu viel&#8220; im Web.. :-)<\/p>\n<p>Wow, meine Datensicherung ist fertig &#8211; 10 Minuten fr\u00fcher als verlautbart. <\/p>","protected":false},"excerpt":{"rendered":"<p>Gleich werde ich wieder einmal Windows neu installieren und bin gerade dabei, ca. 170 GB Daten zu sichern. Daten bis zur\u00fcck in die Internet-Steinzeit, Texte, Fotos, Webprojekte, Design-Experimente, nat\u00fcrlich auch eine Menge Verwaltungstechnisches, Rechnungen, Kontoausz\u00fcge und \u00e4hnlicher leider unentbehrlicher Krempel. Noch 22 Minuten, meldet das Kopierprogramm, etwa eine Stunde ist es schon am Werkeln &#8211; [&hellip;]<\/p>\n","protected":false},"author":1,"featured_media":0,"comment_status":"open","ping_status":"open","sticky":false,"template":"","format":"standard","meta":[],"categories":[7],"tags":[],"post_mailing_queue_ids":[],"_links":{"self":[{"href":"https:\/\/www.claudia-klinger.de\/digidiary\/wp-json\/wp\/v2\/posts\/823"}],"collection":[{"href":"https:\/\/www.claudia-klinger.de\/digidiary\/wp-json\/wp\/v2\/posts"}],"about":[{"href":"https:\/\/www.claudia-klinger.de\/digidiary\/wp-json\/wp\/v2\/types\/post"}],"author":[{"embeddable":true,"href":"https:\/\/www.claudia-klinger.de\/digidiary\/wp-json\/wp\/v2\/users\/1"}],"replies":[{"embeddable":true,"href":"https:\/\/www.claudia-klinger.de\/digidiary\/wp-json\/wp\/v2\/comments?post=823"}],"version-history":[{"count":0,"href":"https:\/\/www.claudia-klinger.de\/digidiary\/wp-json\/wp\/v2\/posts\/823\/revisions"}],"wp:attachment":[{"href":"https:\/\/www.claudia-klinger.de\/digidiary\/wp-json\/wp\/v2\/media?parent=823"}],"wp:term":[{"taxonomy":"category","embeddable":true,"href":"https:\/\/www.claudia-klinger.de\/digidiary\/wp-json\/wp\/v2\/categories?post=823"},{"taxonomy":"post_tag","embeddable":true,"href":"https:\/\/www.claudia-klinger.de\/digidiary\/wp-json\/wp\/v2\/tags?post=823"}],"curies":[{"name":"wp","href":"https:\/\/api.w.org\/{rel}","templated":true}]}}