{"id":816,"date":"2012-03-11T14:20:49","date_gmt":"2012-03-11T13:20:49","guid":{"rendered":"http:\/\/www.claudia-klinger.de\/digidiary\/?p=816"},"modified":"2015-12-12T15:38:09","modified_gmt":"2015-12-12T14:38:09","slug":"das-digital-diary-erneuern-aber-wie","status":"publish","type":"post","link":"https:\/\/www.claudia-klinger.de\/digidiary\/2012\/03\/11\/das-digital-diary-erneuern-aber-wie\/","title":{"rendered":"Das Digital Diary erneuern &#8211; aber wie?"},"content":{"rendered":"<p>W\u00e4re ich mein eigener Kunde, h\u00e4tte ich kein Problem, dieses Blog binnen weniger Tage technisch und gestalterisch zu modernisieren. Ich w\u00fcrde abfragen, welche Elemente bleiben sollen und ob der Kunde noch andere, neue &#8222;Features&#8220; oder statische Seiten dazu haben will. Vorab w\u00fcrde auch gekl\u00e4rt, wieviele Spalten es haben wird und ob Inhalte in einen abgesetzten Footer verlegt werden sollen. Farben, gew\u00fcnschte Logos und grafische Elemente, die der Kunde gerne sehen will, w\u00e4ren ebenfalls ein Thema &#8211; und dann w\u00fcrde ich loslegen. <!--more--><\/p>\n<p>Warum zum Teufel gelingt mir das bei meinem eigenen &#8222;Hauptblog&#8220; nicht? Es f\u00e4ngt schon damit an, dass der Gedanke ans eigentlich ewig schon f\u00e4llige Update immer dann auftaucht, wenn andere Aufgaben quasi Schlange stehen. Klar, dass ich dann eher die wichtigeren Dinge abarbeite, anstattt mich in so etwas &#8222;Nachrangiges&#8220;  zu vertiefen. Und wenn ich doch mal l\u00e4nger drauf schaue und dar\u00fcber nachdenke, wie es werden k\u00f6nnte, f\u00e4llt mir soviel ein, dass ich mich nicht entscheiden kann und mir dann lieber sage: never touch a running system.<\/p>\n<h2>Es DARF jetzt anders werden!<\/h2>\n<p>Immerhin hat sich im mehrfachen Begr\u00fcbeln mittlerweile eine Grundidee verabschiedet, an die ich mich bis jetzt &#8211; bis ins 13. Diary-Jahr also &#8211; gehalten habe: n\u00e4mlich die, dass es optisch im Wesentlichen immer gleich bleiben soll, um die Lesergewohnheiten nicht zu st\u00f6ren. <\/p>\n<p>Es gibt ja diese Liste <a href=\"https:\/\/www.claudia-klinger.de\/digidiary\/digital-diary-gesamtinhalt-1999-bis-heute\/\">&#8222;alles von 1999 bis heute&#8220;<\/a>, die einen Blick zur\u00fcck erm\u00f6glicht:  Ins Blogscript WordPress hab&#8216; ich n\u00e4mlich bisher nur die Beitr\u00e4ge bis inkl. 2005 \u00fcbertragen. Die Eintr\u00e4ge aus 2001 bis 2004 zeigen noch <a href=\"https:\/\/www.claudia-klinger.de\/digidiary\/27_04_04.shtml\">das vorherige, sehr \u00e4hnliche<\/a>, aber technisch anders umgesetzte Design.  Davor wird es dann richtig &#8222;steinzeitlich&#8220;. Die Texte musste man sich damals<a href=\"https:\/\/www.claudia-klinger.de\/digidiary\/02_01_01.htm\"> innerhalb eines Frameset herbei klicken<\/a>. Einzelnes Verlinken der Texte war gar nicht vorgesehen, denn damals stand noch die ganze &#8222;Homepage&#8220; im Zentrum aller Aufmerksamkeit, nicht der einzelne Beitrag. Zugunsten der Vollst\u00e4ndigkeit der Liste hab ich diese Texte dennoch verlinkt, die nat\u00fcrlich ohne die zugh\u00f6rigen &#8222;anderen Fenster&#8220; mit Men\u00fcs <a href=\"https:\/\/www.claudia-klinger.de\/digidiary\/diary8.htm#10_12\">scheusslich aussehen<\/a>. <\/p>\n<p><strong>Aber wer liest schon uralte Texte?<\/strong> Klar hatte und habe ich immer vor, dies alles auch noch in die jetzige Technik zu \u00fcbertragen, doch wird da vermutlich erst was draus, wenn ich den &#8222;gro\u00dfen Sprung nach vorne&#8220; endlich mache und mir ein neues Design zulege. <\/p>\n<p>Das erneuerte Digital Diary soll besser an verschieden gro\u00dfe Bildschirme angepasst sein, insgesamt also deutlich flexibler. Dazu etwas gr\u00f6\u00dfere Schrift, mehr Platz f\u00fcr den eigentlichen Inhalt, weniger &#8222;chaotisch verteilte&#8220; Links (ganz oben, rechts, links, unter- und oberhalb der Beitr\u00e4ge, ganz unten), sondern eine \u00fcbersichtlichere Struktur. Eventuell auch ein pr\u00e4gnanter, deutlich abgesetzter Footer, in dem die &#8222;letzten Kommentare&#8220; und die M\u00f6glichkeiten, noch Anderes anderswo von mir zu lesen, Platz finden ohne zu st\u00f6ren. <\/p>\n<h2>Vom Inhalt zur Person: Ein Update kommt selten alleine..<\/h2>\n<p>Beim Aufr\u00e4umen ergibt sich dann auch gleich die Notwendigkeit, meine eigentliche &#8222;Homepage&#8220; (<a href=\"https:\/\/www.claudia-klinger.de\">www.claudia-klinger.de<\/a>) endlich auch mal vom Charme der 90ger zu befreien und als aktuellen Knotenpunkt des Klinger-Webs zu gestalten. Sie war ja nie wichtig gewesen, denn Webwork-Kunden finden mich immer schon anders und Stammleser, wie auch Freunde und Bekannte steuern meine Blogs direkt an. <\/p>\n<p>Die gro\u00dfe Mehrzahl der Spontanleser interessieren sich allerdings seit Jahren nicht mehr f\u00fcr Seiten, Homepages oder ganze Blogs, sondern nurmehr f\u00fcr Themen (=Artikel-\u00dcberschriften). Und viele lesen die Texte \u00fcber Aggregatoren und Newsreader, zunehmend auch mit Smarthandys. Die problemlose Nutzbarkeit des einzelnen Artikels muss also im Vordergrund eines Redesigns stehen &#8211; ohne dabei auf Wiedererkennbarkeit und &#8222;anheimelnde Optik&#8220; f\u00fcr Stammleser\/innen zu verzichten. <\/p>\n<p>Dass neuerdings neben den Artikeln auch die <strong>&#8222;Person als Marke&#8220;<\/strong> Bedeutung gewinnt, verdankt sich den sozialen Netzwerken, deren Vernetzungsm\u00f6glichkeiten entlang an Personen, nicht an Inhalten strukturiert ist (wie sie noch f\u00fcr die Welt der Foren typisch und sehr n\u00fctzlich ist!). Mir gef\u00e4llt das nicht, denn es war mir immer schon zuwider, ein Aufhebens um meine Person zu machen  &#8211; jetzt aber kann ich mich dem nicht ganz entziehen, will ich nicht in der Versenkung verschwinden. Also braucht es nun auch endlich das Update der Seite Claudia-Klinger.de, die Google anst\u00e4ndigerweise als erstes anzeigt, wenn man meinen Namen googelt. <em>(Die soll dann bequemerweise gleich als &#8222;Seite&#8220; vom Blogscript mitverwaltet werden). <\/em><\/p>\n<h2>Und was sonst noch?<\/h2>\n<p>Dies ist ein recht egoistischer Text, denn ob es jemandem &#8222;zu lang&#8220; oder &#8222;zu technisch&#8220; wird, ist mir grade eher schnuppe. Ich wittere im Gegenteil Morgenluft bez\u00fcglich der Umsetzung meiner W\u00fcnsche &#8211; denn wenn ich schon mal dr\u00fcber schreibe und dabei sogar Detail-Vorhaben erw\u00e4hne, ist das ja fast schon ein ordentliches &#8222;Briefing&#8220; in eigener Sache. <\/p>\n<p>Alsdenn, mal einfach &#8222;ins Unreine&#8220; aufgelistet:<\/p>\n<ul>\n<li><strong>Die Rundmail &#8222;Klinger-News&#8220;,<\/strong> die ich hier noch verlinkt, aber schon l\u00e4nger nicht mehr versendet habe, kommt entweder weg oder entsteht neu: als ureigenes und von niemandem sonst abh\u00e4ngiges kleines soziales Netz jener Menschen, die sich daf\u00fcr interessieren, was ich im Web und im Leben so mache. Ganz unabh\u00e4ngig von bestimmten Themen und von der Teilnahme an sozialen Netzen, in denen ich ja immer nur partiell und zeitweise aktiv bin. Ein vielleicht viertelj\u00e4hrliches &#8222;Hallo-mich-gibts-noch&#8220;, das f\u00fcr mich auch den Vorteil h\u00e4tte, hinschreiben zu m\u00fcssen, was das Wesentliche des jeweiligen Zeitraums war.<\/li>\n<li>Die <strong>Links<\/strong> zu meinen anderen Blogs, zu <a href=\"https:\/\/www.claudia-klinger.de\/digidiary\/meine-blog-bibliothek\/\">gern gelesenen Blogs<\/a> und zu dem, was ich so t\u00e4glich als lesens- bzw- erw\u00e4hnenswert in die Welt poste, m\u00fcssen grunds\u00e4tzlich \u00fcberdacht und sinnvoll, aber auch &#8222;immer aktuell&#8220; strukturiert werden. Friendfeed zum Beispiel nutze ich deutlich weniger, seit es mich auf <a href=\"https:\/\/plus.google.com\/115023284387629053061\/posts\">GooglePlus<\/a> gibt und seitdem Friendfeed nicht mehr verl\u00e4sslich an <a href=\"https:\/\/twitter.com\/#!\/HumanVoice\">Twitter<\/a> weiter meldet &#8211; trotzdem ist <a href=\"http:\/\/friendfeed.com\/claudiaklinger\">meine Friendfeed-Seite<\/a> in der linken Spalte derzeit noch prominent verlinkt. Und nat\u00fcrlich muss auch die <a href=\"https:\/\/www.claudia-klinger.de\/startinsnetz.html\">Startseite ins Netz<\/a> in die Erneuerung einbezogen werden. Da herrscht auch das reine Chaos, nur ganz grob geordnet.<\/li>\n<li><strong>Header und Logo:<\/strong> ein schwieriges Thema! Aber auch der Kern der Wiedererkennbarkeit. Das vorhandene Logo (bzw. Bildelement mit Logo-Funktion) ist ohne viel Nachdenken irgendwann mal spontan entstanden. Momentan neige ich zu einer mehr typografischen L\u00f6sung, die aber trotzdem irgendwie stimmungsvoll sein soll. <\/li>\n<li><strong>Der Untertitel:<\/strong>  wenn ich schon mal dabei bin, ist der jetzt auch mal f\u00e4llig! &#8222;Vom Sinn des Lebens zum Buchstabengl\u00fcck&#8220; entstand in memoriam der ersten Netzjahre, als ich noch gerne \u00fcber philosophische Grundfragen schrieb, ohne dass die wirklich viel mit meinem Leben zu tun gehabt h\u00e4tten. Und das &#8222;Buchstabengl\u00fcck&#8220; bezog sich auf das &#8222;Regenwurmgl\u00fcck&#8220;, das Vil\u00e9m Flusser als m\u00f6gliches Schicksal der Menschheit voraussah &#8211; und auf meine uralte <a href=\"http:\/\/claudia-klinger.de\/archiv\/MissingLinkAusstell\/reise.htm\">&#8222;Reise durch die Philosophie im Web&#8220;<\/a> (1996), die dieses Regenwurmgl\u00fcck im Titel trug. Die &#8222;Suche nach dem Sinn des Lebens&#8220; hatte ich als Aufh\u00e4nger f\u00fcr den \u00fcber Jahre sehr erfolgreichen Beitrag genutzt. Von alledem wei\u00df heute aber keiner mehr &#8218;was und suchmaschinentechnisch ist der Untertitel seit Jahren eine einzige Katastrophe! <em>(Sowas wie &#8222;Claudia Klingers Anmerkungen zur Zeit&#8220; w\u00e4r&#8216; 1000 mal besser &#8211; ist jetzt aber nur ein Arbeitstitel)<\/em><\/li>\n<li>Auch <strong>die Kategorien<\/strong> sind zu \u00fcberdenken: Wer klickt schon auf &#8222;Leben und Arbeiten&#8220;? Vor\u00fcber gehende Themen (wie Rauchstopp-Blog, Kambodscha) haben da auch nichts verloren, nutzen sie doch Platz, auch wenn gar nichts mehr Neues hinzu kommt. Andrerseits sind sie wenigstens reizvoll konkret, wogegen &#8222;gesund leben&#8220; mich kaum zum Klick verf\u00fchren w\u00fcrde&#8230; schwierig!<\/li>\n<li><strong>HTML\/Coding:<\/strong> nat\u00fcrlich soll das Diary dann auch einen top-modernen HTML5-Code bekommen und f\u00fcr Robots, Suchmaschinen und Screenreader optimal strukturiert sein. Bildschirme bis zu Tablet-Gr\u00f6\u00dfe sollen alles noch gut anzeigen, f\u00fcr Handys denke ich an ein separates Theme.  Ein Design &#8222;f\u00fcr alle&#8220;, das maximal &#8222;responsive&#8220; auf die abrufenden Ger\u00e4tschaften reagiert, ist mir momentan noch zu futuristisch: da wachsen die Anspr\u00fcche schnell in den Himmel und man hat auch wieder das alte Problem, dass der Microsoft-Browser technisch hinterher hinkt und immer eine Extrawurst braucht. <\/li>\n<\/ul>\n<p>Angesichts dieser Liste, die gewiss noch wachsen wird, wundert mich nicht, dass ich es bisher nicht in Angriff genommen habe. Es reicht halt nicht mehr (genau wie in meiner K\u00fcche) nur &#8222;die W\u00e4nde neu zu streichen&#8220; oder hier und da was dran zu basteln &#8211; Grundsanierung ist angesagt! <\/p>\n<p>Und dieser Artikel ist immerhin ein erster Schritt&#8230; :-)<\/p>","protected":false},"excerpt":{"rendered":"<p>W\u00e4re ich mein eigener Kunde, h\u00e4tte ich kein Problem, dieses Blog binnen weniger Tage technisch und gestalterisch zu modernisieren. Ich w\u00fcrde abfragen, welche Elemente bleiben sollen und ob der Kunde noch andere, neue &#8222;Features&#8220; oder statische Seiten dazu haben will. Vorab w\u00fcrde auch gekl\u00e4rt, wieviele Spalten es haben wird und ob Inhalte in einen abgesetzten [&hellip;]<\/p>\n","protected":false},"author":1,"featured_media":0,"comment_status":"open","ping_status":"open","sticky":false,"template":"","format":"standard","meta":[],"categories":[7,414],"tags":[],"post_mailing_queue_ids":[],"_links":{"self":[{"href":"https:\/\/www.claudia-klinger.de\/digidiary\/wp-json\/wp\/v2\/posts\/816"}],"collection":[{"href":"https:\/\/www.claudia-klinger.de\/digidiary\/wp-json\/wp\/v2\/posts"}],"about":[{"href":"https:\/\/www.claudia-klinger.de\/digidiary\/wp-json\/wp\/v2\/types\/post"}],"author":[{"embeddable":true,"href":"https:\/\/www.claudia-klinger.de\/digidiary\/wp-json\/wp\/v2\/users\/1"}],"replies":[{"embeddable":true,"href":"https:\/\/www.claudia-klinger.de\/digidiary\/wp-json\/wp\/v2\/comments?post=816"}],"version-history":[{"count":0,"href":"https:\/\/www.claudia-klinger.de\/digidiary\/wp-json\/wp\/v2\/posts\/816\/revisions"}],"wp:attachment":[{"href":"https:\/\/www.claudia-klinger.de\/digidiary\/wp-json\/wp\/v2\/media?parent=816"}],"wp:term":[{"taxonomy":"category","embeddable":true,"href":"https:\/\/www.claudia-klinger.de\/digidiary\/wp-json\/wp\/v2\/categories?post=816"},{"taxonomy":"post_tag","embeddable":true,"href":"https:\/\/www.claudia-klinger.de\/digidiary\/wp-json\/wp\/v2\/tags?post=816"}],"curies":[{"name":"wp","href":"https:\/\/api.w.org\/{rel}","templated":true}]}}