{"id":814,"date":"2012-03-09T11:03:35","date_gmt":"2012-03-09T10:03:35","guid":{"rendered":"http:\/\/www.claudia-klinger.de\/digidiary\/?p=814"},"modified":"2012-03-09T12:04:40","modified_gmt":"2012-03-09T11:04:40","slug":"cony-2012-kann-das-internet-einen-gotteskrieger-stoppen","status":"publish","type":"post","link":"https:\/\/www.claudia-klinger.de\/digidiary\/2012\/03\/09\/cony-2012-kann-das-internet-einen-gotteskrieger-stoppen\/","title":{"rendered":"Kony 2012 &#8211; kann &#8222;das Internet&#8220; einen Gotteskrieger stoppen?"},"content":{"rendered":"<p>Ob es wohl jemanden gibt, der von <strong>&#8222;Kony 2012&#8220;<\/strong> noch nichts mitbekommen hat? Seit Tagen sieht man das Video \u00fcber die Schandtaten des ugandischen Rebellenf\u00fchrers all\u00fcberall. Gestern berichteten dann auch die TV-Nachrichten und die Mainstream-Medien sprangen auf das Thema auf.<\/p>\n<p><iframe loading=\"lazy\" width=\"470\" height=\"269\" src=\"http:\/\/www.youtube.com\/embed\/Y4MnpzG5Sqc\" frameborder=\"0\" allowfullscreen><\/iframe><\/p>\n<p><a href=\"http:\/\/www.stern.de\/politik\/ausland\/virales-video-kony-2012-das-internet-jagt-einen-massenmoerder-1797253.html\">&#8222;Das Internet jagt einen Massenm\u00f6rder&#8220;<\/a> titelt etwa der STERN und nennt auch gleich Kritikpunkte an der weltweit erstaunlich erfolgreichen Kampagne der von zwei Journalisten gegr\u00fcndeten Organisation <a href=\"http:\/\/www.invisiblechildren.com.s3-website-us-east-1.amazonaws.com\/index.html\">Invisible Children<\/a>. M\u00e4nner wie Joseph Kony w\u00fcrden zu einem Unikum des B\u00f6sen stilisiert, w\u00e4hrend es doch andere g\u00e4be, die ganz ebenso oder gar noch schlimmer agieren. Zudem sei der in Uganda regierende Pr\u00e4sident ebenfalls ein Menschenrechtsverletzer, der durch die Aktionen der Initiative gest\u00fctzt werde.<!--more--><\/p>\n<p>Kony soll bis zu 70.000 Kinder entf\u00fchrt, zu Kindersoldaten gemacht und zum T\u00f6ten (sogar der eigenen Eltern) gezwungen haben. Er wird mit internationalem Haftbefehl gesucht, ist aber &#8222;verschwunden&#8220;. Wer das Video anschaut, wird kaum daran zweifeln, dass dieser Kony endlich verhaftet geh\u00f6rt. Und dass Aktivisten in Washington erreicht haben, dass tats\u00e4chlich ein paar Soldaten geschickt wurden, die den Kampf gegen die Rebellen unterst\u00fctzen und Kinder sch\u00fctzen sollen, angeblich ganz ohne irgendwelche sonstigen amerikanischen Interessen: gut &#8211; <em>wenns denn wirklich so ist&#8230;<\/em><\/p>\n<h2>Endlich mal wieder Menschheits-Pathos!<\/h2>\n<p>Aber warum ist nun das Video, dass schon gleich zu Beginn sage und schreibe &#8222;27 Minuten Aufmerksamkeit&#8220; fordert, so irrsinnig erfolgreich? Schlie\u00dflich kann man auf Youtube jede Menge Videos zu fast allen Formen menschlicher Schandtaten finden, die keine Massenbewegtheiten ausl\u00f6sen.  &#8222;Ein mitrei\u00dfendes bis r\u00fchrseliges St\u00fcck Hollywood&#8220; nennt es der Stern &#8211; in typisch europ\u00e4ischer Manier des Herumm\u00e4kelns an allem, was die Gef\u00fchle anspricht. <em>(Kritik mittels Hintergrundinfos finde ich ok und angesagt, aber nicht schon allein deshalb, weil etwas &#8222;anr\u00fchrt&#8220;).<\/em><\/p>\n<p>Und ja, das Video ist voller PATHOS. Es beschw\u00f6rt die per Internet vernetzte Menschheit <em>(&#8222;Heute sind mehr Menschen auf Facebook als vor 200 Jahren auf dem Planeten). <\/em> Wir k\u00f6nnen einander nun als Individuen wahrnehmen und erkennen, dass wir die gleichen urmenschlichen Interessen haben, die verdammt nochmal nicht von irgendwelchen Potentaten in den Dreck getreten werden d\u00fcrfen: Freiheit, k\u00f6rperliche Unversehrtheit, Recht auf Bildung. <\/p>\n<p>Das Video ist ein aufr\u00fcttelnder Appell, nicht l\u00e4nger schulterzuckend hinzunehmen, was so an Widerlichkeiten auf der Welt passiert. Es sch\u00fcrt die Hoffnung, dass wir &#8211; wenn nur GENUG sich beteiligen &#8211; die Dinge auch ver\u00e4ndern k\u00f6nnen. Und nutzt daf\u00fcr einen krassen Einzelfall, eben diesen Massenm\u00f6rder Kony. Ja wie sollte es denn ANDERS gehen? <\/p>\n<h2>Und wie?<\/h2>\n<p>Ja, da bin ich auch gespannt! 100 amerikanische Soldaten seien nun &#8222;auf Wunsch der Initiative&#8220; dort, die sich, wie das Video berichtet, um den Schutz mancher D\u00f6rfer vor \u00dcberf\u00e4llen der Rebellen k\u00fcmmern. Vier internationale Haftbefehle gegen Kony soll es geben &#8211; wird &#8222;die Netzgemeinde&#8220; evtl. eine S\u00f6ldnertruppe bezahlen, die ihn suchen und verhaften soll? Oder eine Belohnung auf seine Ergreifung und Auslieferung aussetzen (wom\u00f6glich &#8222;tot oder lebendig&#8220;)? Sollen Regierungen oder internationale Institutionen motiviert werden, Kampftruppen zu schicken?<\/p>\n<p>Im Moment haben wir eine Welt, in der Staaten kriegerische Auseinandersetzungen allenfalls im Sinne ihrer wirtschaftlichen und &#8222;Sicherheits&#8220;-Interessen f\u00fchren. Ist denn eine Welt vorstellbar, in der &#8222;die Bev\u00f6lkerung&#8220; per Internet verlautbart, wann und wo ein Eingreifen <strong>zur Durchsetzung der Menschenrechte<\/strong> angesagt ist &#8211; und das dann auch passiert? Ist das tats\u00e4chlich w\u00fcnschbar?<\/p>\n<p>&#8222;Kony 2012&#8220; wirft viele Fragen auf &#8211; mir fallen im Moment noch keine Antworten ein. Euch?<\/p>\n<p>***<\/p>\n<p>Und hier mehr dazu, vor allem Kritisches:<br \/>\n<a href=\"http:\/\/blog.zdf.de\/hyperland\/2012\/03\/kony-2012-oder-die-erste-online-treibjagd-auf-einen-verbrecher\/\"><br \/>\nKony 2012 oder die erste Online-Treibjagd auf einen Verbrecher<\/a>;<\/p>\n<p><a href=\"http:\/\/blog.zeit.de\/netzfilmblog\/2012\/03\/08\/joseph-kony-2012-social-media-uganda-film\/\">KONY 2012: Mit Social Media gegen den V\u00f6lkerm\u00f6rder?<\/a>;<\/p>\n<p><a href=\"http:\/\/www.invisiblechildren.com.s3-website-us-east-1.amazonaws.com\/critiques.html\">Stellungnahme Invisible Children an der Kritik aus dem Netz<\/a>;<\/p>\n<p><a href=\"http:\/\/www.ruhrbarone.de\/kony-2012-versus-critical-whiteness\/\">KONY 2012 versus Critical Whiteness<\/a>;<br \/>\n<a href=\"http:\/\/www.vice.com\/de\/read\/news-charity-soll-ich-geld-an-kony-2012-spenden-oder-nicht\"><br \/>\nSoll ich Geld an Kony 2012 spenden oder nicht?<\/a> &#8211; <em>&#8222;W\u00e4re es nicht besser, aufzuh\u00f6ren zu kritisieren. Sollten wir nicht lieber anfangen, den Kindern zu helfen? Oder ist es diese Art von blindem Einmischungszwang, der L\u00e4nder wie Afghanistan in sehr, sehr lange Kriege f\u00fchrt?<br \/>\nIch hab echt keine Ahnung. Sorry, Leute.&#8220;<\/em>;<\/p>","protected":false},"excerpt":{"rendered":"<p>Ob es wohl jemanden gibt, der von &#8222;Kony 2012&#8220; noch nichts mitbekommen hat? Seit Tagen sieht man das Video \u00fcber die Schandtaten des ugandischen Rebellenf\u00fchrers all\u00fcberall. Gestern berichteten dann auch die TV-Nachrichten und die Mainstream-Medien sprangen auf das Thema auf. &#8222;Das Internet jagt einen Massenm\u00f6rder&#8220; titelt etwa der STERN und nennt auch gleich Kritikpunkte an [&hellip;]<\/p>\n","protected":false},"author":1,"featured_media":0,"comment_status":"open","ping_status":"open","sticky":false,"template":"","format":"standard","meta":[],"categories":[7,8],"tags":[],"post_mailing_queue_ids":[],"_links":{"self":[{"href":"https:\/\/www.claudia-klinger.de\/digidiary\/wp-json\/wp\/v2\/posts\/814"}],"collection":[{"href":"https:\/\/www.claudia-klinger.de\/digidiary\/wp-json\/wp\/v2\/posts"}],"about":[{"href":"https:\/\/www.claudia-klinger.de\/digidiary\/wp-json\/wp\/v2\/types\/post"}],"author":[{"embeddable":true,"href":"https:\/\/www.claudia-klinger.de\/digidiary\/wp-json\/wp\/v2\/users\/1"}],"replies":[{"embeddable":true,"href":"https:\/\/www.claudia-klinger.de\/digidiary\/wp-json\/wp\/v2\/comments?post=814"}],"version-history":[{"count":0,"href":"https:\/\/www.claudia-klinger.de\/digidiary\/wp-json\/wp\/v2\/posts\/814\/revisions"}],"wp:attachment":[{"href":"https:\/\/www.claudia-klinger.de\/digidiary\/wp-json\/wp\/v2\/media?parent=814"}],"wp:term":[{"taxonomy":"category","embeddable":true,"href":"https:\/\/www.claudia-klinger.de\/digidiary\/wp-json\/wp\/v2\/categories?post=814"},{"taxonomy":"post_tag","embeddable":true,"href":"https:\/\/www.claudia-klinger.de\/digidiary\/wp-json\/wp\/v2\/tags?post=814"}],"curies":[{"name":"wp","href":"https:\/\/api.w.org\/{rel}","templated":true}]}}