{"id":797,"date":"2012-02-09T12:28:56","date_gmt":"2012-02-09T10:28:56","guid":{"rendered":"http:\/\/www.claudia-klinger.de\/digidiary\/?p=797"},"modified":"2012-02-09T12:36:14","modified_gmt":"2012-02-09T10:36:14","slug":"warum-griechenland-nicht-offiziell-pleite-gehen-darf","status":"publish","type":"post","link":"https:\/\/www.claudia-klinger.de\/digidiary\/2012\/02\/09\/warum-griechenland-nicht-offiziell-pleite-gehen-darf\/","title":{"rendered":"Warum Griechenland nicht offiziell pleite gehen darf"},"content":{"rendered":"<p>Das Folgende hab&#8216; ich grade als Resonanz auf den Artikel <a href=\"http:\/\/www.spiegel.de\/wirtschaft\/soziales\/0,1518,814197,00.html\">&#8222;Einigung in Athen scheitert an Rentenfrage&#8220;<\/a> auf SPIEGEL ONLINE gepostet. Die Kommentare dort sind zum Teil \u00e4u\u00dferst ignorant bez\u00fcglich der Lasten, die Rentnern und Arbeitnehmern f\u00fcr die &#8222;Rettung&#8220; abverlangt werden, w\u00e4hrend die Reichen ihre 200 Milliarden l\u00e4ngst au\u00dfer Landes gebracht haben. Was mich vor allem wundert, ist die Meinung vieler, man k\u00f6nne und solle Griechenland locker pleite gehen bzw. aus dem Euro austreten lassen. Da wird ein &#8222;Ende mit Schrecken&#8220; pr\u00e4feriert, ohne dass auch nur einer der vielen Kommentatoren etwas zu dem sagt, was droht, WENN das so gemacht w\u00fcrde.<!--more--><\/p>\n<p>Ich behaupte nicht, dazu eine eigene Meinung zu haben, denn nat\u00fcrlich \u00fcberblicke ich die Folgen ebensowenig in voller G\u00e4nze wie unsere Politiker. Die Ignoranz und Beschr\u00e4nkung aufs Geschimpfe auf die Griechen wundert mich aber schon!<\/p>\n<p><strong>Alsdenn, hier mein Kommentar<\/strong> (ob er dort frei geschaltet wird, wei\u00df ich noch nicht);<\/p>\n<p>Ich h\u00e4tte nicht gedacht, dass SPIEGEL-Leser so einen verengten Blick auf das europ\u00e4ische Drama haben! In den Kommentaren  lese ich mehrheitlich Statements, die ganz locker Griechenland fallen lassen wollen &#8211; so nach dem Motto: ist ja ein Fass ohne Boden, da \u00e4ndert sich eh nichts etc. <\/p>\n<p>Vor dem Hintergrund der (noch!) recht komfortablen deutschen Verh\u00e4ltnisse (Br\u00fcderle: &#8222;wir sind gewappnet!&#8220;) meinen viele, das &#8222;Ende mit Schrecken&#8220; k\u00f6nnte UNS ja nicht viel anhaben.<\/p>\n<p>Dabei wird komplett vergessen, was droht, wenn Griechenland seine Schulden nicht mehr bedient: schon bei einem Haircut von 70% wird es sehr schwer, dies NICHT als &#8222;Zahlungsausfall&#8220; zu definieren, bei 100% bzw. bei einer offiziellen Pleite wird es unm\u00f6glich! <\/p>\n<p>Wer definiert, was ein Zahlungsausfall ist und was w\u00e4ren die Folgen eines solchen?<\/p>\n<p>Hierzu lese man mal d\u00e1s Interview mit Jim Sinclair (so ein B\u00f6rsenmensch, 50 Jahre im Gesch\u00e4ft), das die ansonsten kostenpflichtige &#8222;Metallwoche&#8220; wegen seiner Implikationen lesbar f\u00fcr alle gestellt hat:<\/p>\n<p><a href=\"http:\/\/www.metallwoche.de\/jim-sinclair-die-drohende-nicht-erklarte-insolvenz-von-funf-systemrelevanten-us-banken\/\">Jim Sinclair: Die drohende, nicht erkl\u00e4rte Insolvenz von f\u00fcnf systemrelevanten US-Banken<\/a><\/p>\n<p>Demnach kontrollieren f\u00fcnf amerikanische &#8222;systemrelevante&#8220; Gro\u00dfbanken 97% der Ausfallversicherungspolicen (CDS) f\u00fcr griechische Staatsanleihen. Tr\u00e4te der &#8222;Ausfall&#8220; ein, w\u00e4ren die f\u00e4llig, doch haben sie bei weitem nicht das Kapital, das zu bezahlen.<\/p>\n<p>Es m\u00fcssten dann also f\u00fcnf Gro\u00dfbanken &#8222;gerettet&#8220; werden, bzw. es droht laut diesem Herrn Sinclair eine Finanzkrise weit schlimmer als 2008\/2009.  Und das im amerikanischen Wahljahr? Das will dort nat\u00fcrlich niemand!<\/p>\n<p>Den &#8222;Ausfall&#8220; definiert (zum Gl\u00fcck?) eine von diesen Gro\u00dfbanken kontrollierte Institution, n\u00e4mlich die ISDA (International Swaps and Derivatives Association), die nat\u00fcrlich alles versuchen wird, KEINEN TOTALAUSFALL feststellen zu m\u00fcssen.<br \/>\nDas mag bei 70% Haircut gerade noch klappen, aber bei 100% oder gar bei einer offiziellen Pleite (die hier viele empfehlen) geht es sicher nicht mehr.<\/p>\n<p>Deshalb wird Zeit geschunden, wenn schon sonst nichts geht. <\/p>\n<p>Vor diesem Hintergrund ist es also durchaus verst\u00e4ndlich, dass die EU-Politiker, die EZB (und der IWF) alles tun, um den totalen Ausfall zu vermeiden. Denn eine weitere Mega-Finanzkrise w\u00fcrde wohl deutlich teurer als das Griechenland-Retten &#8211; auch wenn keiner so genau wei\u00df, was genau passieren w\u00fcrde (Domino-Effekte etc.).<\/p>\n<p>Ich beneide niemanden, der zur Zeit damit befasst ist, dieses Risiko zu verantworten &#8211; ich wunder mich nur, dass es hier so gar nicht zur Sprache kommt. Als w\u00e4ren das Problem NUR die Griechen und die Frage nach Solidarit\u00e4t ja oder nein!<\/p>","protected":false},"excerpt":{"rendered":"<p>Das Folgende hab&#8216; ich grade als Resonanz auf den Artikel &#8222;Einigung in Athen scheitert an Rentenfrage&#8220; auf SPIEGEL ONLINE gepostet. Die Kommentare dort sind zum Teil \u00e4u\u00dferst ignorant bez\u00fcglich der Lasten, die Rentnern und Arbeitnehmern f\u00fcr die &#8222;Rettung&#8220; abverlangt werden, w\u00e4hrend die Reichen ihre 200 Milliarden l\u00e4ngst au\u00dfer Landes gebracht haben. Was mich vor allem [&hellip;]<\/p>\n","protected":false},"author":1,"featured_media":0,"comment_status":"open","ping_status":"open","sticky":false,"template":"","format":"standard","meta":[],"categories":[8],"tags":[],"post_mailing_queue_ids":[],"_links":{"self":[{"href":"https:\/\/www.claudia-klinger.de\/digidiary\/wp-json\/wp\/v2\/posts\/797"}],"collection":[{"href":"https:\/\/www.claudia-klinger.de\/digidiary\/wp-json\/wp\/v2\/posts"}],"about":[{"href":"https:\/\/www.claudia-klinger.de\/digidiary\/wp-json\/wp\/v2\/types\/post"}],"author":[{"embeddable":true,"href":"https:\/\/www.claudia-klinger.de\/digidiary\/wp-json\/wp\/v2\/users\/1"}],"replies":[{"embeddable":true,"href":"https:\/\/www.claudia-klinger.de\/digidiary\/wp-json\/wp\/v2\/comments?post=797"}],"version-history":[{"count":0,"href":"https:\/\/www.claudia-klinger.de\/digidiary\/wp-json\/wp\/v2\/posts\/797\/revisions"}],"wp:attachment":[{"href":"https:\/\/www.claudia-klinger.de\/digidiary\/wp-json\/wp\/v2\/media?parent=797"}],"wp:term":[{"taxonomy":"category","embeddable":true,"href":"https:\/\/www.claudia-klinger.de\/digidiary\/wp-json\/wp\/v2\/categories?post=797"},{"taxonomy":"post_tag","embeddable":true,"href":"https:\/\/www.claudia-klinger.de\/digidiary\/wp-json\/wp\/v2\/tags?post=797"}],"curies":[{"name":"wp","href":"https:\/\/api.w.org\/{rel}","templated":true}]}}