{"id":791,"date":"2012-01-25T12:09:20","date_gmt":"2012-01-25T10:09:20","guid":{"rendered":"http:\/\/www.claudia-klinger.de\/digidiary\/?p=791"},"modified":"2012-01-25T23:01:37","modified_gmt":"2012-01-25T21:01:37","slug":"das-netz-zieht-sich-zusammen","status":"publish","type":"post","link":"https:\/\/www.claudia-klinger.de\/digidiary\/2012\/01\/25\/das-netz-zieht-sich-zusammen\/","title":{"rendered":"Das Netz zieht sich zusammen"},"content":{"rendered":"<p>Ich komme mir gerade vor wie in einem Bummelzug, der pl\u00f6tzlich auf ICE-Geschwindigkeit beschleunigt. <a href=\"http:\/\/www.tagseoblog.de\/neue-datenschutzbestimmungen-google-vereint-samtliche-produkte\">Google schaltet alle Dienste und Daten zusammen<\/a>, FB begl\u00fcckt seine User zwangsweise mit <a href=\"http:\/\/www.handelsblatt.com\/technologie\/it-tk\/it-internet\/facebook-timeline-zwang-fuer-alle\/6106734.html\">der umstrittenen Timeline<\/a>, Medien und Blogs nutzen verst\u00e4rkt &#8222;sammelnde&#8220; Kommentar-Systeme &#8211; das Netz zieht sich zusammen.<\/p>\n<p>Dabei geh\u00f6re ich immer schon zu jenen, die &#8222;bewusst&#8220; im Netz publizieren, egal wo. Ich folgte dem Rat der &#8222;Ahnen&#8220; ab 1996, die allen Newcomern in die Nettiquetten schrieben: &#8222;Egal, was Ihr dem Netz anvertraut, rechnet damit, dass es irgendwann irgendwo in einem anderen Zusammenhang auftauchen kann!&#8220;<!--more--><\/p>\n<p>Doch obwohl das so ist, GRUSELT mich die &#8222;totale Zusammenschaltung&#8220; von Google. Dass man jetzt &#8211; sehr eingeschr\u00e4nkt &#8211; <a href=\"http:\/\/www.zeit.de\/digital\/datenschutz\/2012-01\/google-plus-erlaubt-pseudonyme\">Pseudonyme und Spitznamen &#8222;beantragen&#8220;<\/a> kann, macht nichts besser. Im Gegenteil, es wird dadurch sehr offensichtlich, dass Google darauf besteht, SELBST den Klarnamen\/Normalnamen\/Realnamen zu kennen.<\/p>\n<p>Zum Gl\u00fcck lebe ich nicht von Adsense-Einnahmen (=die Google-Anzeigen) und hab&#8216; mich arbeitstechnisch nicht von den Google-Produkten abh\u00e4ngig gemacht. Denn wenn das alles mal zusammen geschaltet ist, wird ein &#8222;Versto\u00df gegen die Richtlinien&#8220; (auf nur EINEM der Dienste) schnell zum Existenz-bedrohenden, evtl. vernichtenden Ereignis.<\/p>\n<p>Froh bin ich auch \u00fcber meine seit Jahren etablierten Blogs auf selbst gemietetem Serverspace bei einem kleinen, mir seit 1999 <a href=\"http:\/\/www.is-fun.net\">vertrauten Provider<\/a>. Das gibt mir ein gewisses Gef\u00fchl der Unabh\u00e4ngigkeit:<br \/>\nsollte ich hier mal verschwinden, wissen viele immerhin, wo sie mich finden &#8211; zur Not auch \u00fcber meine uralte &#8222;Homepage&#8220; <a href=\"https:\/\/www.claudia-klinger.de\">www.claudia-Klinger.de<\/a><!--more-->, die (aus sentimentalen Gr\u00fcnden) optisch noch den Charme der 90ger verspr\u00fcht&#8230;<\/p>\n<p><em>Ein Ring, sie zu knechten, sie alle zu finden,<br \/>\nIns Dunkel zu treiben und ewig zu binden<\/em><\/p>\n<p>Warum kommt mir nur gerade dieser Spruch in den Sinn? Dabei bin ich nicht mal Tolkien-Fan&#8230;<\/p>\n<p>***<\/p>\n<p>Mehr dazu:<\/p>\n<p><a href=\"http:\/\/www.spiegel.de\/netzwelt\/netzpolitik\/0,1518,811221,00.html\"><br \/>\nGoogle will alles \u00fcber dich wissen<\/a> &#8211; SPIEGEL online, sehr informativ!;<\/p>\n<p><a href=\"http:\/\/www.basicthinking.de\/blog\/2012\/01\/25\/googles-neue-datenschutzerklarung-ist-bose-richtig-richtig-richtig-bose\/\">Googles neue Datenschutzerkl\u00e4rung ist b\u00f6se. Richtig, richtig, richtig b\u00f6se<\/a> &#8211; Basic Thinking;<\/p>\n<p><a href=\"http:\/\/t3n.de\/news\/neue-nutzungsbedingungen-google-361663\/\">Neue Nutzungsbedingungen: Google sammelt deine Daten bald zentral &#8211; t3n  <\/a>;<br \/>\n<a href=\"http:\/\/www.googlewatchblog.de\/2012\/01\/google-nutzungsbedingungen-2012\/\">Google aktualisiert Nutzungsbedingungen und Datenschutzbestimmungen<\/a> &#8211; GoogleWatchBlog; <\/p>\n<p><a href=\"http:\/\/www.artundweise.de\/Blog\/alle-google-produkte-vereint\/\">Alle Google-Produkte vereint<\/a> &#8211; artundweise.de;<\/p>","protected":false},"excerpt":{"rendered":"<p>Ich komme mir gerade vor wie in einem Bummelzug, der pl\u00f6tzlich auf ICE-Geschwindigkeit beschleunigt. Google schaltet alle Dienste und Daten zusammen, FB begl\u00fcckt seine User zwangsweise mit der umstrittenen Timeline, Medien und Blogs nutzen verst\u00e4rkt &#8222;sammelnde&#8220; Kommentar-Systeme &#8211; das Netz zieht sich zusammen. Dabei geh\u00f6re ich immer schon zu jenen, die &#8222;bewusst&#8220; im Netz publizieren, [&hellip;]<\/p>\n","protected":false},"author":1,"featured_media":0,"comment_status":"open","ping_status":"open","sticky":false,"template":"","format":"standard","meta":[],"categories":[7],"tags":[],"post_mailing_queue_ids":[],"_links":{"self":[{"href":"https:\/\/www.claudia-klinger.de\/digidiary\/wp-json\/wp\/v2\/posts\/791"}],"collection":[{"href":"https:\/\/www.claudia-klinger.de\/digidiary\/wp-json\/wp\/v2\/posts"}],"about":[{"href":"https:\/\/www.claudia-klinger.de\/digidiary\/wp-json\/wp\/v2\/types\/post"}],"author":[{"embeddable":true,"href":"https:\/\/www.claudia-klinger.de\/digidiary\/wp-json\/wp\/v2\/users\/1"}],"replies":[{"embeddable":true,"href":"https:\/\/www.claudia-klinger.de\/digidiary\/wp-json\/wp\/v2\/comments?post=791"}],"version-history":[{"count":0,"href":"https:\/\/www.claudia-klinger.de\/digidiary\/wp-json\/wp\/v2\/posts\/791\/revisions"}],"wp:attachment":[{"href":"https:\/\/www.claudia-klinger.de\/digidiary\/wp-json\/wp\/v2\/media?parent=791"}],"wp:term":[{"taxonomy":"category","embeddable":true,"href":"https:\/\/www.claudia-klinger.de\/digidiary\/wp-json\/wp\/v2\/categories?post=791"},{"taxonomy":"post_tag","embeddable":true,"href":"https:\/\/www.claudia-klinger.de\/digidiary\/wp-json\/wp\/v2\/tags?post=791"}],"curies":[{"name":"wp","href":"https:\/\/api.w.org\/{rel}","templated":true}]}}