{"id":770,"date":"2011-12-15T18:23:26","date_gmt":"2011-12-15T16:23:26","guid":{"rendered":"http:\/\/www.claudia-klinger.de\/digidiary\/?p=770"},"modified":"2011-12-15T18:33:28","modified_gmt":"2011-12-15T16:33:28","slug":"nurmehr-heilige-in-die-politik-woher-nehmen","status":"publish","type":"post","link":"https:\/\/www.claudia-klinger.de\/digidiary\/2011\/12\/15\/nurmehr-heilige-in-die-politik-woher-nehmen\/","title":{"rendered":"Nurmehr Heilige in die Politik? Woher nehmen?"},"content":{"rendered":"<p>Da hat unser heutiger Bundespr\u00e4sident also einen Kredit nicht angegeben, den er von einer Unternehmergattin dereinst bekommen hat. Obwohl er offiziell nach Gesch\u00e4ftsbeziehungen zum Unternehmer gefragt worden war. <\/p>\n<p>Den neuen Berliner Justiz- und Vebraucherschutzsenator Michael Braun hielt es nur 11 Tage im Amt, dann musste er zur\u00fcck treten, weil er sich &#8211; so die Behauptung &#8211; als Notar bei der Beurkundung von Immobiliengesch\u00e4ften unkorrekt verhalten habe. <\/p>\n<p>Kaum ist der neue FDP-Generalsekr\u00e4t\u00e4r nominiert, titelt das Hamburger Abendblatt <a href=\"http:\/\/www.abendblatt.de\/politik\/deutschland\/article2128468\/Fahrerflucht-Ermittlungen-gegen-Patrick-Doering.html\">&#8222;Fahrerflucht? Ermittlungen gegen Patrick D\u00f6ring&#8220;<\/a>. Ja, er habe einen R\u00fcckspiegel angekratzt, versehentlich und ohne es zu bemerken, sagt der so Beschuldigte. <!--more--><\/p>\n<p>Wer nun glaubt, es tr\u00e4fe nur die Frontm\u00e4nner und Frauen etablierter Parteien, irrt. Zwar schreibt die Presse Martina Weisband grade wg. h\u00fcbsch, jung und weiblich hoch (die das durchaus <a href=\"http:\/\/www.marinaslied.de\/?p=675\">kritisch sieht<\/a>). Daf\u00fcr trifft es Daniela Scherler, Fraktionsgesch\u00e4ftsf\u00fchrerin der Piraten-Fraktion in Berlin, die nicht nur Politikwissenschaftlerin, sondern auch Heilpraktikerin ist &#8211; eine FUNDGRUBE f\u00fcr <a href=\"http:\/\/www.scienceblogs.de\/astrodicticum-simplex\/2011\/12\/die-berliner-piraten-und-die-esoterik.php\">Anw\u00fcrfe<\/a> wegen <a href=\"http:\/\/www.scheloske.net\/index.php\/2011\/12\/kein-spass-die-seltsame-esoterik-welt-der-fraktionsgeschaeftsfuehrerin-der-berliner-piraten\/\">&#8222;Esoterik, Positiv-Denken-Geschwurbel und Nonsense&#8220;<\/a> aller Art.<\/p>\n<p>Ich sympathisiere mit keiner der genannten Personen und nur mit einer der beteiligten Parteien. Bez\u00fcglich der inkriminierten Sachverhalte mag ich jetzt auch nicht inhaltlich urteilen, denn es geht mir um etwas anderes: Das &#8222;Nieder-Schreiben&#8220; von Personen des \u00f6ffentlichen Lebens scheint zum Volkssport geworden zu sein. Jeder, der auff\u00e4llt, wird intensivst gescannt, ob sich nicht irgend etwas findet, mit dem man jetzt einen h\u00fcbschen Shitstorm entfachen kann &#8211; in hochmoralischem Impetus, versteht sich. <\/p>\n<p>Die Prominenz der jeweils Verurteilten bzw. Angegriffenen verspricht soviel mehr Aufmerksamkeit als jede ernsthafte Diskussion politischer Inhalte, dass es eines Aufgebots wahrer Heiliger bed\u00fcrfte, um diese Skandalisierungs-Maschine leer laufen zu lassen. <em>(Ach was, auch das w\u00fcrde nichts n\u00fctzen &#8211; eine Unterstellung reicht ja f\u00fcrs t\u00e4gliche &#8222;Klick-Wunder&#8220;).<\/em><\/p>\n<p>Aber woher nehmen? Wieviele Menschen gibt es wohl, die niemals niemals niemals einen kleinen oder gro\u00dfen Fehltritt begangen haben? Und wieviele davon haben gleichzeitig auch Lust, Politik zu machen, gar ein Amt zu bekleiden? <\/p>\n<p>Das ficht nat\u00fcrlich niemanden an. Ein Skandal ist ein Skandal und als solcher richtig was wert. Wir d\u00fcrfen uns also zur\u00fcck lehnen und auf die S\u00fcnden gespannt sein, die als n\u00e4chstes enth\u00fcllt werden &#8211; und dann nach Lust und Laune entscheiden, ob wir uns &#8222;viral&#8220; beteiligen.  <\/p>\n<p>Wenn zwischenzeitlich nichts los ist, kann man ja mal wieder \u00fcber Politikverdrossenheit schreiben. <\/p>","protected":false},"excerpt":{"rendered":"<p>Da hat unser heutiger Bundespr\u00e4sident also einen Kredit nicht angegeben, den er von einer Unternehmergattin dereinst bekommen hat. Obwohl er offiziell nach Gesch\u00e4ftsbeziehungen zum Unternehmer gefragt worden war. Den neuen Berliner Justiz- und Vebraucherschutzsenator Michael Braun hielt es nur 11 Tage im Amt, dann musste er zur\u00fcck treten, weil er sich &#8211; so die Behauptung [&hellip;]<\/p>\n","protected":false},"author":1,"featured_media":0,"comment_status":"open","ping_status":"open","sticky":false,"template":"","format":"standard","meta":[],"categories":[8],"tags":[],"post_mailing_queue_ids":[],"_links":{"self":[{"href":"https:\/\/www.claudia-klinger.de\/digidiary\/wp-json\/wp\/v2\/posts\/770"}],"collection":[{"href":"https:\/\/www.claudia-klinger.de\/digidiary\/wp-json\/wp\/v2\/posts"}],"about":[{"href":"https:\/\/www.claudia-klinger.de\/digidiary\/wp-json\/wp\/v2\/types\/post"}],"author":[{"embeddable":true,"href":"https:\/\/www.claudia-klinger.de\/digidiary\/wp-json\/wp\/v2\/users\/1"}],"replies":[{"embeddable":true,"href":"https:\/\/www.claudia-klinger.de\/digidiary\/wp-json\/wp\/v2\/comments?post=770"}],"version-history":[{"count":0,"href":"https:\/\/www.claudia-klinger.de\/digidiary\/wp-json\/wp\/v2\/posts\/770\/revisions"}],"wp:attachment":[{"href":"https:\/\/www.claudia-klinger.de\/digidiary\/wp-json\/wp\/v2\/media?parent=770"}],"wp:term":[{"taxonomy":"category","embeddable":true,"href":"https:\/\/www.claudia-klinger.de\/digidiary\/wp-json\/wp\/v2\/categories?post=770"},{"taxonomy":"post_tag","embeddable":true,"href":"https:\/\/www.claudia-klinger.de\/digidiary\/wp-json\/wp\/v2\/tags?post=770"}],"curies":[{"name":"wp","href":"https:\/\/api.w.org\/{rel}","templated":true}]}}