{"id":765,"date":"2011-11-25T19:34:34","date_gmt":"2011-11-25T17:34:34","guid":{"rendered":"http:\/\/www.claudia-klinger.de\/digidiary\/?p=765"},"modified":"2011-11-25T19:40:00","modified_gmt":"2011-11-25T17:40:00","slug":"keine-materie-nirgends-kommunikation-kann-kommunion-werden","status":"publish","type":"post","link":"https:\/\/www.claudia-klinger.de\/digidiary\/2011\/11\/25\/keine-materie-nirgends-kommunikation-kann-kommunion-werden\/","title":{"rendered":"Keine Materie nirgends: Kommunikation kann Kommunion werden"},"content":{"rendered":"<p>Nein, es ist NICHT esoterisch &#8211; sagt Prof. <a href=\"http:\/\/de.wikipedia.org\/wiki\/Hans-Peter_D%C3%BCrr\">Hans-Peter D\u00fcrr<\/a> in diesem, gut neun Minuten kurzen Vortrag. Und erkl\u00e4rt dann uns selbst, die Welt, das Universum und den ganzen Rest. <\/p>\n<p><em>&#8222;Einbinden auf Anfrage deaktiviert&#8220;<\/em>, hei\u00dft es leider unter dem Video. Der Klick aufs Bild bringt Euch aber hin:<\/p>\n<p><a href=\"http:\/\/www.youtube.com\/watch?v=rT6ekqvt42k\"><img decoding=\"async\" loading=\"lazy\" src=\"https:\/\/www.claudia-klinger.de\/digidiary\/wp-content\/uploads\/2011\/11\/hans-peter-duerr1.jpg\" alt=\"Hans-Peter D\u00fcrr: Es gibt keine Materie\" title=\"Hans-Peter D\u00fcrr: Es gibt keine Materie\" width=\"484\" height=\"361\" class=\"alignnone size-full wp-image-767\" srcset=\"https:\/\/www.claudia-klinger.de\/digidiary\/wp-content\/uploads\/2011\/11\/hans-peter-duerr1.jpg 484w, https:\/\/www.claudia-klinger.de\/digidiary\/wp-content\/uploads\/2011\/11\/hans-peter-duerr1-300x223.jpg 300w\" sizes=\"(max-width: 484px) 100vw, 484px\" \/><\/a><\/p>\n<p>Auf die Idee, nach Reden von Hans-Peter D\u00fcrr zu suchen, kam ich durch das Blogposting von Edda <a href=\" http:\/\/weisser-elefant.blogspot.com\/2011\/10\/quantensprung-im-oberstubchen.html\">&#8222;Quantensprung im Oberst\u00fcbchen&#8220;.<\/a> <\/p>","protected":false},"excerpt":{"rendered":"<p>Nein, es ist NICHT esoterisch &#8211; sagt Prof. Hans-Peter D\u00fcrr in diesem, gut neun Minuten kurzen Vortrag. Und erkl\u00e4rt dann uns selbst, die Welt, das Universum und den ganzen Rest. &#8222;Einbinden auf Anfrage deaktiviert&#8220;, hei\u00dft es leider unter dem Video. Der Klick aufs Bild bringt Euch aber hin: Auf die Idee, nach Reden von Hans-Peter [&hellip;]<\/p>\n","protected":false},"author":1,"featured_media":0,"comment_status":"open","ping_status":"open","sticky":false,"template":"","format":"standard","meta":[],"categories":[11],"tags":[],"post_mailing_queue_ids":[],"_links":{"self":[{"href":"https:\/\/www.claudia-klinger.de\/digidiary\/wp-json\/wp\/v2\/posts\/765"}],"collection":[{"href":"https:\/\/www.claudia-klinger.de\/digidiary\/wp-json\/wp\/v2\/posts"}],"about":[{"href":"https:\/\/www.claudia-klinger.de\/digidiary\/wp-json\/wp\/v2\/types\/post"}],"author":[{"embeddable":true,"href":"https:\/\/www.claudia-klinger.de\/digidiary\/wp-json\/wp\/v2\/users\/1"}],"replies":[{"embeddable":true,"href":"https:\/\/www.claudia-klinger.de\/digidiary\/wp-json\/wp\/v2\/comments?post=765"}],"version-history":[{"count":0,"href":"https:\/\/www.claudia-klinger.de\/digidiary\/wp-json\/wp\/v2\/posts\/765\/revisions"}],"wp:attachment":[{"href":"https:\/\/www.claudia-klinger.de\/digidiary\/wp-json\/wp\/v2\/media?parent=765"}],"wp:term":[{"taxonomy":"category","embeddable":true,"href":"https:\/\/www.claudia-klinger.de\/digidiary\/wp-json\/wp\/v2\/categories?post=765"},{"taxonomy":"post_tag","embeddable":true,"href":"https:\/\/www.claudia-klinger.de\/digidiary\/wp-json\/wp\/v2\/tags?post=765"}],"curies":[{"name":"wp","href":"https:\/\/api.w.org\/{rel}","templated":true}]}}