{"id":762,"date":"2011-11-22T11:55:45","date_gmt":"2011-11-22T09:55:45","guid":{"rendered":"http:\/\/www.claudia-klinger.de\/digidiary\/?p=762"},"modified":"2011-11-22T12:01:48","modified_gmt":"2011-11-22T10:01:48","slug":"der-motor-der-nicht-stottern-darf","status":"publish","type":"post","link":"https:\/\/www.claudia-klinger.de\/digidiary\/2011\/11\/22\/der-motor-der-nicht-stottern-darf\/","title":{"rendered":"Der Motor, der nicht stottern darf"},"content":{"rendered":"<p>Thinkabout schrieb gestern in seinem Blogposting <a href=\"http:\/\/thinkabout.ch\/article\/wir-graben-uns-in-den-schlund-der-erde\">&#8222;Wir graben uns in den Schlund der Erde&#8220;<\/a> \u00fcber den aktuellen Run auf die letzten Energie-Ressourcen unseres Planeten. Z.B. will die Gas-Branche Gas unter dem Delaware-River-Becken abbauen, das 15 Millionen Menschen im Osten der USA mit Trinkwasser versorgt &#8211; ein riskantes, mit vielerlei Risiken und Umweltsch\u00e4den verbundenes Vorhaben, das immerhin &#8222;vorerst gestoppt&#8220; wurde. Aber Thinkabout glaubt nicht dran, dass das lange h\u00e4lt, denn:<\/p>\n<blockquote><p>&#8222;Wir sind ein gieriger Moloch, eine Horde von Heuschrecken. Und wir tun der Erde nicht gut. Wirklich nicht. Am Ende aber wird das die Natur nicht k\u00fcmmern. Wir sind nur eine Episode f\u00fcr sie. Uns aber m\u00fcsste es l\u00e4ngst ganz anders k\u00fcmmern, als dies der Fall ist. Dabei ist das Problem l\u00e4ngst \u00fcberm\u00e4chtig, wenn es so weit voran geschritten ist. Wir m\u00fcssten erst Ehrlichkeit lernen \u2013 und uns bewusst machen, was die Ressource \u201cEnergiekraft\u201d uns tats\u00e4chlich kostet. &#8222;<\/p><\/blockquote>\n<p>und weiter: <\/p>\n<blockquote><p>&#8230;&#8220;Der Motor, der nicht stottern darf, heisst Wachstum. Und darum w\u00e4chst uns die Erde \u00fcber den Kopf, in dem sie unter uns, um uns und \u00fcber uns ganz langsam aber sicher ihre Ressourcen knapper und ihre Reaktionen empfindlicher werden l\u00e4sst.&#8220;<\/p><\/blockquote>\n<p>Das Tragische ist, dass es offenbar keine positive Vision f\u00fcr eine Welt (oder auch nur ein Land) ohne Wachstum gibt.  Unser Problem ist tats\u00e4chlich der \u201cfreie Markt\u201d, den wir im Grunde alle sch\u00e4tzen. Aber da ist halt strukturell inbegriffen, dass niemand den Konsumenten fragt: Willst du, dass wir f\u00fcr ein paar Amazon-P\u00e4ckchen mehr in Naturschutzgebieten \u00d6lschiefer abbauen?<\/p>\n<p>Das Bem\u00fchen um eine Energie-Wende hierzulande geht ebenfalls wie selbstverst\u00e4ndlich davon aus, dass k\u00fcnftig genauso viel Energie bzw. MEHR davon produziert werden soll \u2013 nicht etwa weniger (was auch mit \u201cErneuerbaren\u201d nicht ohne massive Umweltsch\u00e4digung geht). Und schon wegen prognostizierter<a href=\"http:\/\/www.spiegel.de\/wirtschaft\/soziales\/0,1518,798024,00.html\"> 40 Euro mehr pro Jahr<\/a> und Haushalt gibt es ein politisches Trara, als ginge es allen ans Eingemachte!<\/p>\n<p>Verzicht ist ein Unwort, Wachstum ist Zwang \u2013 und das nennen dann manche noch immer FREIHEIT.<\/p>","protected":false},"excerpt":{"rendered":"<p>Thinkabout schrieb gestern in seinem Blogposting &#8222;Wir graben uns in den Schlund der Erde&#8220; \u00fcber den aktuellen Run auf die letzten Energie-Ressourcen unseres Planeten. Z.B. will die Gas-Branche Gas unter dem Delaware-River-Becken abbauen, das 15 Millionen Menschen im Osten der USA mit Trinkwasser versorgt &#8211; ein riskantes, mit vielerlei Risiken und Umweltsch\u00e4den verbundenes Vorhaben, das [&hellip;]<\/p>\n","protected":false},"author":1,"featured_media":0,"comment_status":"open","ping_status":"open","sticky":false,"template":"","format":"standard","meta":[],"categories":[8],"tags":[],"post_mailing_queue_ids":[],"_links":{"self":[{"href":"https:\/\/www.claudia-klinger.de\/digidiary\/wp-json\/wp\/v2\/posts\/762"}],"collection":[{"href":"https:\/\/www.claudia-klinger.de\/digidiary\/wp-json\/wp\/v2\/posts"}],"about":[{"href":"https:\/\/www.claudia-klinger.de\/digidiary\/wp-json\/wp\/v2\/types\/post"}],"author":[{"embeddable":true,"href":"https:\/\/www.claudia-klinger.de\/digidiary\/wp-json\/wp\/v2\/users\/1"}],"replies":[{"embeddable":true,"href":"https:\/\/www.claudia-klinger.de\/digidiary\/wp-json\/wp\/v2\/comments?post=762"}],"version-history":[{"count":0,"href":"https:\/\/www.claudia-klinger.de\/digidiary\/wp-json\/wp\/v2\/posts\/762\/revisions"}],"wp:attachment":[{"href":"https:\/\/www.claudia-klinger.de\/digidiary\/wp-json\/wp\/v2\/media?parent=762"}],"wp:term":[{"taxonomy":"category","embeddable":true,"href":"https:\/\/www.claudia-klinger.de\/digidiary\/wp-json\/wp\/v2\/categories?post=762"},{"taxonomy":"post_tag","embeddable":true,"href":"https:\/\/www.claudia-klinger.de\/digidiary\/wp-json\/wp\/v2\/tags?post=762"}],"curies":[{"name":"wp","href":"https:\/\/api.w.org\/{rel}","templated":true}]}}