{"id":759,"date":"2011-11-17T11:53:45","date_gmt":"2011-11-17T10:53:45","guid":{"rendered":"http:\/\/www.claudia-klinger.de\/digidiary\/?p=759"},"modified":"2015-12-12T15:14:17","modified_gmt":"2015-12-12T14:14:17","slug":"postprivacy-ueber-krankheiten-schreiben","status":"publish","type":"post","link":"https:\/\/www.claudia-klinger.de\/digidiary\/2011\/11\/17\/postprivacy-ueber-krankheiten-schreiben\/","title":{"rendered":"Postprivacy: \u00dcber Krankheiten schreiben?"},"content":{"rendered":"<p>Gestern fand ich das Blog <a href=\"http:\/\/www.schlaganfall.ulinne.de\/\"><strong>Mich trifft der Schlag<\/strong><\/a> von Ulinne, einer lieben langj\u00e4hrigen Web-Bekannten, deren umfangreiches Schaffen ich phasenweise intensiv mitverfolgte. In den letzten Jahren allerdings mehr rund ums Thema <a href=\"http:\/\/www.ulinne.de\/ulinne_db\/\">&#8222;Garten&#8220;<\/a> &#8211; <em>(verdammt, wie nachl\u00e4ssig von mir, da ich so das Wichtigere nicht mitbekam!). <\/em><\/p>\n<p>Morgens aufwachen und feststellen, dass das linke Bein, der linke Arm und die linke &#8222;Tipphand&#8220; teilweise gel\u00e4hmt sind &#8211; dieses ziemlich schreckliche Erlebnis, das ab einem gewissen Alter jeden treffen kann, hat Ulinne als Einstieg in ein eigenes Blog zum Thema Schlaganfall gew\u00e4hlt. Unter &#8222;Aktuelles&#8220; liest man dann alle Details: CT, MRT, Medikamente, Arzt- und Krankenhaus-Erlebnisse bis hin zu den Kosten (ich frag mich, warum sie soviel selbst bezahlen muss) und hin zum letzten Zahnarztbesuch. <\/p>\n<p>Es ist nicht das erste Blog \u00fcber Krankheitserfahrungen, das mich beeindruckt. Und das &#8211; f\u00fcr mich als Viel-Bloggerin &#8211; auch immer die Frage aufwirft: Will ich das auch? <!--more--><\/p>\n<p>Gute Gr\u00fcnde g\u00e4be es durchaus. Ich bin ja eher medizin-kritisch eingestellt und meide \u00c4rzte, so lange es geht. Wenn es dann doch mal sein muss, mache ich fast regelm\u00e4\u00dfig die Erfahrung, dass bez\u00fcglich chronischer &#8222;Zipperlein&#8220; (wie etwa meine &#8222;Nervenwurzelreizung&#8220; im R\u00fccken, die mir l\u00e4ngeres Laufen verunm\u00f6glicht) die \u00c4rzte nichts machen k\u00f6nnen, was wirklich hilft. W\u00e4re es da nicht das Mittel der Wahl, mich wenigstens im Web umfangreich mit Mitbetroffenen auszutauschen? <\/p>\n<p>Punktuell hab&#8216; ich hier im Digital Diary durchaus mal \u00fcber so etwas geschrieben &#8211; z.B. \u00fcber den <a href=\"https:\/\/www.claudia-klinger.de\/digidiary\/2008\/04\/04\/allergischer-schnupfen\/\">&#8222;allergischen Schnupfen&#8220;<\/a>, der mich vor Jahren so plagte.  Eher eine Marginalie also. Es g\u00e4be eindr\u00fccklichere und f\u00fcr mich wichtigere Themen, vor deren Ausbreitung in meiner Bloglandschaft ich mich aber scheue. Warum? <\/p>\n<p>Mal locker aufgelistet, was mir dazu in den Kopf kommt:<\/p>\n<ul>\n<li>Immer schon fand ich es an \u00e4lteren und alten Menschen nervig, wenn sie immer mehr und immer ausschlie\u00dflicher von ihren Krankheiten erz\u00e4hlen. So will ich nicht werden, also halte ich besser die schreiberische Klappe! <\/li>\n<li>Ich verweigere auch selber die Konzentration auf meine &#8222;Zipperlein&#8220;, denn mein Leben soll nicht um Krankheiten kreisen: Was ich ernte, habe ich durch meinen Lebensstil (z.B. viel zu viel vor Monitoren sitzen) ges\u00e4ht &#8211; und da ich mit meinem Leben zufrieden bin, hadere ich nicht, sondern nehme die Folgen m\u00f6glichst gleichm\u00fctig hin. Und konzentriere mich lieber auf das, was mir Freude macht &#8211; wie immer schon&#8230;<\/li>\n<li>Ich will nicht abgestempelt werden: aha, das ist die mit dem Schlaganfall (=nur Beispiel!)&#8230; oder so. Schnell ist man in irgendwelchen Schubladen und wird fortan auch so behandelt. Zumindest ist das meine Angst.<\/li>\n<\/ul>\n<p>Andrerseits: wenn es mich richtig heftig treffen w\u00fcrde, also z.B. Schlaganfall oder <a href=\"http:\/\/www.mycomfor.de\/Blogs\/von-Relax-Senf-zu-Reizthemen\/Quo-vadis-meine-kostbare-Netzhaut-Ich-will-nicht-auf-dich-verzichten_2513?profile=12&#038;SID=f62ff9b3ee915fdfb6a4db298be9d0893280f34a\">Netzhautabl\u00f6sung<\/a> &#8211; das k\u00f6nnte ich im Digital Diary vermutlich nicht verschweigen. Denn hier schreibe ich, was mich bewegt. Und m\u00fcsste es ganz lassen, wenn ich das bei solchen Gro\u00df-Erlebnissen nicht mehr t\u00e4te. <\/p>\n<p>Wie seht Ihr das? Lest Ihr solche Geschichten gerne oder lieber nicht? Und: w\u00fcrdet ihr selbst \u00fcber eure Krankheiten schreiben? Tut es vielleicht sogar schon und habt etwas zu berichten?<\/p>","protected":false},"excerpt":{"rendered":"<p>Gestern fand ich das Blog Mich trifft der Schlag von Ulinne, einer lieben langj\u00e4hrigen Web-Bekannten, deren umfangreiches Schaffen ich phasenweise intensiv mitverfolgte. In den letzten Jahren allerdings mehr rund ums Thema &#8222;Garten&#8220; &#8211; (verdammt, wie nachl\u00e4ssig von mir, da ich so das Wichtigere nicht mitbekam!). Morgens aufwachen und feststellen, dass das linke Bein, der linke [&hellip;]<\/p>\n","protected":false},"author":1,"featured_media":0,"comment_status":"open","ping_status":"open","sticky":false,"template":"","format":"standard","meta":[],"categories":[414],"tags":[],"post_mailing_queue_ids":[],"_links":{"self":[{"href":"https:\/\/www.claudia-klinger.de\/digidiary\/wp-json\/wp\/v2\/posts\/759"}],"collection":[{"href":"https:\/\/www.claudia-klinger.de\/digidiary\/wp-json\/wp\/v2\/posts"}],"about":[{"href":"https:\/\/www.claudia-klinger.de\/digidiary\/wp-json\/wp\/v2\/types\/post"}],"author":[{"embeddable":true,"href":"https:\/\/www.claudia-klinger.de\/digidiary\/wp-json\/wp\/v2\/users\/1"}],"replies":[{"embeddable":true,"href":"https:\/\/www.claudia-klinger.de\/digidiary\/wp-json\/wp\/v2\/comments?post=759"}],"version-history":[{"count":0,"href":"https:\/\/www.claudia-klinger.de\/digidiary\/wp-json\/wp\/v2\/posts\/759\/revisions"}],"wp:attachment":[{"href":"https:\/\/www.claudia-klinger.de\/digidiary\/wp-json\/wp\/v2\/media?parent=759"}],"wp:term":[{"taxonomy":"category","embeddable":true,"href":"https:\/\/www.claudia-klinger.de\/digidiary\/wp-json\/wp\/v2\/categories?post=759"},{"taxonomy":"post_tag","embeddable":true,"href":"https:\/\/www.claudia-klinger.de\/digidiary\/wp-json\/wp\/v2\/tags?post=759"}],"curies":[{"name":"wp","href":"https:\/\/api.w.org\/{rel}","templated":true}]}}