{"id":74,"date":"2007-06-20T02:04:36","date_gmt":"2007-06-20T00:04:36","guid":{"rendered":"http:\/\/www.claudia-klinger.de\/digidiary\/2007\/06\/20\/wie-man-13-blogs-kommentiert-ohne-zu-langweilen\/"},"modified":"2014-09-10T17:10:13","modified_gmt":"2014-09-10T15:10:13","slug":"wie-man-13-blogs-kommentiert-ohne-zu-langweilen","status":"publish","type":"post","link":"https:\/\/www.claudia-klinger.de\/digidiary\/2007\/06\/20\/wie-man-13-blogs-kommentiert-ohne-zu-langweilen\/","title":{"rendered":"Wie man 13 Blogs kommentiert ohne zu langweilen&#8230;"},"content":{"rendered":"<h2>&#8230;und die anderen 39 dann doch nicht mehr schafft!<\/h2>\n<p>52 Blog-Begeisterte haben an <a href=\"http:\/\/www.probloggerworld.de\/index.php\/2007\/06\/19\/abschlu-des-blog-projekt-die-liste-der-53-teilnehmenden-blogs\/\">Ren\u00e8 Krists Blogprojekt<\/a> teil genommen. Ein paar davon hab&#8216; ich mir angesehen. Wie all diese so unterschiedlichen Menschen wohl zum Bloggen gekommen sind? Das n\u00e4mlich war das Thema, zu dem die Teilnehmer schreiben sollten.<\/p>\n<p><!--more-->Bei <strong style=\"letter-spacing: 1px\">Vincent auf Vallo.com<\/strong> fand ich <a href=\"http:\/\/www.vvallo.com\/2007\/06\/02\/wie-bin-ich-eigentlich-zum-bloggen-gekommen\/\">keine echte Antwort<\/a> auf diese Frage, daf\u00fcr aber einen interessanten Link zu seinem neuen Projekt <a href=\"http:\/\/www.der-politiker.de\/\">&#8222;Der Politiker&#8220;<\/a>. Ein PDF-Magazin zum Download alle zwei Tage, kostenlos und werbefrei, garniert mit einem <a href=\"http:\/\/blog.der-politiker.de\/\">Redaktionsblog<\/a> und einem <a href=\"http:\/\/www.der-politiker.de\/forum\/\">Forum<\/a>, das noch ein paar Mitdiskutanten vertragen k\u00f6nnte. <strong>Warum PDF<\/strong>, frag ich mich da? Ist es die Sehnsucht des Bloggers nach einer gewissen <strong>Distanz zum Medium,<\/strong> das nicht sofort zu Tode kommentiert, oder &#8211; schlimmer noch &#8211; kommentartechnisch ignoriert werden soll? Leider bleibt mir keine Zeit, weiter zu forschen,  ich will ja noch \u00fcber 50 andere Blogs besichtigen!<\/p>\n<p>&#8212;&#8212;&#8212;&#8212;&#8212;&#8212;&#8212;&#8212;&#8212;&#8212;&#8212;<br \/>\n<strong style=\"letter-spacing: 1px\">Update 10.10.14: L\u00f6schen<\/strong> musste ich den hier fr\u00fcher zu lesenden Absatz auf Wunsch einer Bloggerin, die ihre Spuren im Netz bereinigt haben will. Schade! Vorbei offenbar die Zeiten, in denen man sich trauen konnte, S\u00e4tze zu sagen wie: <em>&#8222;mir geht dieses System, die Politik auf den Geist und ich bin es leid den Schnabel zu halten, wobei ich mir das Zitat \u00bbDie Feder ist m\u00e4chtiger als das Schwert\u00ab zu Herzen genommen habe.&#8220;  <\/em><br \/>\n&#8212;&#8212;&#8212;&#8212;&#8212;&#8212;&#8212;&#8212;&#8212;&#8212;&#8212;<\/p>\n<p>Auf <strong style=\"letter-spacing: 1px\">Prinzess&#8216; Allerlei<\/strong> f\u00e4llt mir gleich das ungew\u00f6hnliche Design ins Auge: hier traut sich eine, ein St\u00fcck weitab vom Mainstream ein sehr individuelles Blog zu gestalten &#8211; toll! Dass Prinzess ihre urspr\u00fcngliche Blog-Idee, \u00fcber <em>ungewollte Kinderlosigkeit<\/em> zu schreiben, zugunsten eines allgemeinen Blogs verworfen hat, konnte ich verstehen, fand es aber gleichzeitig schade. Also mal <a href=\"http:\/\/prinzzess.myblog.de\/prinzzess\/cat\/137381\/0\/kinder_los\">dieses erste Blog<\/a> angesehen, den Artikel <a href=\"http:\/\/prinzzess.myblog.de\/prinzzess\/cat\/137381\/0\/kinder_los\">&#8222;kinder-los&#8220;<\/a> gefunden &#8211; und wieder ein <strong>krass kreatives Outfit<\/strong>, das mich an die wilden Homepages aus den Kindertagen des Webs erinnert!<\/p>\n<p>Beim n\u00e4chsten Stop auf meiner Reise quer Blogbeet, einem Projekt namens <strong>&#8222;Gedankenschrei&#8220;<\/strong> wundert mich dann schon, dass <a href=\"http:\/\/www.gedankenschrei.de\/2007\/06\/03\/wie-ich-zum-bloggen-kam\/\">die zugeh\u00f6rige Blogger-Story<\/a> von der Abwesenheit jeglicher Gedanken bez\u00fcglich eines Blog-Inhalts handelt: <em>&#8222;Ich hatte letztes Jahr total Bock mal wieder ne eigene Webseite zu schaffen. Welches Thema war mir nicht bewusst. Ich wollte nur wieder im Web vertreten sein&#8220;<\/em>, schreibt <strong style=\"letter-spacing: 1px\">Dominik, 23,<\/strong> der auf einige Erfolge, Traffic zu generieren, zur\u00fcck blickt, zum Beispiel mit &#8222;hei\u00dfen Bildern von Promis&#8220;. Irgendwann wollte er dann doch privater werden, auch mal was von sich schreiben, aber zu einem konkreten Thema hat es nicht gereicht: <em>&#8222;Ich hatte eigentlich nie einen richtigen Grund zu bloggen&#8220;.<\/em>  Tja&#8230; Dominik will die Menschen aufheitern, schreibt er \u00fcber seine Absichten. Ob &#8222;Gedankenschrei&#8220; daf\u00fcr wohl das richtige Label ist?<\/p>\n<p>Auf dem <a href=\"http:\/\/www.dimido.de\/\">Dimido-Blog<\/a> h\u00e4tte ich erwartet, dass da einer nur <strong>Di<\/strong>enstags, <strong>Mi<\/strong>ttwochs und <strong>Do<\/strong>nnerstags schreibt &#8211; aber nix da, anscheinend hat der Name gar keinen Bezug zum Blog. <strong style=\"letter-spacing: 1px\">Heinrich Weber,<\/strong> Student der Wirtschafts- und Ingenieuerwissenschaften, schreibt \u00fcber Computer, Internet, Medien und Blogosph\u00e4re in einem unauff\u00e4lligen WordPress-Theme. <a href=\"http:\/\/www.dimido.de\/2007\/06\/09\/wie-ich-zum-bloggen-kam\/\">Er kam zum bloggen,<\/a> weil er eine ungenutzte Domain \u00fcbrig hatte (aha!) und  w\u00fcnscht sich mehr Leser. Ich w\u00fcnsche ihm das Beste und surfe weiter.<\/p>\n<p>Bei <strong style=\"letter-spacing: 1px\">Barbara auf a su salud<\/strong> schau ich mir erstmal ihren <a href=\"http:\/\/astore.amazon.de\/mitvergasusal-21\/\">AStore<\/a> an: schon l\u00e4nger lieb\u00e4ugle ich mit dieser bet\u00f6rend einfachen Methode, pers\u00f6nlich gesch\u00e4tzte B\u00fccher meinen Leser\/innen anzubieten und bei Amazon Prozente zu kassieren, sofern die Auswahl ankommt. Bisher h\u00e4lt mich der Anspruch zur\u00fcck, eigentlich selbst etwas zum einzelnen Buch schreiben zu wollen &#8211; aber verdammt, besser als gar nichts ist so eine Zusammenstellung doch auf jeden Fall (und die B\u00fccher sind es allemal wert!).<\/p>\n<p>Himmel, ich schweife unziemlich ab: Barbara jedenfalls, deren Alter mit der Tagesform schwankt und deshalb nicht angegeben wird, <a href=\"http:\/\/www.ampuria.de\/wordpress\/?p=1699\">kam zum bloggen<\/a> wie die Jungfrau zum Kind: andere haben sie best\u00e4ubt, sagt sie, und es macht ihr einfach Spass &#8211; Gl\u00fcckwunsch!<\/p>\n<p><strong>Ein bl\u00fchendes Rapsfeld<\/strong> begr\u00fc\u00dft mich im Feel-Better-Blog. <strong style=\"letter-spacing: 1px\">Frank Obels<\/strong> ist eine Mischung aus Unternehmer, Berater, Trainer und Therapeut. In seinem Blog geht es <em>um die therapeutische und mentale Seite seines ICHs,<\/em> liest man unter &#8222;\u00fcber mich&#8220;, doch  sein Hauptmotiv zum Bloggen war <a href=\"http:\/\/feel-better-blog.de\/2007\/06\/04\/bloggen-bringt-saumaessig-viel-traffic-auf-deine-homepage-ehrlich\/\">&#8222;viel Traffic f\u00fcr die eigene Homepage&#8220;<\/a>, was auch gleich den Titel seiner Blog-Geschichte abgibt. Dass es damit nichts geworden ist, obwohl er bis zu f\u00fcnf Beitr\u00e4ge t\u00e4glich bloggt und <em>kein Problem damit hat, an einem Wochenende ein Buch zu schreiben<\/em>, wundert schon ein wenig! Zuwenig Energie f\u00fcrs Marketing, sagt Frank, und veranstaltet  lieber <a href=\"http:\/\/www.inconet.de\/powerbloggen.html\">Power-Blogger-Seminare<\/a>, die in drei Tagen das Bloggen beibringen: <em>&#8222;Ihre Investition in dieses Seminarerlebnis betr\u00e4gt 830,00 Euro netto&#8220;<\/em>. Ja, das ist deutlich effektiver als GoogleAds zu f\u00fcnf bis f\u00fcnfzehn Cents pro Klick, keine Frage! :-)<\/p>\n<p><em>I live my own life. I care about it.. and nobody else!<\/em> schreibt der 15-J\u00e4hrige <strong style=\"letter-spacing: 1px\">Michael Kohler<\/strong> der Welt ins Stammbuch, und bringt damit ein Lebensgef\u00fchl  &#8218;r\u00fcber, das mich mit 15 auch schwer umgetrieben hat. Wer sich ins Blog versenkt, wird erfahren, <em>um was f\u00fcr einen merkw\u00fcrdigen Menschen es sich bei <a href=\"http:\/\/www.nighttiger.net\/?p=122\">\u201cNightTiger\u201d<\/a> handelt,<\/em> verspricht Michael, der nach Mitschreibern sucht. Leider muss ich heute weiter, doch w\u00fcnsche ich ihm eine gro\u00dfe Zukunft: als Blogger und \u00fcberhaupt.<\/p>\n<p>Sozialismus 2.0 beta verspricht <strong>das rote Blog<\/strong> von <strong style=\"letter-spacing: 1px\">Daniel Weigelt<\/strong> aus Dresden.  Er ist der erste  <a href=\"http:\/\/www.woschod.de\/?p=1838\">extrem  Content-orientierte  Blogger<\/a>, den ich in diesem <a href=\"http:\/\/de.wikipedia.org\/wiki\/Blog-Karneval\">Blog-Karneval<\/a>  treffe. 400 Besucher pro Tag und mehrere  hundert News-Feed-Abonennten sind der Lohn der Anstrengungen. Dabei ist Daniels Weblandschaft noch viel weitl\u00e4ufig: neben der Autorenseite stanislaw-lem.de gibts stalinwerke.de, deutsche-kommunisten.de, sozialistische-gedenkstaetten.de &#8211; klar dass der Linux-Pinguin im Kopf seines Blogs eine rote Fahne schwenkt! Da ich nie eine altsozialistische Phase hatte, bin ich zwar beeindruckt, surfe aber weiter.<\/p>\n<p><em>&#8222;F\u00fcr alle, die ihr Leben als lebenswert empfinden wollen&#8220;<\/em> schreibt <strong style=\"letter-spacing: 1px\">Norbert Glaab<\/strong> auf seinem <strong>Lebensblog<\/strong>. Hm, klingt das nicht ein wenig angestrengt? Das eher einfache Blog-Design wirkt entspannend und un\u00fcberladen. Der Beitrag <a href=\"http:\/\/lebensfreude-blog.de\/?p=75\">&#8222;Bloggen &#8211; die Freude jeden Tag einen belebten Marktplatz zu besuchen&#8220;<\/a> erfreut das Auge durch angenehm mediengerechte Gestaltung. Ha, Norbert hat  das  Bloggen  \u00fcber  Frank Obels Seminarerlebnis (siehe oben)  gelernt, lese ich da! Und mit  Erfolg,  wie man sieht, denn in die Beitr\u00e4ge  zu Lebenskunst und Lebensqualit\u00e4t w\u00fcrde ich mich gerne vertiefen. Doch im Moment reicht die Zeit nur f\u00fcr eine Kostprobe: <a href=\"http:\/\/lebensfreude-blog.de\/?p=40\">Macht Eigensinn wirklich Sinn?<\/a><\/p>\n<p>Wie man besser lebt, ist auch das Thema von <strong style=\"letter-spacing: 1px\">Manuels Blog &#8222;Vitalgenuss&#8220;<\/strong>. Ein umfangreicher, sehr ordentlich geschriebener Artikel erwartet mich, dessen gem\u00fctlich dahin pl\u00e4tschernder erster Absatz so lange braucht, um zum Punkt zu kommen, dass ich fast abspringe. Dass mir als notorischer Schreiberin langer Artikel das mal passiert, h\u00e4tte ich nicht gedacht! Mich am Riemen rei\u00dfend versenke ich mich trotz der Widerst\u00e4nde in <a href=\"http:\/\/www.vital-genuss.de\/internet\/wie-kam-ich-zum-bloggen.html\">Manuels Blog-Geschichte<\/a> und schmunzle \u00fcber seine Selbstbeschreibung: <em>&#8222;Ich sah (und sehe) mich als Kind der \u201cM\u00fcsli-Generation\u201d, welches aber keine Lust hat, auf (\u00f6kologisch korrekten) Genuss zu verzichten ;-) Darum finden sich auf diesem Blog Inhalte zum Thema \u201cBio\u201d, \u201cWellness\u201d, Genuss und Umwelt.&#8220;<\/em> Womit \u00fcber sein Portal-artig gestaltetes Blog schon einiges gesagt ist. Sehr l\u00f6blich, das alles, ich komme bestimmt mal wieder, z.B. auf der Suche nach Wellness-Themen &#8211; jetzt aber gilt: das n\u00e4chste Blog bitte&#8230;<\/p>\n<p><strong style=\"letter-spacing: 1px\">Harald&#8217;s Weblog<\/strong> zum Thema Pers\u00f6nlichkeitsentwicklung ist das bisher schlichteste, schlichter noch als WordPress Classic im Urzustand! Hier kann man erleben, wie M\u00e4ngel in der Pr\u00e4sentation und Ergonomie eigentlich interessante Inhalte verbergen, ja verstecken k\u00f6nnen:  Keine  Navigation  au\u00dfer  voriger\/n\u00e4chster Artikel, wie  m\u00fchsam! Als Surferin will ich \u00dcBERSICHT und AUSWAHL, will Themen, Archive, Kategorien, eine Sitemap oder zumindest die letzten zehn Titel als Liste &#8211; aber nichts! Vermutlich liegts an Haralds Herkommen vom Newsletter, das er in <a href=\"http:\/\/blog.harald-dvorak.at\/2007\/06\/05\/medium-weblog-sendungsbewusstsein-oder-was\/\">seiner Blog-Story<\/a> ausf\u00fchrlich beschreibt. So richtig angekommen in der Blogosphere scheint er mir noch nicht zu sein &#8211; aber was nicht ist, kann ja noch werden.<\/p>\n<p><strong style=\"letter-spacing: 1px\">Inas Blog &#8222;Kreative Strukturen &#8211; Ideen. Internet. Inspiration&#8220;<\/strong>, das ich als n\u00e4chstes aufsuche, zeigt zu meinem Erstaunen diesselbe puristische Struktur, doch ohne dass mich das so abst\u00f6\u00dft. Liegt es an der wundervollen Titelgrafik, die so richtig die Seele streichelt? Am Titel selbst, der einem Web-Urgestein wie mir runter geht wie \u00d6l?  Im Artikel lese ich, <a href=\"http:\/\/www.kreative-strukturen.de\/2007\/06\/05\/wie-bin-ich-zum-bloggen-gekommen\/\">was Ina beim bloggen so bewegt<\/a>: <em>&#8222;Gibt es Projekte, in denen Social-Web auf Soziales Engagement trifft? Lassen sich die Vorz\u00fcge von Wiki, Blog und kollaborativem Web mit sozialen Projekten verkn\u00fcpfen?&#8220;<\/em> Hier schreibt eine, der die Welt nicht egal ist &#8211; sehr sympathisch! Neugierig bl\u00e4ttere ich weiter und finde den Beitrag <a href=\"http:\/\/www.kreative-strukturen.de\/2007\/06\/10\/gut-organisiert-im-bueroalltag-der-schreibtisch\/\">&#8222;Gut organisiert im B\u00fcroalltag &#8211; der Schreibtisch.&#8220;<\/a> Allen, die wie ich gerne wilde Stapel auft\u00fcrmen, sei er hiermit ans Herz gelegt!<\/p>\n<p><strong>Nichts geht mehr&#8230; <\/strong><\/p>\n<p>13 Blogs sind geschafft &#8211; es ist weit nach eins und ich hab&#8216; schon viereckige Augen! Die anderen Teilnehmer werden mir vielleicht verzeihen, dass ich sie heute nur noch auflisten kann. Besuchen werde ich sie aber gewiss noch und vielleicht f\u00fchre ich ja eine Blog-Review-Seite ein. Ich fand es n\u00e4mlich recht inspirierend, wieder mal genauer hinzuschauen, was andere so machen, abseits meiner gewohnten Web-Wege.  Und es gibt noch genug zu besichtigen, wer mag, kann schon mal vorgehen:<\/p>\n<div id=\"miniliste\">\n<ul>\n<li><a href=\"http:\/\/www.honda-fanzine.de\/?p=369\">Honda-fanzine.de: Wie bin ich zum Bloggen gekommen?<\/a><\/li>\n<li><a href=\"http:\/\/www.mentaltraining-online.ch\/myblog\/2007\/06\/05\/wie-ich-zum-bloggen-gekommen-bin\/\">Mentaltraining-online.ch: Wie ich zum Bloggen gekommen bin?<\/a><\/li>\n<li><a href=\"http:\/\/amendedestages.blogspot.com\/2007\/06\/so-bin-ich-zum-bloggen-gekommen.html\">Am Ende des Tages: So bin ich zum Bloggen gekommen<\/a><\/li>\n<li><a href=\"http:\/\/www.janwerthmann.de\/?p=130\">Blickwinkel: Blog-Projekt: Wie bist Du zum Bloggen gekommen?<\/a><\/li>\n<li><a href=\"http:\/\/tobia.sgrab.de\/2007\/06\/06\/wie-ich-zum-bloggen-kam\/\">Red flog: wie ich zum bloggen kam<\/a><\/li>\n<li><a href=\"http:\/\/ruben-brueckner.de\/blog\/2007\/06\/07\/wie-war-ich-denn-eigentlich-zum-bloggen-gekommen\/\">Salzstangenblog: Wie war ich denn eigentlich zum Bloggen gekommen?<\/a><\/li>\n<li><a href=\"http:\/\/www.stanleyhinz.de\/2007\/wie-bin-ich-zum-bloggen-gekommen\/\">Stanley Hinz: Wie bin ich zum bloggen gekommen?<\/a><\/li>\n<li><a href=\"http:\/\/www.ilimitado.de\/blog\/allgemeines\/bloggen-als-firma-definitiv\/\">limitado.de: Bloggen als Firma? Definitiv!<\/a><\/li>\n<li><a href=\"http:\/\/www.dnz9r.ch\/wie-ich-zum-blogger-mutiert-bin\/\">dnz9r.ch: Wie ich zum Blogger mutiert bin<\/a><\/li>\n<li><a href=\"http:\/\/www.ixpro.de\/blog\/2007\/06\/09\/warum-man-als-firma-einen-weblog-betreiben-sollte\/\">Existenzgr\u00fcndrblog: Warum man als Firma einen Weblog betreiben sollte<\/a><\/li>\n<li><a href=\"http:\/\/www.gesellschaftskritik.com\/?p=57\">gesellschaftskritik.com: Was mich zum bloggen gebracht hat<\/a><\/li>\n<li><a href=\"http:\/\/www.logray.de\/?p=93\">Logray&#8217;s Welt: Wie kam ich zum \u201cbloggen\u201d \u2026<\/a><\/li>\n<li><a href=\"http:\/\/www.blogspan.net\/464-wie-bin-ich-eigentlich-zum-bloggen-gekommen.html\">blogspan.net: Wie bin ich eigentlich zum Bloggen gekommen?<\/a><\/li>\n<li><a href=\"http:\/\/www.tommyholiday.ch\/wie-ich-zum-bloggen-gekommen-bin\/\">tommyholiday.ch: Wie ich zum Bloggen gekommen bin<\/a><\/li>\n<li><a href=\"http:\/\/www.europa-host.de\/wordpress\/geschichte-meines-weblogs\/\">dreibeinblog.de: Geschichte meines Weblogs<\/a><\/li>\n<li><a href=\"http:\/\/blog.imalltagleben.de\/blog-projekt-wie-bin-ich-zum-bloggen-gekommen\/2007\/06\/04\/\">Im Alltag leben: Blog-Projekt: Wie bin ich zum Bloggen gekommen?<\/a><\/li>\n<li><a href=\"http:\/\/www.falki-design.ch\/wordpress\/?p=1209\">Reflections: bloggen\u2026<\/a><\/li>\n<li><a href=\"http:\/\/ralphismus.blogspot.com\/2007\/06\/warum-das-ganze.html\">Ralphismus: Warum das Ganze<\/a><\/li>\n<li><a href=\"http:\/\/www.die-naselnuss.net\/2007\/06\/10\/wie-bist-du-zum-bloggen-gekommen\/\">Naselnuss: Wie bist du zum Bloggen gekommen?<\/a><\/li>\n<li><a href=\"http:\/\/www.ffcorner.com\/blog\/?p=75\">Mi &#038; We: Bloggen &#8211; wieso, weshalb, warum?<\/a><\/li>\n<li><a href=\"http:\/\/tanja.schicksalsengel.de\/?p=1004\">Supernova: So bin ich zum Bloggen gekommen<\/a><\/li>\n<li><a href=\"http:\/\/www.rssjunkie.de\/wordpress\/2007-06-10\/ich-war-jung-nur-geld-gab-es-keins_939.html\">RSS-Junkie: Ich war jung nur Geld gab es keins!<\/a><\/li>\n<li><a href=\"http:\/\/www.tobbis-blog.de\/index.php\/allgemein\/2007-06-11-wie-ich-zum-bloggen-gekommen-bin\/\">Tobbis Blog: Wie ich zum bloggen gekommen bin<\/a><\/li>\n<li><a href=\"https:\/\/www.claudia-klinger.de\/digidiary\/2007\/06\/11\/von-der-homepage-zum-blog-meine-netzgeschichte\/\">CK: Von der Homepage zum Blog: meine Netzgeschichte<\/a><\/li>\n<li><a href=\"http:\/\/www.das-wilde-gartenblog.de\/2007\/06\/11\/wie-ich-zum-bloggen-gekommen-bin\/\">Das wilde Gartenblog: Wie ich zum Bloggen gekommen bin<\/a><\/li>\n<li><a href=\"http:\/\/www.teddykrieger-blog.de\/?p=149\">teddykrieger: Wie alles begann\u2026<\/a><\/li>\n<li><a href=\"http:\/\/www.theofel.de\/archives\/2007\/06\/wie-bin-ich-zum-bloggen-gekommen.html\">Jans Technik-Blog: Wie bin ich zum Bloggen gekommen?<\/a><\/li>\n<li><a \/><a href=\"http:\/\/andreashobi.blogspot.com\/2007\/06\/wie-ich-zum-bloggen-kam.html\">24 HOURS: Wie ich zum Bloggen kam<\/a><\/li>\n<li><a href=\"http:\/\/www.vi-su.de\/wie-alles-begann\/2007\/06\/12\/\">vi-su: Wie alles begann?<\/a><\/li>\n<li><a href=\"http:\/\/www.spacezone.de\/blog\/pivot\/entry.php?id=38&#038;w=de\">spacezone.de: Blog sucht Sph\u00e4re oder: Warum blogge ich?<\/a><\/li>\n<li><a href=\"http:\/\/ver-rueckt.net\/?p=414\">ver-rueckt.net: Wie bin ich zum bloggen gekommen? &#8211; Ein Blog-Projekt<\/a><\/li>\n<li><a href=\"http:\/\/www.das-bloggt.de\/diesdas\/blog-projekt-wie-bin-ich-zum-bloggen-gekommen\/\">das-bloggt.de: Blog-Projekt &#8211; wie bin ich zum Bloggen gekommen<\/a><\/li>\n<li><a href=\"http:\/\/www.rudi-menteres.de\/wie-bin-ich-zum-bloggen-gekommen\">rudi-menteres: Wie bin ich zum Bloggen gekommen<\/a><\/li>\n<li><a href=\"http:\/\/blog.max-fun.de\/2007\/06\/13\/wie-hat-das-bei-uns-mit-dem-bloggen-angefangen\/\">blog.max-fun.de: Wie hat das bei uns mit dem Bloggen angefangen<br \/>\n<\/a><\/li>\n<li><a href=\"http:\/\/www.technovelty.de\/?p=782\">technovelty.de: Wie ich zum Bloggen gekommen bin?<\/a><\/li>\n<li><a href=\"http:\/\/kaennchen-blog.de\/?p=45\">Draussen nur K\u00e4nnchen: Wie ich zum Bloggen gekommen bin.<\/a><\/li>\n<li><a href=\"http:\/\/www.hot-elle.de\/2007-06-13\/lassen-wir-die-katze-aus-dem-sack\/\">Buenos Dias Elias: Lassen wir die Katze aus dem Sack<\/a><\/li>\n<li><a href=\"http:\/\/kunstfreunde.blogspot.com\/2007\/06\/wie-ich-zum-bloggen-gekommen-bin.html\">KUNSTFREUNDE: Wie ich zum bloggen gekommen bin<\/a><\/li>\n<li><a href=\"http:\/\/www.internet-marketing-guide.de\/allgemein\/der-internet-marketing-guide-startet.html\">Internet-Marketing-Guide: Der Internet Marketing Guide startet<\/a><\/li>\n<\/ul>\n<\/div>","protected":false},"excerpt":{"rendered":"<p>&#8230;und die anderen 39 dann doch nicht mehr schafft! 52 Blog-Begeisterte haben an Ren\u00e8 Krists Blogprojekt teil genommen. Ein paar davon hab&#8216; ich mir angesehen. Wie all diese so unterschiedlichen Menschen wohl zum Bloggen gekommen sind? Das n\u00e4mlich war das Thema, zu dem die Teilnehmer schreiben sollten.<\/p>\n","protected":false},"author":1,"featured_media":0,"comment_status":"open","ping_status":"open","sticky":false,"template":"","format":"standard","meta":[],"categories":[7],"tags":[],"post_mailing_queue_ids":[],"_links":{"self":[{"href":"https:\/\/www.claudia-klinger.de\/digidiary\/wp-json\/wp\/v2\/posts\/74"}],"collection":[{"href":"https:\/\/www.claudia-klinger.de\/digidiary\/wp-json\/wp\/v2\/posts"}],"about":[{"href":"https:\/\/www.claudia-klinger.de\/digidiary\/wp-json\/wp\/v2\/types\/post"}],"author":[{"embeddable":true,"href":"https:\/\/www.claudia-klinger.de\/digidiary\/wp-json\/wp\/v2\/users\/1"}],"replies":[{"embeddable":true,"href":"https:\/\/www.claudia-klinger.de\/digidiary\/wp-json\/wp\/v2\/comments?post=74"}],"version-history":[{"count":0,"href":"https:\/\/www.claudia-klinger.de\/digidiary\/wp-json\/wp\/v2\/posts\/74\/revisions"}],"wp:attachment":[{"href":"https:\/\/www.claudia-klinger.de\/digidiary\/wp-json\/wp\/v2\/media?parent=74"}],"wp:term":[{"taxonomy":"category","embeddable":true,"href":"https:\/\/www.claudia-klinger.de\/digidiary\/wp-json\/wp\/v2\/categories?post=74"},{"taxonomy":"post_tag","embeddable":true,"href":"https:\/\/www.claudia-klinger.de\/digidiary\/wp-json\/wp\/v2\/tags?post=74"}],"curies":[{"name":"wp","href":"https:\/\/api.w.org\/{rel}","templated":true}]}}