{"id":723,"date":"2011-07-24T11:45:03","date_gmt":"2011-07-24T09:45:03","guid":{"rendered":"http:\/\/www.claudia-klinger.de\/digidiary\/?p=723"},"modified":"2011-08-23T21:54:42","modified_gmt":"2011-08-23T19:54:42","slug":"massenmord-fuer-die-aufmerksamkeit","status":"publish","type":"post","link":"https:\/\/www.claudia-klinger.de\/digidiary\/2011\/07\/24\/massenmord-fuer-die-aufmerksamkeit\/","title":{"rendered":"Massenmord f\u00fcr die Aufmerksamkeit &#8211; zu den Attentaten in Oslo"},"content":{"rendered":"<p>Konstantin Klein schreibt in seinem Blog <a href=\"http:\/\/www.konstantinklein.com\/2011\/07\/der-reflex.html\">denkw\u00fcrdige S\u00e4tze \u00fcber die ersten Reaktionen<\/a> auf das verst\u00f6rende Attentat in Oslo:<\/p>\n<blockquote><p>Worum es mir geht, ist der Reflex \u201cTerror? Islamismus!\u201d.<\/p>\n<p>Was sagt uns dieser Reflex? Schuld sollen fremde Menschen aus einem fremden Kulturkreis mit fremder Denkweise sein. Schuld sollen Menschen sein, die dadurch, dass sie nicht aus unserem Kulturkreis stammen, anders sind als wir. Durch das Anderssein dieser \u00fcblichen Verd\u00e4chtigen sind wir von dem Zwang befreit, \u00fcber uns, \u00fcber die dunklen Ecken unserer Gesellschaft nachzudenken. Durch das Anderssein dieser Verd\u00e4chtigen k\u00f6nnen wir uns abgrenzen, k\u00f6nnen organisatorische, rechtliche, tats\u00e4chliche Z\u00e4une ziehen, k\u00f6nnen immer wieder und immer mehr zur Wachsamkeit aufrufen und damit politisch nutzbare Angst erzeugen.<\/p>\n<p>Dieser Reflex erz\u00e4hlt uns aber nicht nur von latenter oder offensichtlicher Fremdenangst; er erz\u00e4hlt auch von der Sehnsucht nach raschen, einfachen und bequemen Erkl\u00e4rungen, von der Angst davor, sich mit neuen, unbekannten Bedrohungen auseinandersetzen zu m\u00fcssen, keine in drei S\u00e4tze zu fassende Erkl\u00e4rung zu haben.\n<\/p><\/blockquote>\n<p><!--more--><br \/>\nRecht hat er! Gerade hab&#8216; ich mir die grusligen Verlautbarungen dieses sich &#8222;konservativ&#8220; nennenden rechtsradikalen Terroristen in Ausz\u00fcgen angeschaut. Ein ellenlanges Video \u00fcber eine Art &#8222;Tempelritterkampf&#8220; gegen Islamisierung, politische Korrektheit, Multikulturalismus und Kommunismus. F\u00fcr einen Einzelnen ein recht aufw\u00e4ndiges Werk, erst recht die 1500 Seiten \u201cManifest zur Rettung Europas\u201d, \u00fcber die das NPD-Blog.info (das eigentlich NPD-Watch-Blog.info heissen m\u00fcsste!) richtig schreibt: <\/p>\n<blockquote><p>&#8222;Breiviks Thesen zu Islam und 68ern lassen sich Millionenfach in Internet-Foren und auch Mainstream-Medien nachlesen. Unter dem Banner der Meinungsfreiheit (\u201cDas wird man ja wohl noch sagen d\u00fcrfen!\u201d) wird eine angebliche linke Hegemonie gezeichnet und der Untergang des Abendlandes beklagt. Eine brisante Mischung aus Minderwertigkeitskomplexen und Chauvinismus, die mit religi\u00f6sen Elementen verbunden offenbar das Motiv f\u00fcr den Massenmord in Norwegen geliefert hat.\n<\/p><\/blockquote>\n<p>(<a href=\"http:\/\/npd-blog.info\/2011\/07\/24\/massaker-marketing-manifest-1516\/\">weiter lesen..<\/a>)<\/p>\n<p>Da ermordert also einer ca. 90 Leute, um Aufmerksamkeit zu bekommen. Aufmerksamkeit f\u00fcr abseitige, menschenverachtende, gr\u00f6\u00dfenwahnsinnige Gedanken, die sowieso schon vielfach in der Welt sind &#8211; aber eben doch nicht von &#8222;den Massen&#8220; \u00fcbernommen werden. <\/p>\n<ul>\n<li>Weil die Mehrheit der Europ\u00e4er\/innen eben doch nicht so irre, so undemokratisch, so kriegsl\u00fcstern, so verschw\u00f6rungsgl\u00e4ubig, so rechtsaussen ist, wie manche meinen. <\/li>\n<li>\nWeil dieses ganze xenophobe, r\u00fcckw\u00e4rtsgewandte, den Herausfordergungen der globalisierten Welt in keiner Weise gerecht werdende wirre Zeug eben doch nicht mehrheitsf\u00e4hig ist &#8211; und es meiner Ansicht nach auch niemals mehr werden wird. <\/li>\n<li>Aber vor allem, weil wir eben schon viel mehr Europ\u00e4er\/innen und Weltb\u00fcrger\/innen sind, als es sich so ein gro\u00dfmannss\u00fcchtiger Niemand wie dieser Breivik vorstellen kann. Wer will denn heute noch heim ins rein deutsche Reich? Das w\u00fcrden nicht mal Neonazis wirklich aushalten!<\/li>\n<\/ul>\n<p>Genug f\u00fcr jetzt. Das Ganze kotzt mich so richtig an. Mein Mitgef\u00fchl geh\u00f6rt den Norwegern, die etwas abbekommen haben, was \u00fcberall h\u00e4tte passieren k\u00f6nnen, auch hier in Berlin. Insbesondere tun mir die jungen Leute leid, die auf der Insel waren &#8211; was f\u00fcr ein Horror!<\/p>","protected":false},"excerpt":{"rendered":"<p>Konstantin Klein schreibt in seinem Blog denkw\u00fcrdige S\u00e4tze \u00fcber die ersten Reaktionen auf das verst\u00f6rende Attentat in Oslo: Worum es mir geht, ist der Reflex \u201cTerror? Islamismus!\u201d. Was sagt uns dieser Reflex? Schuld sollen fremde Menschen aus einem fremden Kulturkreis mit fremder Denkweise sein. Schuld sollen Menschen sein, die dadurch, dass sie nicht aus unserem [&hellip;]<\/p>\n","protected":false},"author":1,"featured_media":0,"comment_status":"open","ping_status":"open","sticky":false,"template":"","format":"standard","meta":[],"categories":[8],"tags":[],"post_mailing_queue_ids":[],"_links":{"self":[{"href":"https:\/\/www.claudia-klinger.de\/digidiary\/wp-json\/wp\/v2\/posts\/723"}],"collection":[{"href":"https:\/\/www.claudia-klinger.de\/digidiary\/wp-json\/wp\/v2\/posts"}],"about":[{"href":"https:\/\/www.claudia-klinger.de\/digidiary\/wp-json\/wp\/v2\/types\/post"}],"author":[{"embeddable":true,"href":"https:\/\/www.claudia-klinger.de\/digidiary\/wp-json\/wp\/v2\/users\/1"}],"replies":[{"embeddable":true,"href":"https:\/\/www.claudia-klinger.de\/digidiary\/wp-json\/wp\/v2\/comments?post=723"}],"version-history":[{"count":0,"href":"https:\/\/www.claudia-klinger.de\/digidiary\/wp-json\/wp\/v2\/posts\/723\/revisions"}],"wp:attachment":[{"href":"https:\/\/www.claudia-klinger.de\/digidiary\/wp-json\/wp\/v2\/media?parent=723"}],"wp:term":[{"taxonomy":"category","embeddable":true,"href":"https:\/\/www.claudia-klinger.de\/digidiary\/wp-json\/wp\/v2\/categories?post=723"},{"taxonomy":"post_tag","embeddable":true,"href":"https:\/\/www.claudia-klinger.de\/digidiary\/wp-json\/wp\/v2\/tags?post=723"}],"curies":[{"name":"wp","href":"https:\/\/api.w.org\/{rel}","templated":true}]}}