{"id":627,"date":"2011-01-14T14:44:42","date_gmt":"2011-01-14T12:44:42","guid":{"rendered":"http:\/\/www.claudia-klinger.de\/digidiary\/?p=627"},"modified":"2011-01-26T12:48:38","modified_gmt":"2011-01-26T10:48:38","slug":"hartz-iv-und-private-krankenversicherung-von-199-euro-leben","status":"publish","type":"post","link":"https:\/\/www.claudia-klinger.de\/digidiary\/2011\/01\/14\/hartz-iv-und-private-krankenversicherung-von-199-euro-leben\/","title":{"rendered":"Hartz IV und private Krankenversicherung &#8211; von 199 Euro leben?"},"content":{"rendered":"<p>[<strong>Update 19.1.2010:<\/strong> das Bundessozialgericht <a href=\"http:\/\/www.1a-krankenversicherung.de\/nachrichten\/urteil-jobcenter-muessen-pkv-beitraege-bei-hartz-iv-zahlen-10797\">hat in dieser Sache entschieden<\/a>, dass der Beitrag zur PKV von den Jobcentern getragen werden muss!]<\/p>\n<p>Der Beitrag  im gestrigen RBB-Magazin Kontraste <a href=\"http:\/\/www.rbb-online.de\/kontraste\/archiv\/kontraste_vom_13_01\/2__beitrag.html\">&#8222;Hartz IV &#8211; Privatversicherte unter Existenzminimum&#8220;<\/a> hat mich richtig erbost: <!--more--><\/p>\n<p>Alle, die vor ihrem Harz IV-Bezug privat krankenversichert waren, fallen in ein tiefes Loch. Denn sie bekommen nur genau den Betrag f\u00fcr die Krankenversicherung, der auch f\u00fcr gesetzlich Versicherte bezahlt wird. Den gro\u00dfen Rest m\u00fcssen sie <strong>aus dem Regelsatz bezahlen!<\/strong> Zur\u00fcck in die &#8222;Gesetzliche&#8220; d\u00fcrfen sie aber auch nicht.<\/p>\n<p>Das f\u00fchrt dazu, dass sie z.B. <strong>von 199 Euro im Monat leben<\/strong> m\u00fcssen &#8211; inkl. Strom und Gas. Denn f\u00fcr die Krankenversicherung zahlt die ARGE 131 Euro, der Beitrag betr\u00e4gt aber 300 und mehr.<\/p>\n<p>Besonders perfide ist, dass diese &#8222;L\u00fccke&#8220; allen zust\u00e4ndigen Politikern lange bekannt ist. Sie entstand w\u00e4rend der Gesundheitsreform der gro\u00dfen Koalition, die sich nicht auf eine Regelung einigen konnte, die dem Leistungsbezieher sein Existenzminimum sichert. Und das ist bis heute so! Zust\u00e4ndig sind jetzt R\u00f6sler und  von der Leyen, die seit Jahren eine Neuregelung ank\u00fcndigen, faktisch aber nichts tun.<\/p>\n<p>Es g\u00e4be folgende drei M\u00f6glichkeiten: <\/p>\n<ol>\n<li>\nZur\u00fcck in die Gesetzliche Krankenversicherung &#8211; mit dem Nachteil, dass so wieder einmal Risiken sozialisiert werden, anstatt dass die Private KV diese mittr\u00e4gt. <\/li>\n<li>Das Jobcenter \u00fcbernimmt die vollen Kosten &#8211; auch hier w\u00fcrden die Privaten gegen\u00fcber den Gesetzlichen deutlich besser gestellt.<\/li>\n<li>Private bekommen nur soviel Geld wie die Gesetzlichen. &#8211; Das w\u00e4re gerecht, doch hierf\u00fcr m\u00fcssten sich die Minister mit der m\u00e4chtigen PKV-Lobby anlegen.<\/li>\n<\/ol>\n<p>Also tut man einfach nichts! Obwohl doch hierzulande jeder das <strong>Recht auf sein Existenzminimum<\/strong> hat, dass mit dem Hartz IV-Regelsatz auch deutlich definiert ist.<\/p>\n<p>Eine \u00fcble Sauerei auf dem R\u00fccken der Schwachen, eines Rechtsstaats nicht w\u00fcrdig. Aber von dem entfernt sich DE ja eh mit gro\u00dfen Schritten &#8211; und kaum jemanden st\u00f6rts!<\/p>","protected":false},"excerpt":{"rendered":"<p>[Update 19.1.2010: das Bundessozialgericht hat in dieser Sache entschieden, dass der Beitrag zur PKV von den Jobcentern getragen werden muss!] Der Beitrag im gestrigen RBB-Magazin Kontraste &#8222;Hartz IV &#8211; Privatversicherte unter Existenzminimum&#8220; hat mich richtig erbost:<\/p>\n","protected":false},"author":1,"featured_media":0,"comment_status":"open","ping_status":"open","sticky":false,"template":"","format":"standard","meta":[],"categories":[8],"tags":[236,237],"post_mailing_queue_ids":[],"_links":{"self":[{"href":"https:\/\/www.claudia-klinger.de\/digidiary\/wp-json\/wp\/v2\/posts\/627"}],"collection":[{"href":"https:\/\/www.claudia-klinger.de\/digidiary\/wp-json\/wp\/v2\/posts"}],"about":[{"href":"https:\/\/www.claudia-klinger.de\/digidiary\/wp-json\/wp\/v2\/types\/post"}],"author":[{"embeddable":true,"href":"https:\/\/www.claudia-klinger.de\/digidiary\/wp-json\/wp\/v2\/users\/1"}],"replies":[{"embeddable":true,"href":"https:\/\/www.claudia-klinger.de\/digidiary\/wp-json\/wp\/v2\/comments?post=627"}],"version-history":[{"count":0,"href":"https:\/\/www.claudia-klinger.de\/digidiary\/wp-json\/wp\/v2\/posts\/627\/revisions"}],"wp:attachment":[{"href":"https:\/\/www.claudia-klinger.de\/digidiary\/wp-json\/wp\/v2\/media?parent=627"}],"wp:term":[{"taxonomy":"category","embeddable":true,"href":"https:\/\/www.claudia-klinger.de\/digidiary\/wp-json\/wp\/v2\/categories?post=627"},{"taxonomy":"post_tag","embeddable":true,"href":"https:\/\/www.claudia-klinger.de\/digidiary\/wp-json\/wp\/v2\/tags?post=627"}],"curies":[{"name":"wp","href":"https:\/\/api.w.org\/{rel}","templated":true}]}}