{"id":601,"date":"2010-11-25T11:52:03","date_gmt":"2010-11-25T09:52:03","guid":{"rendered":"http:\/\/www.claudia-klinger.de\/digidiary\/?p=601"},"modified":"2010-12-06T12:08:09","modified_gmt":"2010-12-06T10:08:09","slug":"brauchen-wir-gemeinsame-ziele","status":"publish","type":"post","link":"https:\/\/www.claudia-klinger.de\/digidiary\/2010\/11\/25\/brauchen-wir-gemeinsame-ziele\/","title":{"rendered":"Brauchen wir gemeinsame Ziele?"},"content":{"rendered":"<p>Angesichts einer solchen \u00dcberschrift werden sich sicher gleich etliche Leser\/innen fragen: Welches WIR? <\/p>\n<p>Es eckt an, heute &#8222;wir&#8220; zu sagen. denn egal, wie nahe oder ferne der gemeinte Kontext gerade liegen mag, denkt man als Leser nicht zu allererst das wahrscheinlichste &#8222;Wir&#8220; einfach mit, sondern sieht sich im Gegenteil eingemeindet in vermutlich nicht selbst mitbestimmte Interressen. Was habe ICH mit diesem WIR zu tun?<!--more--><\/p>\n<p>Nun, ich bin heute zu dieser \u00dcberschrift gekommen aufgrund eines <a href=\"http:\/\/gemeinsamleben.wordpress.com\/2010\/11\/23\/nur-nicht-argern\/#comment-494\">Kommentars von Michael Kostic<\/a> auf Menachems Blog &#8222;Gemeinsam Leben&#8220;. Der schrieb zu Menachems Artikel <a href=\"http:\/\/gemeinsamleben.wordpress.com\/2010\/11\/23\/nur-nicht-argern\/\">&#8222;Nur nicht \u00e4rgern&#8220;<\/a> und zur <a href=\"http:\/\/gemeinsamleben.wordpress.com\/2010\/11\/23\/nur-nicht-argern\/#comment-492\">von mir zuvor beklagten<\/a> Bunker-Mentalit\u00e4t vieler Krisen-Kassandras: <\/p>\n<blockquote><p>\n&#8222;Ohne erkennbare gemeinsame Ziele, driftet jede Gesellschaft zusehends auseinander. Im Gro\u00dfen wie im Kleinen. Familie, Firma, oder Gesamtbev\u00f6lkerung. Wir hatten die Chance etwas neues zu schaffen und vor lauter Arbeit kl\u00e4glich versagt. Weiter noch verweigern wir uns weiterhin dieser Einsicht.&#8220;<\/p><\/blockquote>\n<p>Das WIR sei also hier die Familie, die Firma, die Gesamtbev\u00f6lkerung. Ich f\u00fcge noch &#8222;das Paar&#8220; hinzu, denn auch da ist festzustellen: Wenn die erste Phase der Verliebtheit &#8218;rum ist, tun sich Paare schwer, die keine gemeinsamen Ziele und Aufgaben haben. Hat man aber z.B. als &#8222;Familie in spe&#8220; einen Hausbau zu bew\u00e4ltigen, dann tritt die Krise oft nach Fertigstellung ein. Das Ziel ist erreicht &#8211; und jetzt?<\/p>\n<p>In meiner Herkunftsfamilie gab es ab meinem 9. Lebensjahr ein gemeinsames Ziel: der j\u00e4hrliche Camping-Urlaub. Darauf wurde das ganze Jahr gespart, vorgeplant, sich gefreut  &#8211; und trotz all der durchaus heftigen famili\u00e4ren Konflikte hatte das was Befriedendes: im Urlaub kamen wir alle auf unsere Kosten (\u00fcbrigens gerade dadurch, dass im Urlaub weitgehend jeder seins machen durfte, anders als zuhause). <\/p>\n<h2>Was k\u00f6nnen Staaten wollen?<\/h2>\n<p>Was aber ist mit &#8222;der Gesamtbev\u00f6lkerung&#8220;? Kann die denn jemals gemeinsame Ziele haben? Oder ist &#8222;der Staat&#8220; gemeint? S\u00e4kulare Staaten sind ja gerade dadurch ertr\u00e4glich, dass sie die Erreichung des Gl\u00fccks dem Individuum \u00fcberlassen &#8211; und nur den Erhalt der Rahmenbedingugen gew\u00e4hrleisten wollen (Rechtsordnung, Infrastruktur etc.).<\/p>\n<p>Hinzu kommt der Bedeutungsverlust der Nationalstaaten (den ich begr\u00fc\u00dfe). Was kann bzw. soll EUROPA als gemeinsames Ziel wollen? Nun, im Vergleich zum asiatischen, amerikanischen und arabischen Raum f\u00e4llt mir da durchaus einiges ein! Die Menschenrechte zum Beispiel, eine nachhaltige Umweltpolitik &#8211; und nat\u00fcrlich eine kreative Auseinandersetzung mit den Widerspr\u00fcchen des Kapitalismus, die derzeit &#8222;das System&#8220; an allen Ecken und Enden knirschen l\u00e4sst.<\/p>\n<p>Aber k\u00f6nnen das Ziele sein, die den Einzelnen davon abhalten, nur an sich und seine Familie zu denken? Man nehme nur das Beispiel der Fassadensanierung: alle denken nur an die drohenden Mietsteigerungen, nicht etwa an die immense Energie-Einsparung. Dann aber votieren diesselben Personen f\u00fcr&#8217;s Abschalten der AKWs und das Vorantreiben der erneuerbaren Energien. Aber bitte nicht, wenns uns was kostet &#8211; oder wie?<\/p>\n<p>Welche Ziele k\u00f6nnten denn tats\u00e4chlich zu mehr Gemeinsinn motivieren? Was meint Ihr?<\/p>\n<p>.<\/p>","protected":false},"excerpt":{"rendered":"<p>Angesichts einer solchen \u00dcberschrift werden sich sicher gleich etliche Leser\/innen fragen: Welches WIR? Es eckt an, heute &#8222;wir&#8220; zu sagen. denn egal, wie nahe oder ferne der gemeinte Kontext gerade liegen mag, denkt man als Leser nicht zu allererst das wahrscheinlichste &#8222;Wir&#8220; einfach mit, sondern sieht sich im Gegenteil eingemeindet in vermutlich nicht selbst mitbestimmte [&hellip;]<\/p>\n","protected":false},"author":1,"featured_media":0,"comment_status":"open","ping_status":"open","sticky":false,"template":"","format":"standard","meta":[],"categories":[8],"tags":[],"post_mailing_queue_ids":[],"_links":{"self":[{"href":"https:\/\/www.claudia-klinger.de\/digidiary\/wp-json\/wp\/v2\/posts\/601"}],"collection":[{"href":"https:\/\/www.claudia-klinger.de\/digidiary\/wp-json\/wp\/v2\/posts"}],"about":[{"href":"https:\/\/www.claudia-klinger.de\/digidiary\/wp-json\/wp\/v2\/types\/post"}],"author":[{"embeddable":true,"href":"https:\/\/www.claudia-klinger.de\/digidiary\/wp-json\/wp\/v2\/users\/1"}],"replies":[{"embeddable":true,"href":"https:\/\/www.claudia-klinger.de\/digidiary\/wp-json\/wp\/v2\/comments?post=601"}],"version-history":[{"count":0,"href":"https:\/\/www.claudia-klinger.de\/digidiary\/wp-json\/wp\/v2\/posts\/601\/revisions"}],"wp:attachment":[{"href":"https:\/\/www.claudia-klinger.de\/digidiary\/wp-json\/wp\/v2\/media?parent=601"}],"wp:term":[{"taxonomy":"category","embeddable":true,"href":"https:\/\/www.claudia-klinger.de\/digidiary\/wp-json\/wp\/v2\/categories?post=601"},{"taxonomy":"post_tag","embeddable":true,"href":"https:\/\/www.claudia-klinger.de\/digidiary\/wp-json\/wp\/v2\/tags?post=601"}],"curies":[{"name":"wp","href":"https:\/\/api.w.org\/{rel}","templated":true}]}}