{"id":600,"date":"2010-11-20T12:23:29","date_gmt":"2010-11-20T10:23:29","guid":{"rendered":"http:\/\/www.claudia-klinger.de\/digidiary\/?p=600"},"modified":"2010-12-06T12:08:27","modified_gmt":"2010-12-06T10:08:27","slug":"bombenattrappen-und-anschlagsszenarien","status":"publish","type":"post","link":"https:\/\/www.claudia-klinger.de\/digidiary\/2010\/11\/20\/bombenattrappen-und-anschlagsszenarien\/","title":{"rendered":"Bombenattrappen und Anschlagsszenarien"},"content":{"rendered":"<p>So, die &#8222;Bombe&#8220; war also eine Attrappe, ein Test-Koffer, der nur einfach auf einem Flughafen in Namibia herum stand. Und  unser Innenminister hat 27 Stunden gebraucht, um das endlich bekannt zu geben. Tolle Gelegenheit f\u00fcr unsere &#8222;Qualit\u00e4tspresse&#8220;, den Vorfall im Stil einer &#8222;stillen Post&#8220; zur echten Bombe aufzublasen, die gar schon im Flugzeug nach Deutschland unterwegs gewesen w\u00e4re.<a href=\"http:\/\/www.sueddeutsche.de\/politik\/innenminister-zu-terrorgefahr-de-maizire-an-der-orgel-der-angst-1.1026195\"> Alles Mumpitz!<\/a> <\/p>\n<p>Entwarnung ist trotzdem nicht, denn angeblich sind ja Terroristen grade dabei, einen Anschlag auf den Reichstag vorzubereiten. &#8222;Ein Sturmangriff auf das Herz der Demokratie&#8220;, wie der <a href=\"http:\/\/www.spiegel.de\/politik\/deutschland\/0,1518,730191,00.html\">SPIEGEL<\/a> pathetisch textet. <!--more--><\/p>\n<h2>Was ist neu?<\/h2>\n<p>Nun stehen also mehr Polizisten herum, ordentlich bewaffnet und beschwert mit Metallplatten-verst\u00e4rkten Schutzwesten. (Ob so einer eigentlich noch rennen kann?) Die Medien freuen sich \u00fcber das Angst-Thema, doch in meinem Bekanntenkreis hat noch niemand gesagt oder geschrieben, dass er jetzt besondere Angst empf\u00e4nde. Schlie\u00dflich wird uns seit Jahren vermittelt, dass wir in den Fokus der Aufmerksamkeit islamistischer Terroristen geraten sind. Immer wieder liest man, dass junge M\u00e4nner in pakistanischen Camps das Terror-Handwerk erlernen (weshalb auch die Spenden bei der \u00dcberschwemmung nur tr\u00f6pfelten). Hat uns das vom Hocker gehauen?<\/p>\n<p>Es sollen jetzt also wieder ein paar davon unterwegs zu uns sein, bzw. zwei seien schon eingereist. Die Infos stammen ebenfalls von einem &#8222;Dschihadisten&#8220;, der angeblich aussteigen will &#8211; eine wahrhaft verl\u00e4ssliche Quelle! Durch die &#8222;konkreten&#8220; Hinweise f\u00fchlen sich Politiker berechtigt bzw. gefordert, die Bev\u00f6lkerung mit Warnungen und martialisch wirkenden &#8222;Ma\u00dfnahmen&#8220; in Angst zu versetzen. Und sogleich werden auch sch\u00e4rfere Gesetze gefordert &#8211; die ganze Palette an \u00dcberwachungsma\u00dfnahmen, gegen die es hierzulande zum Gl\u00fcck erhebliche Widerst\u00e4nde gibt. WDR-Mitarbeiter Rainald Becker <a href=\"http:\/\/www.netzpolitik.org\/2010\/wer-das-nicht-will-kann-sich-ja-zuhause-hinter-dem-ofen-verkriechen\/\">sagte in den TAGESTHEMEN<\/a> allen Ernstes: <\/p>\n<blockquote><p>\u201cWas Sicherheitsma\u00dfnahmen zum Schutz der B\u00fcrger angeht, sollten wir uns an den USA orientieren. Telefon\u00fcberwachung, Onlinedurchsuchung, Datenspeicherung und ab und zu ein Fingerabdruck, das ist kein Teufelszeug. Wer das nicht will, kann sich ja zuhause hinter dem Ofen verkriechen.\u201d <\/p><\/blockquote>\n<h2>Sie wollen nur ablenken &#8211; aber von was?<\/h2>\n<p>F\u00fcr viele steht fest, dass es sich bei alledem um blo\u00dfe Ablenkungsman\u00f6ver handelt. Zum Beispiel von <a href=\"http:\/\/www.n-tv.de\/wirtschaft\/Irlands-Probleme-wachsen-article1972646.html?utm_source=twitterfeed&#038;utm_medium=twitter\">Irlands Finanzproblemen<\/a> und der neuerlich offenbar erforderlichen Hilfen vom europ\u00e4ischen &#8222;Bankenrettungsschirm&#8220;. Mir scheint, f\u00fcr die meisten ist dieses Thema schon ganz ohne Ablenkung nicht sonderlich interessant. Griechenland war spektakul\u00e4rer, da war auch nix mit Ablenkung, es wurde breit durch die Medien gehypt &#8211; und versickerte dann wieder unter ferner liefen. Warum sollte das mit Irland nun anders sein? <\/p>\n<p>Und: w\u00e4re es nicht AUCH eine M\u00f6glichkeit, dass sich wieder angefachte Terror-Angst zur verst\u00e4rkten Forderung <strong>&#8222;raus aus Afghanistan!&#8220;<\/strong> verdichtet? Etwas, was unsere Regierenden derzeit ja wirklich nicht w\u00fcnschen.<\/p>\n<p>Dass nat\u00fcrlich alle, die gerne fl\u00e4chendeckend Telefon\u00fcberwachung, <a href=\"http:\/\/www.tagesschau.de\/inland\/onlinedurchsuchung112.html\">Onlinedurchsuchung<\/a>, <a href=\"http:\/\/www.taz.de\/1\/politik\/schwerpunkt-ueberwachung\/artikel\/1\/daten-lieber-gleich-speichern\/\">Vorratsdatenspeicherung<\/a> und <a href=\"http:\/\/www.sueddeutsche.de\/wissen\/nacktscanner-entwuerdigend-und-gefaehrlich-1.1024256\">Nacktscanner<\/a> h\u00e4tten, jede Terror-Nachricht nutzen, um ihr beschissenes S\u00fcppchen zu kochen, ist nichts Neues und bedarf keiner speziellen Verschw\u00f6rung. Bemerkenswert aber, wie doch Teile der oft als &#8222;gleich geschaltet&#8220; gescholtenen Mainstream-Presse dagegen halten:<\/p>\n<ul>\n<li>SZ: <a href=\"http:\/\/www.sueddeutsche.de\/politik\/terrorwarnung-in-deutschland-hysterie-die-himmelangst-macht-1.1025799\">Terrorwarnung in Deutschland Hysterie, die Himmelangst macht<\/a>;<\/li>\n<li>ZEIT: <a href=\"http:\/\/www.zeit.de\/politik\/deutschland\/2010-11\/terror-innenpolitik-angst\">Terrorismus Keine Angst vor der Angst <\/a> <\/li>\n<\/ul>\n<p>Und hier noch ein paar Blog-Beitr\u00e4ge dazu: <\/p>\n<ul>\n<li><a href=\"http:\/\/www.amypink.com\/2010\/11\/terror-in-germany\/\">AMY&#038;PINK: Ich habe Angst &#8211; Terror in Deutschland <\/a>;<\/li>\n<li><a href=\"http:\/\/freidenkerin.com\/2010\/11\/19\/terrorwarnung-meine-gedanken-dazu\/\">Freidenkerin: Terrorwarnung \u2013 meine Gedanken dazu\u2026<\/a>;<\/li>\n<li><a href=\"http:\/\/www.thomas-dyhr.de\/?p=673\">Thoma Dyhr (GR\u00dcNE): Ist eine Terrorwarnung Schaumschl\u00e4gerei?<\/a> &#8211; mit bedenkenswerten \u00dcberlegungen, WAS GENAU eine Terrorwarnung eigentlich bringen soll;<\/li>\n<li><a href=\"http:\/\/scusi.twoday.net\/stories\/8447996\/\">Scusi: Alle Jahre wieder, kommt &#8230; die \u201eTerrorwarnung\u201c<\/a>.\n<\/li>\n<\/ul>\n<p>So, und jetzt werd&#8216; ich ganz unaufgeregt mein Wochenende genie\u00dfen! <\/p>","protected":false},"excerpt":{"rendered":"<p>So, die &#8222;Bombe&#8220; war also eine Attrappe, ein Test-Koffer, der nur einfach auf einem Flughafen in Namibia herum stand. Und unser Innenminister hat 27 Stunden gebraucht, um das endlich bekannt zu geben. Tolle Gelegenheit f\u00fcr unsere &#8222;Qualit\u00e4tspresse&#8220;, den Vorfall im Stil einer &#8222;stillen Post&#8220; zur echten Bombe aufzublasen, die gar schon im Flugzeug nach Deutschland [&hellip;]<\/p>\n","protected":false},"author":1,"featured_media":0,"comment_status":"open","ping_status":"open","sticky":false,"template":"","format":"standard","meta":[],"categories":[8],"tags":[],"post_mailing_queue_ids":[],"_links":{"self":[{"href":"https:\/\/www.claudia-klinger.de\/digidiary\/wp-json\/wp\/v2\/posts\/600"}],"collection":[{"href":"https:\/\/www.claudia-klinger.de\/digidiary\/wp-json\/wp\/v2\/posts"}],"about":[{"href":"https:\/\/www.claudia-klinger.de\/digidiary\/wp-json\/wp\/v2\/types\/post"}],"author":[{"embeddable":true,"href":"https:\/\/www.claudia-klinger.de\/digidiary\/wp-json\/wp\/v2\/users\/1"}],"replies":[{"embeddable":true,"href":"https:\/\/www.claudia-klinger.de\/digidiary\/wp-json\/wp\/v2\/comments?post=600"}],"version-history":[{"count":0,"href":"https:\/\/www.claudia-klinger.de\/digidiary\/wp-json\/wp\/v2\/posts\/600\/revisions"}],"wp:attachment":[{"href":"https:\/\/www.claudia-klinger.de\/digidiary\/wp-json\/wp\/v2\/media?parent=600"}],"wp:term":[{"taxonomy":"category","embeddable":true,"href":"https:\/\/www.claudia-klinger.de\/digidiary\/wp-json\/wp\/v2\/categories?post=600"},{"taxonomy":"post_tag","embeddable":true,"href":"https:\/\/www.claudia-klinger.de\/digidiary\/wp-json\/wp\/v2\/tags?post=600"}],"curies":[{"name":"wp","href":"https:\/\/api.w.org\/{rel}","templated":true}]}}