{"id":586,"date":"2010-11-05T12:55:57","date_gmt":"2010-11-05T10:55:57","guid":{"rendered":"http:\/\/www.claudia-klinger.de\/digidiary\/?p=586"},"modified":"2010-11-05T12:58:41","modified_gmt":"2010-11-05T10:58:41","slug":"strukturiertes-arbeiten","status":"publish","type":"post","link":"https:\/\/www.claudia-klinger.de\/digidiary\/2010\/11\/05\/strukturiertes-arbeiten\/","title":{"rendered":"Strukturiertes Arbeiten?"},"content":{"rendered":"<p>Als ich einem Kunden k\u00fcrzlich nach einem l\u00e4ngeren Telefonat eine &#8222;Telefonnotiz&#8220; per Mail ank\u00fcndigte, lobte er mich f\u00fcr dieses &#8222;strukturierte Arbeiten&#8220;. Tja, wenn ich keine Notiz machen w\u00fcrde, h\u00e4tte ich schon Stunden sp\u00e4ter die H\u00e4lfte des Besprochenen vergessen &#8211; reine Notwehr also.<\/p>\n<p>Der Regierung Merkel wurde w\u00e4hrend der Finanzkrise verschiedentlich vorgeworfen, sie agiere &#8222;auf Sicht&#8220;,  und nicht, wie man es von einer Regierung offenbar erwartet, im Sinne eines Programms. Mir war es eher sympathisch, dass das Gepann Merkel-Steinbr\u00fcck an dieser Stelle zugab, dass man eben versucht, im Augenblick das Machbare und dabei auch m\u00f6glichst Richtige zu entscheiden. F\u00fcr aufw\u00e4ndiges Subsumieren der Aktionen unter gr\u00f6\u00dfere Leitlinien war einfach keine Zeit und bez\u00fcglich des obersten Werts &#8222;Geld retten&#8220; konnten sich die Akteure der Zustimmung der Bev\u00f6lkerungsmerheit sicher sein &#8211; und zwar bis hin zum Kleinsparer. <!--more--><\/p>\n<p>Was hat nun das Regieren &#8222;auf Sicht&#8220; mit meiner Telefonnotiz zu tun? Nun, im Moment agiere ich wieder mal &#8222;auf Sicht&#8220; und  bin von un\u00fcberschaubar vielen ToDos unterschiedlicher Dringlichkeit umringt. Das ist dann immer der Zeitpunkt, an dem ich wieder mal \u00fcber Strukturierung nachdenke, \u00fcber neue Wochenpl\u00e4ne, geordnete und  ungeordnete Listen oder gar &#8222;Gro\u00df-Programme&#8220; bez\u00fcglich der Aktivit\u00e4ten der n\u00e4chsten Monate. <\/p>\n<p>Und dann beginne ich den Tag doch mit dem, was mir grade besonders wichtig erscheint. Heute etwa der neue Beitrag \u00fcber <a href=\"http:\/\/www.unverbissen-vegetarisch.de\/2010\/11\/muessen-vegetarier-mangelerscheinungen-fuerchten\/\">Mangelerscheinungen<\/a> auf dem gerade mal zwei Wochen alten Blog <a href=\"http:\/\/www.unverbissen-vegetarisch.de\/\">&#8222;Unverbissen vegetarisch&#8220;.<\/a> Schlie\u00dflich kann und will ich so ein neues Projekt nicht gleich von &#8222;t\u00e4glich was Neues&#8220; hin zu w\u00f6chentlich runter d\u00fcmpeln lassen. Lieber gebe ich ein anderes Blog perspektivisch auf (nat\u00fcrlich NIE NIE NIE das Digital Diary!).<\/p>\n<h2>Mein erster Praktikant<\/h2>\n<p>Seit gestern hab&#8216; ich erstmals einen Praktikanten. Ich hoffe, dass die Zusammenarbeit zur sprichw\u00f6rtlichen Win-Win-Situation f\u00fcr beide wird. Zwar werde ich viel erkl\u00e4ren m\u00fcssen, doch schon jetzt sitzt er an einer Recherche (f\u00fcrs Veggi-Blog), zu der ich selber nie im Leben die Zeit f\u00e4nde. F\u00fchlt sich also erstmal gut an, doch zwingt es mich, selber wieder mehr vom &#8222;auf Sicht arbeiten&#8220; hin zu Planung und Terminen zu finden.<\/p>\n<p>Also wieder ein expliziter Wochenplan? Ich fang mal lieber mit der einfachen ToDo-Liste an. Tage im voraus fest zu verplanen gibt mir ein Gef\u00fchl der Unfreiheit, dass dazu f\u00fchrt, dass ich den Wochenplan doch nur nutze WIE eine ToDo-List. Kann mir einfach nicht einreden, es sei wichtig, eine Arbeit am Montag zu machen, von der ich wei\u00df, dass sie genauso gut drei Tage sp\u00e4ter stattfinden kann.  Der Praktikant mach sowieso nur Zus\u00e4tzliches, da reicht es auch, wenn ich ihm die Aufgaben von Termin zu Termin zuweise. <\/p>\n<p>Manchmal wundert es mich, wie ich mit meiner Arbeitsweise doch ganz gut \u00fcber die Runden komme &#8211; und nun schon seit 1997, dem Beginn meiner Selbst\u00e4ndigkeit. Klare Termine von Kunden halte ich ein, das Reich des &#8222;mal sehen, was wann klappt&#8220; erstreckt sich quer \u00fcber die Eigenaktivit\u00e4ten. Wenn ich so sehe, welch umfangreiche Selbstmanagement-Systeme so manche Einzelk\u00e4mper\/innen nutzen, bin ich dennoch voll der Bewunderung! Allein schon das Einarbeiten in so etwas w\u00e4re bei mir nie dringlich genug!<\/p>","protected":false},"excerpt":{"rendered":"<p>Als ich einem Kunden k\u00fcrzlich nach einem l\u00e4ngeren Telefonat eine &#8222;Telefonnotiz&#8220; per Mail ank\u00fcndigte, lobte er mich f\u00fcr dieses &#8222;strukturierte Arbeiten&#8220;. Tja, wenn ich keine Notiz machen w\u00fcrde, h\u00e4tte ich schon Stunden sp\u00e4ter die H\u00e4lfte des Besprochenen vergessen &#8211; reine Notwehr also. Der Regierung Merkel wurde w\u00e4hrend der Finanzkrise verschiedentlich vorgeworfen, sie agiere &#8222;auf Sicht&#8220;, [&hellip;]<\/p>\n","protected":false},"author":1,"featured_media":0,"comment_status":"open","ping_status":"open","sticky":false,"template":"","format":"standard","meta":[],"categories":[9],"tags":[],"post_mailing_queue_ids":[],"_links":{"self":[{"href":"https:\/\/www.claudia-klinger.de\/digidiary\/wp-json\/wp\/v2\/posts\/586"}],"collection":[{"href":"https:\/\/www.claudia-klinger.de\/digidiary\/wp-json\/wp\/v2\/posts"}],"about":[{"href":"https:\/\/www.claudia-klinger.de\/digidiary\/wp-json\/wp\/v2\/types\/post"}],"author":[{"embeddable":true,"href":"https:\/\/www.claudia-klinger.de\/digidiary\/wp-json\/wp\/v2\/users\/1"}],"replies":[{"embeddable":true,"href":"https:\/\/www.claudia-klinger.de\/digidiary\/wp-json\/wp\/v2\/comments?post=586"}],"version-history":[{"count":0,"href":"https:\/\/www.claudia-klinger.de\/digidiary\/wp-json\/wp\/v2\/posts\/586\/revisions"}],"wp:attachment":[{"href":"https:\/\/www.claudia-klinger.de\/digidiary\/wp-json\/wp\/v2\/media?parent=586"}],"wp:term":[{"taxonomy":"category","embeddable":true,"href":"https:\/\/www.claudia-klinger.de\/digidiary\/wp-json\/wp\/v2\/categories?post=586"},{"taxonomy":"post_tag","embeddable":true,"href":"https:\/\/www.claudia-klinger.de\/digidiary\/wp-json\/wp\/v2\/tags?post=586"}],"curies":[{"name":"wp","href":"https:\/\/api.w.org\/{rel}","templated":true}]}}