{"id":5061,"date":"2026-09-02T12:22:53","date_gmt":"2026-09-02T10:22:53","guid":{"rendered":"https:\/\/www.claudia-klinger.de\/digidiary\/?p=5061"},"modified":"2026-09-02T12:39:39","modified_gmt":"2026-09-02T10:39:39","slug":"diffuse-angst","status":"publish","type":"post","link":"https:\/\/www.claudia-klinger.de\/digidiary\/2026\/09\/02\/diffuse-angst\/","title":{"rendered":"Diffuse Angst"},"content":{"rendered":"<p>Kennt Ihr das? So ein diffuses, untergr\u00fcndiges Angstgef\u00fchl, das sich keiner konkreten Ursache zuordnen l\u00e4sst? Mich hat sowas gerade im Griff und es f\u00fchlt sich nicht gut an. Klar, ich kann VERMUTEN, dass es eine Reaktion auf ganz unterschiedliche Ereignisse ist, die ich einzeln nicht so an mich heranlasse: Ich lese die <a href=\"https:\/\/www.tagesspiegel.de\/politik\/drohnenangriff-auf-leipziger-flughafenputin-bezeichnet-reaktion-deutschlands-als-schweren-fehler-und-greift-merz-an-16005949.html\" target=\"_blank\">Schlagzeilen rund um die Sprengstoff-Drohne<\/a> auf dem Flughafen Halle\/Leipzig und sehe, wie sich das alles hochschaukelt. <a href=\"https:\/\/www.t-online.de\/nachrichten\/ukraine\/id_101413502\/ukraine-krieg-aktuell-medwedew-deutschland-verdient-direkte-angriffe.html\" target=\"_blank\">Medwedew auf Telegram<\/a>: <\/p>\n<blockquote><p> &#8222;Sie verdienen einen direkten Schlag gegen alle deutschen Produktionsst\u00e4tten f\u00fcr Milit\u00e4rtechnik &#8230;und &#8222;durchaus auch einige andere Orte in Berlin&#8220;.<\/p><\/blockquote>\n<p><!--more--><\/p>\n<p>Gerade wird auch die <a href=\"https:\/\/www.tagesspiegel.de\/berlin\/it-sicherheit-16005561.html\" target=\"_blank\">Berliner Verwaltung von Hackern erpresst<\/a>, deren Ultimatum am Freitag abl\u00e4uft. Sie haben Terrabytes von Daten erbeutet (inkl. Bankdaten und Passw\u00f6rter) und versteigern das gerade im Darknet &#8211; Berlin wird nicht zahlen. Trifft mich wohl nicht direkt, tr\u00e4gt aber zur &#8222;allgemeinen Verunsicherung&#8220; bei. <\/p>\n<p>Weiter weg, aber schlimmer: Stimmung und Verhalten der AFD-Anh\u00e4nger in Sachsen-Anhalt. Ja, ich finde es be\u00e4ngstigend, was <a href=\"https:\/\/www.fr.de\/politik\/journalist-ueber-aggressive-stimmung-vor-sachsen-anhalt-wahl-fast-koerperlich-bedroht-zr-94467347.html\" target=\"_blank\">ein Lokalredakteur berichtet<\/a>, der sich &#8222;fast k\u00f6rperlich bedroht&#8220; f\u00fchlt:<\/p>\n<blockquote><p>&#8222;\u00dcber Politik wollen die Leute bei der AfD nicht reden, das interessiert sie nicht. Es gibt keine klassische Wahlkampfrede mit anschlie\u00dfender Diskussion, sondern einen Grill, Becher und Zollst\u00f6cke mit AfD-Logo zum Mitnehmen und f\u00fcr ein paar Euro sogar ein T-Shirt \u201eHeimattreue Altmark\u201c in Frakturschrift. Wer redet, l\u00e4dt vor allem Frust ab \u2013 und die AfD muss nur dastehen und sagen: \u201eIhr habt recht.\u201c Niemand will L\u00f6sungen, alle wollen Emotionen loswerden, und genau das saugt die AfD auf und verst\u00e4rkt es. &#8222;<\/p><\/blockquote>\n<p>Wenn ich mir die inhaltlich etwas ergiebigeren Begr\u00fcndungen der AFD-W\u00e4hler und Sympathisanten so anh\u00f6re oder berichtet bekomme, habe ich immer wieder den Eindruck, dass sie trotz der langen Zeit seit der Wende noch immer nicht verwunden haben, dass sie nicht mehr in einem K\u00fcmmerer-Staat leben. Ihre Neigung, sich mit den jeweiligen Gr\u00fcnden und Rahmenbedingungen ihrer Beschwerden zu befassen, geht gegen Null. Klar, dass man solche Leute mit Argumenten nicht mehr erreicht, sie wollen den &#8222;starken Mann&#8220;, der durchregiert und alles wieder gut macht. Erschreckend! Hier eine \u00e4hnliche Sicht der Dinge (plus <a href=\"https:\/\/schmid.welt.de\/2026\/09\/01\/was-auf-dem-spiel-steht\/\" target=\"_blank\">gro\u00dfformatiger W\u00e4hler-Analyse seit dem letzten Krieg)<\/a>:<\/p>\n<blockquote><p>&#8222;Der AfD-W\u00e4hler schlendert durch den politischen Supermarkt und stellt fest, dass dieser seine Bed\u00fcrfnisse nicht zu 100 Prozent befriedigen kann. Die frei flottierende Allkritik am politischen Geschehen zeichnet letztlich eine gro\u00dfe Staatsgl\u00e4ubigkeit aus. AfD-W\u00e4hler sehen sich gerne als urdemokratische Rebellen. Tats\u00e4chlich rufen sie nach dem starken Staat, der fortan ihr Lieferdienst sein soll. Dass die AfD im Osten besonders stark ist, hat hierin seinen Grund. Denn es ist seit eh und je die Erwartung verbreitet, der Staat habe f\u00fcr alles zu sorgen, habe gef\u00e4lligst alles bereitzustellen und die tief verwurzelte Verachtung derer \u201eda oben\u201c zwei Seiten ein und derselben Medaille. &#8222;<\/p><\/blockquote>\n<p><strong>Dann die geopolitische Lage, die extreme Sackgasse<\/strong>, in die Trump die USA mutwillig gebracht hat, leider mit Auswirkungen auf die ganze Welt. Gerade wird wieder bombardiert, was an der Situation in der Stra\u00dfe von Hormus nichts \u00e4ndern wird (<a href=\"https:\/\/www.youtube.com\/watch?v=SVfnzWMEPMc\" target=\"_blank\">Fugmann fasst zusammen<\/a>). \u00d6l- und Gaspreise steigen, die US-Schulden sind hoch wie nie, ebenso die Zinsen, die sie zahlen m\u00fcssen. Dass Trumps Zustimmungswerte im Keller sind, macht einen Narzissten wie ihn umso gef\u00e4hrlicher. Dass er versucht, <a href=\"https:\/\/www.rnd.de\/politik\/us-praesident-versucht-mit-vielen-strategien-die-zwischenwahlen-zu-beeinflussen-kann-das-gelingen-7IIN4YNB3JCCBDXIKW24NVJAWY.html\" target=\"_blank\">die Midterm-Wahlen zu manipulieren<\/a>, wundert nicht. Was wird passieren, wenn das gelingt? Die Demokraten wirken wie erstarrt und <a href=\"https:\/\/www.fr.de\/politik\/trump-uebertrifft-reagan-und-lincoln-als-von-republikanern-am-meisten-bewunderter-praesident-umfrage-zr-94463852.html\" target=\"_blank\">die Rep-W\u00e4hler bewundern Trump<\/a> derweil mehr als Lincoln und Reagan &#8211; richtig irre! <\/p>\n<p><strong>Tangiert mich doch alles nicht<\/strong>, k\u00f6nnte ich doch denken! Sag ich mir auch immer, aber zum einen hab&#8216; ich eine jetzt schon teure Gasheizung, zum anderen kann ich nichts dagegen machen, dass mir die Entwicklungen die Stimmung verd\u00fcstern. Wenn dann noch ein kleiner <strong>pers\u00f6nlicher Flop<\/strong> dazu kommt, ist sie im Keller: Obwohl ich schon Monate auf einen Arzttermin warte, hab ich den zuletzt zugesagten einfach vers\u00e4umt, weil falsch notiert! \u00c4tzend!<\/p>\n<p><strong>Und sonst:<\/strong><\/p>\n<ul>\n<li><a href=\"https:\/\/correctiv.org\/aktuelles\/kuenstliche-intelligenz\/2026\/08\/30\/ki-test-ein-chatbot-faelscht-nachrichten-ohne-zoegern\/\" target=\"_blank\">KI-Test: Ein Chatbot f\u00e4lscht Nachrichten ohne Z\u00f6gern (Correctiv)<\/a><\/li>\n<li><a href=\"https:\/\/blog.clickomania.ch\/2026\/08\/12\/post-text-aera-video-loest-text-ab-analyse\/\" target=\"_blank\">Video killt das geschriebene Wort (Clickomania)<\/a><\/li>\n<li><a href=\"https:\/\/horstschulte.com\/von-%C3%BCbertreibungen-wird-nichts-besser\/\" target=\"_blank\">Von \u00dcbertreibungen wird nichts besser. (Horst Schulte)<\/a><\/li>\n<li><a href=\"https:\/\/gigold.me\/blog\/afd-sachsen-anhalt-fiebertraum\" target=\"_blank\">AfD Sachsen-Anhalt: 256 Seiten Fiebertraum \u2013 und niemanden interessiert\u2018s<\/a><\/li>\n<\/ul>","protected":false},"excerpt":{"rendered":"<p>Kennt Ihr das? So ein diffuses, untergr\u00fcndiges Angstgef\u00fchl, das sich keiner konkreten Ursache zuordnen l\u00e4sst? Mich hat sowas gerade im Griff und es f\u00fchlt sich nicht gut an. Klar, ich kann VERMUTEN, dass es eine Reaktion auf ganz unterschiedliche Ereignisse ist, die ich einzeln nicht so an mich heranlasse: Ich lese die Schlagzeilen rund um [&hellip;]<\/p>\n","protected":false},"author":1,"featured_media":0,"comment_status":"open","ping_status":"open","sticky":false,"template":"","format":"standard","meta":{"footnotes":""},"categories":[8,231],"tags":[739,1622,566,815],"class_list":["post-5061","post","type-post","status-publish","format-standard","hentry","category-wirtschaft-gesellschaft-politik","category-zeitgeist","tag-afd","tag-geopolitik","tag-russland","tag-trump"],"post_mailing_queue_ids":[],"_links":{"self":[{"href":"https:\/\/www.claudia-klinger.de\/digidiary\/wp-json\/wp\/v2\/posts\/5061","targetHints":{"allow":["GET"]}}],"collection":[{"href":"https:\/\/www.claudia-klinger.de\/digidiary\/wp-json\/wp\/v2\/posts"}],"about":[{"href":"https:\/\/www.claudia-klinger.de\/digidiary\/wp-json\/wp\/v2\/types\/post"}],"author":[{"embeddable":true,"href":"https:\/\/www.claudia-klinger.de\/digidiary\/wp-json\/wp\/v2\/users\/1"}],"replies":[{"embeddable":true,"href":"https:\/\/www.claudia-klinger.de\/digidiary\/wp-json\/wp\/v2\/comments?post=5061"}],"version-history":[{"count":0,"href":"https:\/\/www.claudia-klinger.de\/digidiary\/wp-json\/wp\/v2\/posts\/5061\/revisions"}],"wp:attachment":[{"href":"https:\/\/www.claudia-klinger.de\/digidiary\/wp-json\/wp\/v2\/media?parent=5061"}],"wp:term":[{"taxonomy":"category","embeddable":true,"href":"https:\/\/www.claudia-klinger.de\/digidiary\/wp-json\/wp\/v2\/categories?post=5061"},{"taxonomy":"post_tag","embeddable":true,"href":"https:\/\/www.claudia-klinger.de\/digidiary\/wp-json\/wp\/v2\/tags?post=5061"}],"curies":[{"name":"wp","href":"https:\/\/api.w.org\/{rel}","templated":true}]}}