{"id":492,"date":"2010-06-09T11:50:59","date_gmt":"2010-06-09T09:50:59","guid":{"rendered":"http:\/\/www.claudia-klinger.de\/digidiary\/?p=492"},"modified":"2010-06-10T11:16:13","modified_gmt":"2010-06-10T09:16:13","slug":"vom-guten-im-schlechten-zum-sparpaket","status":"publish","type":"post","link":"https:\/\/www.claudia-klinger.de\/digidiary\/2010\/06\/09\/vom-guten-im-schlechten-zum-sparpaket\/","title":{"rendered":"Vom Guten im Schlechten: zum Sparpaket"},"content":{"rendered":"<p>Nun ist also Schluss mit <a href=\"http:\/\/zivilschein.wordpress.com\/2010\/06\/07\/guido-westerwelle-ist-gegen-freibier-fur-alle\/\">&#8222;Freibier f\u00fcr alle&#8220;<\/a>: Das Sparpaket der Koalition nimmt den Hartz4ern das Elterngeld und streicht den Rentenbeitrag  &#8211; auf dass &#8222;k\u00fcnftige Generationen&#8220; dann die Grundsicherung bezahlen, die nun mit gr\u00f6\u00dferer Wahrscheinlichkeit zum Rentenschicksal vieler wird. Auch \u00dcbergangszuschl\u00e4ge zu Hartz4 entfallen, genau wie  Heizkostenzusch\u00fcsse f\u00fcr Wohngeldempf\u00e4nger. <\/p>\n<p>Auch die meisten anderen Sparma\u00dfnahmen sind so geartet, dass nicht etwa die &#8222;starken Schultern&#8220; mehr belastet werden, sondern die vielen Verbraucher, die bald bei Flugreisen und vermutlich auch bei Fahrten mit der Bahn tiefer in die Tasche greifen m\u00fcssen. Dass der Arbeitgeberverband das Sparpaket begr\u00fc\u00dft, spricht ja f\u00fcr sich genommen schon B\u00e4nde: von &#8222;sozial ausgewogen&#8220; kann nicht die Rede sein, man hat schlicht dort gespart, wo der geringste Widerstand zu erwarten ist. Wogegen die Vorhaben, die bez\u00fcglich Banken und Wirtschaft geplant sind, derzeit mehr Luftnummer und Hoffnung sind als reale Fakten. Ganz zu schweigen von der Unversch\u00e4mtheit, mit der &#8222;durch die Hintert\u00fcr&#8220; die Verl\u00e4ngerung der AKW-Laufzeiten auf einmal zum Sachzwang f\u00fcr die Erreichung der Sparziele gemacht wird!<!--more--><br \/>\n<strong><br \/>\nWas ist daran nun gut?<\/strong> Nun, Schwarz-Gelb zeigt endlich Gesicht, die CDU verliert ein gutes St\u00fcck &#8222;gef\u00fchlte Sozialdemokratisierung&#8220; und Angela Merkel die Reste ihres Images als ausgleichende Mutti-Figur, die schon aufpassen wird, dass alles gerecht zugeht. Die FDP ist in der Forsa-Umfrage gerade <a href=\"http:\/\/www.zeit.de\/politik\/deutschland\/2010-06\/fdp-umfrage-absturz\">auf 5% gesackt <\/a>(die Schallplatte <em>&#8222;Steuersenkungen m\u00fcssen her&#8220;<\/em> l\u00e4uft ja sogar jetzt noch weiter!) und die Koalition gibt nunmehr ein Feindbild ab, gegen das sich s\u00e4mtliche oppositionellen Kr\u00e4fte sehr viel besser organisieren k\u00f6nnen. Wobei es ja sogar CDU-Funktion\u00e4re gibt, die das Sparpaket als unausgewogen kritisieren, da es die Besserverdiener schont. <\/p>\n<p>Und was meinen die Blogger? Auch hier sehe ich eine Belebung in Reich politischer Themen jenseits der Netzthemen &#8211; z.B. die spannende Diskussion bei <em>Antje Schrupp<\/em> <a href=\"http:\/\/antjeschrupp.com\/2010\/06\/07\/der-falsche-systemwechsel-beim-elterngeld\/\">\u00fcber die verfehlte Elterngeld-Politik<\/a>, die im <em>Genderblog<\/em> die Form eines <a href=\"http:\/\/genderblog.de\/index.php\/2010\/06\/08\/kot-uber-dem-familienministerium\/\">&#8222;Shitstorms&#8220; in Richtung der twitternden Familienministerin Schr\u00f6der<\/a> annimmt. Lesenswert auch die detaillierte Analyse aller Sparbeschl\u00fcsse auf den <em>Nachdenkseiten:<\/em> <a href=\"http:\/\/www.nachdenkseiten.de\/?p=5826\">Die Maske ist gefallen.<\/a>  Die <a href=\"http:\/\/www.spiegelfechter.com\/wordpress\/2840\/yes-we-gauck-das-sommermarchen-vom-besseren-kandidaten\">Gauck-Kampagne<\/a> ist zudem ein echter Stachel im Fleisch der Regierenden, die mit ihrem Wulff nun als kurzsichtige, nur partei-taktisch denkende Kungeltruppe da stehen &#8211; das waren sie zwar immer schon, aber nun ist es \u00fcberdeutlich.<\/p>\n<p>Alles in allem: wir sehen spannenden Zeiten entgegen! <\/p>","protected":false},"excerpt":{"rendered":"<p>Nun ist also Schluss mit &#8222;Freibier f\u00fcr alle&#8220;: Das Sparpaket der Koalition nimmt den Hartz4ern das Elterngeld und streicht den Rentenbeitrag &#8211; auf dass &#8222;k\u00fcnftige Generationen&#8220; dann die Grundsicherung bezahlen, die nun mit gr\u00f6\u00dferer Wahrscheinlichkeit zum Rentenschicksal vieler wird. Auch \u00dcbergangszuschl\u00e4ge zu Hartz4 entfallen, genau wie Heizkostenzusch\u00fcsse f\u00fcr Wohngeldempf\u00e4nger. Auch die meisten anderen Sparma\u00dfnahmen sind [&hellip;]<\/p>\n","protected":false},"author":1,"featured_media":0,"comment_status":"open","ping_status":"open","sticky":false,"template":"","format":"standard","meta":[],"categories":[8],"tags":[],"post_mailing_queue_ids":[],"_links":{"self":[{"href":"https:\/\/www.claudia-klinger.de\/digidiary\/wp-json\/wp\/v2\/posts\/492"}],"collection":[{"href":"https:\/\/www.claudia-klinger.de\/digidiary\/wp-json\/wp\/v2\/posts"}],"about":[{"href":"https:\/\/www.claudia-klinger.de\/digidiary\/wp-json\/wp\/v2\/types\/post"}],"author":[{"embeddable":true,"href":"https:\/\/www.claudia-klinger.de\/digidiary\/wp-json\/wp\/v2\/users\/1"}],"replies":[{"embeddable":true,"href":"https:\/\/www.claudia-klinger.de\/digidiary\/wp-json\/wp\/v2\/comments?post=492"}],"version-history":[{"count":0,"href":"https:\/\/www.claudia-klinger.de\/digidiary\/wp-json\/wp\/v2\/posts\/492\/revisions"}],"wp:attachment":[{"href":"https:\/\/www.claudia-klinger.de\/digidiary\/wp-json\/wp\/v2\/media?parent=492"}],"wp:term":[{"taxonomy":"category","embeddable":true,"href":"https:\/\/www.claudia-klinger.de\/digidiary\/wp-json\/wp\/v2\/categories?post=492"},{"taxonomy":"post_tag","embeddable":true,"href":"https:\/\/www.claudia-klinger.de\/digidiary\/wp-json\/wp\/v2\/tags?post=492"}],"curies":[{"name":"wp","href":"https:\/\/api.w.org\/{rel}","templated":true}]}}