{"id":4812,"date":"2025-09-07T15:06:26","date_gmt":"2025-09-07T13:06:26","guid":{"rendered":"https:\/\/www.claudia-klinger.de\/digidiary\/?p=4812"},"modified":"2025-09-07T17:34:16","modified_gmt":"2025-09-07T15:34:16","slug":"jetzt-mausarm-links-nach-22-jahren","status":"publish","type":"post","link":"https:\/\/www.claudia-klinger.de\/digidiary\/2025\/09\/07\/jetzt-mausarm-links-nach-22-jahren\/","title":{"rendered":"Jetzt Mausarm links &#8211; nach 22 Jahren!"},"content":{"rendered":"<p>22 Jahre und acht Monate ist es jetzt her, dass ich die Maus nach links verlegen musste. Das war mir damals auch schon <a href=\"https:\/\/www.claudia-klinger.de\/digidiary\/2002\/12\/25\/vom-mausarm-ein-leiden-mit-sinn\/#mausarm\" target=\"_blank\" rel=\"noopener\">einen Blogpost<\/a> wert, weil mir &#8211; entgegen aller Erwartungen &#8211; der Wechsel relativ leicht fiel:<\/p>\n<blockquote><p>&#8222;Da ich extreme Rechtsh\u00e4nderin bin, bzw. war, ist das ein kleines Wunder. Eines von der Art, die einfach kommen M\u00fcSSEN, denn mit rechts versch\u00e4rfte ich st\u00e4ndig meinen \u201eMausarm\u201c und konnte zeitweise nur noch unter gro\u00dfen Schmerzen arbeiten.&#8220;<\/p><\/blockquote>\n<p><!--more--><\/p>\n<p>Die Entlastung hat binnen nicht allzu langer Zeit geholfen, die Entz\u00fcndung verschwand, geblieben ist allerdings ein tastbarer kleiner Knubbel im Oberarm, der aber nicht st\u00f6rt.<\/p>\n<h2>Kommando zur\u00fcck, Maus wieder nach rechts!<\/h2>\n<p>Vor ein paar Monaten war es dann wieder soweit: Mausarm jetzt links, arbeiten am PC nur unter Schmerzen m\u00f6glich, schlie\u00dflich der Wechsel zur\u00fcck. Die Maus liegt jetzt wieder rechts, wo sie f\u00fcr mein Empfinden auch hingeh\u00f6rt! Anders als im Jahr 2002 zieht sich die Heilung allerdings recht lange hin. Vermutlich weil ich heute 23 Jahre \u00e4lter bin und nicht mehr alles im K\u00f6rper so gut und z\u00fcgig funktioniert wie fr\u00fcher &#8211; so auch die Heilung des Mausarms, der ja eine Art &#8222;Sehnenscheidenentz\u00fcndung&#8220; ist, am oberen Ende des Trizeps (<em>Musculus triceps brachii<\/em>), wenn ich es richtig ersp\u00fcre.<\/p>\n<p>Ja, mittlerweile kenne ich meine Muskeln beim Namen, was ich dem <a href=\"https:\/\/www.claudia-klinger.de\/digidiary\/2023\/10\/28\/flucht-in-die-koerperwelten-im-fitness-center\/\" target=\"_blank\" rel=\"noopener\">Fitness-Center<\/a> und den <a href=\"https:\/\/www.claudia-klinger.de\/digidiary\/2024\/04\/24\/krafttraining-10-kilo-sind-nicht-immer-gleich-schwer\/#e-gym\" target=\"_blank\" rel=\"noopener\">E-Gym-Maschinen<\/a> verdanke, an denen ich trainiere. Wegen der Schmerzen im Oberarm, die ich mit bestimmten Belastungen triggere, hab&#8216; ich das Center zwei Wochen geschw\u00e4nzt. Das hat die Besserung aber auch nicht beschleunigt, also bin ich wieder dran, zwar nur einmal die Woche, aber das wird wieder! Sp\u00e4testens wenn das Wetter schlechter wird, gehts statt in den Garten wieder \u00f6fter an die Maschinen. Bei einigen davon gibt es zum Gl\u00fcck zwei M\u00f6glichkeiten, die Gewichte mit unterschiedlichen Handhaltungen zu stemmen, sodass ich ganz gut zurecht komme. Es scheint nur eine ganz bestimmte Stelle zu sein, die bei Belastung (auch bei ausgreifenden Armbewegungen) richtig schmerzt. Das kann ich ganz gut umschiffen.<\/p>\n<p>Zum Hausarzt geh&#8216; ich erstmal nicht, auch weil ich annehme, dass er maximal eine \u00dcberweisung zur Physio &#8218;rausr\u00fcckt, wo ich dann Krankengymnasik, &#8222;manuelle Therapie&#8220; oder Rotlicht bekomme &#8211; wobei ich Letzteres auch zuhause habe. Den Oberarm massieren kann ich auch selbst, ebenso wie vorsichtiges \u00dcben: alles, was nicht gro\u00df schmerzt, praktiziere ich weiter. Immerhin sp\u00fcre ich diesmal keine Schwellung, die sp\u00e4ter zum bleibenden Knubbel werden k\u00f6nnte &#8211; und ich hoffe, dass das so bleibt.<\/p>","protected":false},"excerpt":{"rendered":"<p>22 Jahre und acht Monate ist es jetzt her, dass ich die Maus nach links verlegen musste. Das war mir damals auch schon einen Blogpost wert, weil mir &#8211; entgegen aller Erwartungen &#8211; der Wechsel relativ leicht fiel: &#8222;Da ich extreme Rechtsh\u00e4nderin bin, bzw. war, ist das ein kleines Wunder. Eines von der Art, die [&hellip;]<\/p>\n","protected":false},"author":1,"featured_media":0,"comment_status":"open","ping_status":"open","sticky":false,"template":"","format":"standard","meta":[],"categories":[471,243],"tags":[],"post_mailing_queue_ids":[],"_links":{"self":[{"href":"https:\/\/www.claudia-klinger.de\/digidiary\/wp-json\/wp\/v2\/posts\/4812"}],"collection":[{"href":"https:\/\/www.claudia-klinger.de\/digidiary\/wp-json\/wp\/v2\/posts"}],"about":[{"href":"https:\/\/www.claudia-klinger.de\/digidiary\/wp-json\/wp\/v2\/types\/post"}],"author":[{"embeddable":true,"href":"https:\/\/www.claudia-klinger.de\/digidiary\/wp-json\/wp\/v2\/users\/1"}],"replies":[{"embeddable":true,"href":"https:\/\/www.claudia-klinger.de\/digidiary\/wp-json\/wp\/v2\/comments?post=4812"}],"version-history":[{"count":0,"href":"https:\/\/www.claudia-klinger.de\/digidiary\/wp-json\/wp\/v2\/posts\/4812\/revisions"}],"wp:attachment":[{"href":"https:\/\/www.claudia-klinger.de\/digidiary\/wp-json\/wp\/v2\/media?parent=4812"}],"wp:term":[{"taxonomy":"category","embeddable":true,"href":"https:\/\/www.claudia-klinger.de\/digidiary\/wp-json\/wp\/v2\/categories?post=4812"},{"taxonomy":"post_tag","embeddable":true,"href":"https:\/\/www.claudia-klinger.de\/digidiary\/wp-json\/wp\/v2\/tags?post=4812"}],"curies":[{"name":"wp","href":"https:\/\/api.w.org\/{rel}","templated":true}]}}