{"id":4737,"date":"2025-06-17T13:18:43","date_gmt":"2025-06-17T11:18:43","guid":{"rendered":"https:\/\/www.claudia-klinger.de\/digidiary\/?p=4737"},"modified":"2025-06-18T07:13:45","modified_gmt":"2025-06-18T05:13:45","slug":"linkliebe-texte-und-videos-die-mich-beruehren","status":"publish","type":"post","link":"https:\/\/www.claudia-klinger.de\/digidiary\/2025\/06\/17\/linkliebe-texte-und-videos-die-mich-beruehren\/","title":{"rendered":"Linkliebe: Texte und Videos, die mich ber\u00fchren"},"content":{"rendered":"<p>Ich lege einfach mal direkt los:<br \/>\n<strong><br \/>\nAnnette Schlemm: <a href=\"https:\/\/philosophenstuebchen.wordpress.com\/2025\/01\/31\/wer-hat-angst-vorm-kollaps\/\" rel=\"noopener\" target=\"_blank\">Wer hat Angst vorm Kollaps?<\/a><\/strong><\/p>\n<p>Ein auf stolze 13 Kapitel verteilter Essay zur Situation der Klimabewegungen &#8211; und ein mutiger Blick auf ihr Scheitern. Meine mittlerweile feststellbare Aversion gegen lange Texte hat dieser Essay spielend \u00fcberwunden!  Mit gro\u00dfer Klarheit zeigt Annette auf, was ncht mehr zu leugnen ist und diskutiert die Folgen, die unterschiedlichen Haltungen und Reaktionen in der Gesellschaft. Sie findet &#8211; trotz des Eingest\u00e4ndnisses, dass &#8222;Rettung&#8220; nicht mehr m\u00f6glich ist  &#8211; noch Perspektiven f\u00fcr Klimabewegte, und somit auch f\u00fcr alle, denen diese Welt und ihre wenig erfreuliche Zukunft nicht ganz egal ist.<br \/>\n(Nebenbei: Noch 2019 war ein <a href=\"https:\/\/www.claudia-klinger.de\/digidiary\/2019\/09\/16\/wie-umgehen-mit-der-katastrophalen-klima-perspektive\/\" rel=\"noopener\" target=\"_blank\">Blogpost zur Klimakatastrophe<\/a> hier ein Debatten-Highlight: Platz 2 der <a href=\"https:\/\/www.claudia-klinger.de\/digidiary\/meistkommentierte-artikel\/\" rel=\"noopener\" target=\"_blank\">meistkommentierten Beitr\u00e4ge<\/a>. Dann kam Corona&#8230; ).<\/p>\n<p>* <!--more--><\/p>\n<p><strong>Gunnar Sohn: <a href=\"https:\/\/ichsagmal.com\/ueber-den-schleichenden-rueckzug-der-meinungsfreiheit-vom-recht-zur-freiheit-und-von-der-freiheit-zur-angst\/\" rel=\"noopener\" target=\"_blank\">\u00dcber den schleichenden R\u00fcckzug der Meinungsfreiheit \u2013 Vom Recht zur Freiheit und von der Freiheit zur Angst<\/a><\/strong><\/p>\n<p>&#8222;<em>Was ist geschehen in Deutschland, dass 41 Prozent der Menschen heute sagen, man k\u00f6nne seine Meinung nicht mehr frei \u00e4u\u00dfern \u2013 w\u00e4hrend 1990 nur 16 Prozent diese Einsch\u00e4tzung teilten? Diese Differenz ist kein blo\u00dfes Randph\u00e4nomen einer gereizten \u00d6ffentlichkeit. Sie ist Ausdruck eines Wandels, der tief in das politische Selbstverst\u00e4ndnis der Republik reicht.<\/em>&#8220;<\/p>\n<p>*<\/p>\n<p><strong>Elfriede Jelinek: <a href=\"https:\/\/www.elfriedejelinek.com\/hoere-israel\/\">H\u00f6re, Israel!<\/a><\/strong><\/p>\n<p>&#8222;<em>Ich versuche das f\u00fcr mich gro\u00dfe Wagnis, an Stelle eines reflexhaften und auch ausgeh\u00f6hlten, formelhaften Kampfs gegen Antisemitismus, der jedoch leider immer noch sehr n\u00f6tig ist, alle Opfer des Gazakrieges in den Blick zu nehmen. Ich versuche es, hier, es ist ja nur geschrieben, Geschriebenes tut niemandem weh.<\/em>&#8220;<\/p>\n<p>*<\/p>\n<p><strong>Youtube: <a href=\"https:\/\/www.youtube.com\/watch?v=z_01q3boQ6c\">The disturbing truth about how artificial intelligence is really created | FULL DOCUMENTARY<\/a><\/strong><\/p>\n<p>Das sind die &#8222;neuen Arbeitspl\u00e4tze&#8220;, die KI schafft:<br \/>\n&#8222;<em>In dieser exklusiven Recherche sp\u00fcrt Reporter Michael Usher die Menschen hinter den Algorithmen auf \u2013 die sogenannten \u201eGeisterarbeiter\u201c der KI. Sie sind die unsichtbaren Arbeiter, die Daten kennzeichnen, Inhalte moderieren und die Systeme trainieren, die heute unseren Alltag pr\u00e4gen. Viele erhalten nur wenige Cent pro Aufgabe. Manche werden <strong>verst\u00f6rendem Material<\/strong> ausgesetzt. Andere werden gebeten, Hunderte von pers\u00f6nlichen Fotos ihrer Kinder einzureichen \u2013 alles im Namen des Fortschritts<\/em>&#8220; (\u00fcbersetzt von Google). <\/p>\n<p>Ich dachte, ich wei\u00df Bescheid \u00fcber das &#8222;Labeling&#8220;, aber was da abl\u00e4uft ist teilweise richtig krank! Sie bekommen \u00fcbelste Szenen vorgesetzt, die sie nicht &#8222;\u00fcberspringen&#8220; d\u00fcrfen &#8211; und \u00fcbrigens auch medizinische Bilder, wo sie z.B. &#8222;Herzartherien beschreiben&#8220; m\u00fcssen &#8211; f\u00fcr die KI, die sp\u00e4ter \u00c4rzten bei der Diagnose hilft, ganz ohne jegliche medizinische Vorbildung. <\/p>\n<p><img decoding=\"async\" loading=\"lazy\" src=\"https:\/\/www.claudia-klinger.de\/digidiary\/wp-content\/uploads\/2025\/06\/labeling-650x417.jpg\" alt=\"Labeling Herzartherien\" width=\"650\" height=\"417\" class=\"aligncenter size-large wp-image-4738\" srcset=\"https:\/\/www.claudia-klinger.de\/digidiary\/wp-content\/uploads\/2025\/06\/labeling-650x417.jpg 650w, https:\/\/www.claudia-klinger.de\/digidiary\/wp-content\/uploads\/2025\/06\/labeling-300x192.jpg 300w, https:\/\/www.claudia-klinger.de\/digidiary\/wp-content\/uploads\/2025\/06\/labeling-768x493.jpg 768w, https:\/\/www.claudia-klinger.de\/digidiary\/wp-content\/uploads\/2025\/06\/labeling.jpg 873w\" sizes=\"(max-width: 650px) 100vw, 650px\" \/><\/p>\n<p>*<\/p>\n<p><strong>Morpheus \/ Youtube Short: <a href=\"https:\/\/www.youtube.com\/shorts\/9nK0QX_3YFM\" rel=\"noopener\" target=\"_blank\">Besprichst du Vertrauliches mit ChatGPT? <\/a><\/strong><\/p>\n<p>Ein irres Gerichtsurteil in den USA zwingt OpenAI, alle Gespr\u00e4che &#8222;f\u00fcr immer&#8220; zu speichern, weil die New York Times um die Inhalte hinter ihrer Paywall f\u00fcrchtet. Absurder gehts nicht! <\/p>\n<p>***<\/p>\n<p>Und noch was Pers\u00f6nliches, eine vergleichsweise unwichtige Kleinigkeit: Dirk hat <a href=\"https:\/\/hor.de\/cache2025\/2025-06-07.htm\" rel=\"noopener\" target=\"_blank\">das Verschwinden des Webwriting-Magazins bemerkt und bedauert<\/a>. Er h\u00e4tte sogar noch kommentieren wollen&#8230; (Mailadresse hab ich jetzt, dank an M. und Hulot! Bin wohl betriebsblind gewesen :-))<\/p>","protected":false},"excerpt":{"rendered":"<p>Ich lege einfach mal direkt los: Annette Schlemm: Wer hat Angst vorm Kollaps? Ein auf stolze 13 Kapitel verteilter Essay zur Situation der Klimabewegungen &#8211; und ein mutiger Blick auf ihr Scheitern. Meine mittlerweile feststellbare Aversion gegen lange Texte hat dieser Essay spielend \u00fcberwunden! Mit gro\u00dfer Klarheit zeigt Annette auf, was ncht mehr zu leugnen [&hellip;]<\/p>\n","protected":false},"author":1,"featured_media":0,"comment_status":"open","ping_status":"open","sticky":false,"template":"","format":"standard","meta":[],"categories":[687,8],"tags":[1552,764],"post_mailing_queue_ids":[],"_links":{"self":[{"href":"https:\/\/www.claudia-klinger.de\/digidiary\/wp-json\/wp\/v2\/posts\/4737"}],"collection":[{"href":"https:\/\/www.claudia-klinger.de\/digidiary\/wp-json\/wp\/v2\/posts"}],"about":[{"href":"https:\/\/www.claudia-klinger.de\/digidiary\/wp-json\/wp\/v2\/types\/post"}],"author":[{"embeddable":true,"href":"https:\/\/www.claudia-klinger.de\/digidiary\/wp-json\/wp\/v2\/users\/1"}],"replies":[{"embeddable":true,"href":"https:\/\/www.claudia-klinger.de\/digidiary\/wp-json\/wp\/v2\/comments?post=4737"}],"version-history":[{"count":0,"href":"https:\/\/www.claudia-klinger.de\/digidiary\/wp-json\/wp\/v2\/posts\/4737\/revisions"}],"wp:attachment":[{"href":"https:\/\/www.claudia-klinger.de\/digidiary\/wp-json\/wp\/v2\/media?parent=4737"}],"wp:term":[{"taxonomy":"category","embeddable":true,"href":"https:\/\/www.claudia-klinger.de\/digidiary\/wp-json\/wp\/v2\/categories?post=4737"},{"taxonomy":"post_tag","embeddable":true,"href":"https:\/\/www.claudia-klinger.de\/digidiary\/wp-json\/wp\/v2\/tags?post=4737"}],"curies":[{"name":"wp","href":"https:\/\/api.w.org\/{rel}","templated":true}]}}