{"id":4690,"date":"2025-04-15T12:53:50","date_gmt":"2025-04-15T10:53:50","guid":{"rendered":"https:\/\/www.claudia-klinger.de\/digidiary\/?p=4690"},"modified":"2025-04-15T12:55:33","modified_gmt":"2025-04-15T10:55:33","slug":"so-platt-das-generve-um-den-koalitionsvertrag","status":"publish","type":"post","link":"https:\/\/www.claudia-klinger.de\/digidiary\/2025\/04\/15\/so-platt-das-generve-um-den-koalitionsvertrag\/","title":{"rendered":"So platt: Das Generve um den Koalitionsvertrag"},"content":{"rendered":"<p>Wie nicht anders zu erwarten, macht der Koalitionsvertrag niemanden rundum gl\u00fccklich. Ja wie denn auch bei so unterschiedlichen Parteien wie es CDU und SPD immernoch sind! (Mein Versuch, den Vertrag im Volltext zu verlinken, scheiterte bei der SPD (file not found), deshalb <a href=\"https:\/\/www.cdu.de\/app\/uploads\/2025\/04\/Koalitionsvertrag-%E2%80%93-barrierefreie-Version.pdf\" rel=\"noopener\" target=\"_blank\">hier die barrierefreie Version der CDU<\/a>.<\/p>\n<p>Ob \u00d6RR oder Private: Jegliche Presse freut sich riesig, wenn es ihr gelingt, vermeintliche Widerspr\u00fcche zum STREIT der frisch verbandelten Koalitionspartner aufzubauschen. In diesem Fall gab es angeblich &#8222;unterschiedliche Interpretationen&#8220; des Vertrags, insbesondere in Bezug auf die Vorhaben zum Mindestlohn und zur Senkung der Einkommenssteuer. Sind sie nicht fix (Merz zu BILD)? Oder doch, weil sich die SPD diese Vereinbarungen als Erfolge ans Revers heftet? <!--more--><\/p>\n<p>Dabei ist der Sinn der jeweiligen Kommunikationsweise doch sonnenklar: Merz will jene CDUler bes\u00e4nftigen, die  unzufrieden sind (zu viel SPD-Lastiges!), damit sie nicht zur AFD \u00fcberlaufen und die SPD muss ihre &#8222;Handschrift&#8220; im Vertrag in den Faktenhimmel heben, um ihre Mitglieder zur Zustimmung zu bewegen. Dabei ist das Faktische klar nachzulesen: ALLE Vorhaben stehen unter Finanzierungsvorbehalt, sind also allesamt nur insofern &#8222;fix&#8220;, dass man sich versprochen hat, diese Vorhaben ernsthaft anzustreben. <\/p>\n<p>Aber klar: \u00dcber sowas kann man sich publikumswirksam aufregen, Klicks abgreifen, die sch\u00f6ne Gewohnheit, \u00fcberall STREIT herauszuarbeiten weiter treiben &#8211; ich finde es nurmehr \u00f6de, auch deshalb, weil Klingbeil und Merz sich wirklich bem\u00fchen, diese Sicht NICHT zu bedienen.<\/p>\n<p>Ich bin im \u00fcbrigen wahrlich kein CDU-Fan, verstehe aber jene nicht, die offenbar meinen, als 16-Prozent-Partei der CDU den Vertrag diktieren zu k\u00f6nnen. Die Jusos lehnen ihn ab, aus inhaltlich honorigen Gr\u00fcnden, aber politisch verantwortunglos. Was w\u00e4re denn die Alternative? Neuwahlen in <a href=\"https:\/\/www.claudia-klinger.de\/digidiary\/usa-unter-trump-chronologie-der-ereignisse\/\" rel=\"noopener\" target=\"_blank\">DIESEN ZEITEN<\/a>? Eine CDU-AFD-Regierung oder Minderheitsregierung? Nicht im Ernst! Aber so ist man nun mal drauf in jungen Jahren, ich w\u00e4re vermutlich auch dabei gewesen, einfach alles abzulehnen, was mir gegen den Strich geht.<\/p>","protected":false},"excerpt":{"rendered":"<p>Wie nicht anders zu erwarten, macht der Koalitionsvertrag niemanden rundum gl\u00fccklich. Ja wie denn auch bei so unterschiedlichen Parteien wie es CDU und SPD immernoch sind! (Mein Versuch, den Vertrag im Volltext zu verlinken, scheiterte bei der SPD (file not found), deshalb hier die barrierefreie Version der CDU. Ob \u00d6RR oder Private: Jegliche Presse freut [&hellip;]<\/p>\n","protected":false},"author":1,"featured_media":0,"comment_status":"open","ping_status":"open","sticky":false,"template":"","format":"standard","meta":[],"categories":[8],"tags":[],"post_mailing_queue_ids":[],"_links":{"self":[{"href":"https:\/\/www.claudia-klinger.de\/digidiary\/wp-json\/wp\/v2\/posts\/4690"}],"collection":[{"href":"https:\/\/www.claudia-klinger.de\/digidiary\/wp-json\/wp\/v2\/posts"}],"about":[{"href":"https:\/\/www.claudia-klinger.de\/digidiary\/wp-json\/wp\/v2\/types\/post"}],"author":[{"embeddable":true,"href":"https:\/\/www.claudia-klinger.de\/digidiary\/wp-json\/wp\/v2\/users\/1"}],"replies":[{"embeddable":true,"href":"https:\/\/www.claudia-klinger.de\/digidiary\/wp-json\/wp\/v2\/comments?post=4690"}],"version-history":[{"count":0,"href":"https:\/\/www.claudia-klinger.de\/digidiary\/wp-json\/wp\/v2\/posts\/4690\/revisions"}],"wp:attachment":[{"href":"https:\/\/www.claudia-klinger.de\/digidiary\/wp-json\/wp\/v2\/media?parent=4690"}],"wp:term":[{"taxonomy":"category","embeddable":true,"href":"https:\/\/www.claudia-klinger.de\/digidiary\/wp-json\/wp\/v2\/categories?post=4690"},{"taxonomy":"post_tag","embeddable":true,"href":"https:\/\/www.claudia-klinger.de\/digidiary\/wp-json\/wp\/v2\/tags?post=4690"}],"curies":[{"name":"wp","href":"https:\/\/api.w.org\/{rel}","templated":true}]}}