{"id":4655,"date":"2025-03-08T12:59:34","date_gmt":"2025-03-08T11:59:34","guid":{"rendered":"https:\/\/www.claudia-klinger.de\/digidiary\/?p=4655"},"modified":"2025-03-08T13:00:42","modified_gmt":"2025-03-08T12:00:42","slug":"kranke-tage-mit-interessanten-us-videos","status":"publish","type":"post","link":"https:\/\/www.claudia-klinger.de\/digidiary\/2025\/03\/08\/kranke-tage-mit-interessanten-us-videos\/","title":{"rendered":"Kranke Tage mit interessanten US-Videos"},"content":{"rendered":"<p><strong>Heute fr\u00fch kein Fieber! Das Aufstehen f\u00e4llt vergleichsweise leicht, obwohl ich mich noch recht schwach f\u00fchle. Kein Wunder, der grippale Infekt, der mich seit Mittwoch heimsuchte, hat mich ein gutes Kilo K\u00f6rpergewicht gekostet, wie die Waage zeigt. <\/strong><\/p>\n<p>Es ist erst mein zweiter Infekt seit Corona-Start (2020), das mich bis heute NICHT erwischt hat, ich hab&#8216; mich schon fast unkaputtbar gef\u00fchlt! Weil ich im Homeb\u00fcro einsiedele und nur wenige, ebenso einsiedlerisch lebende Menschen treffe, kann es nur am Leichtsinn gelegen haben: Letzten Sonntag OHNE MASKE mit der U-Bahn gefahren, drei Tage sp\u00e4ter lag ich flach mit 39 Fieber. Sehr \u00e4rgerlich, denn eigentlich war eine kleine Reise geplant, das Zug-Ticket musste ich verfallen lassen. <\/p>\n<p>Die kranken Tage waren (und sind noch) sehr sehr ungewohnt, obwohl es &#8211; eigentlich &#8211; ein ganz angenehmer Infekt ist: Kein Schnupfen, nur anf\u00e4nglich kurz Kratzen im Hals, Husten nur beim Reden, ansonsten &#8222;nur&#8220; Fieber und Gliederschmerzen. Das aber so heftig, dass ich ab gestern mit Aspirin-Komplex dagegen halte. Ganz entgegen meiner lange angelesenen Meinung, dass es ges\u00fcnder sei, das Fieber machen zu lassen und Tabletten zu vermeiden! So kann es gehen &#8211; es ist so wunderbar, wenn der Schmerz nachl\u00e4sst! <!--more--><\/p>\n<p>Das aktuelle Weltgeschehen der letzten Tage hab&#8216; ich ignoriert und statt dessen unz\u00e4hlige Videos geschaut, insbesondere auch solche \u00fcber die Zust\u00e4nde in den USA. Besonders beeindruckend:<\/p>\n<p>Large Man Abroad:<br \/>\n<a href=\"https:\/\/www.youtube.com\/watch?v=Eig3zoPAVKM\" rel=\"noopener\" target=\"_blank\"><strong>How POVERTY Became The New Normal For Americans in 2025: America&#8217;s New Working Poor<\/strong><\/a>.  <\/p>\n<blockquote><p>\n&#8222;Im Wesentlichen ist es jetzt normal, zwei Vollzeitjobs zu haben, 80 Stunden pro Woche zu arbeiten. Vor 10-20 Jahren w\u00e4re das Wahnsinn gewesen. Man w\u00e4re als Workaholic bezeichnet worden, es w\u00e4re etwas Negatives gewesen. Jetzt ist es normal, es wird erwartet. Wenn man weniger als 80 Stunden pro Woche arbeitet, stimmt wahrscheinlich etwas nicht. Man ist einfach nicht produktiv genug.<\/p>\n<p>An welchem Punkt in der Arbeitskultur ist das normal geworden? Das ist normal geworden, weil es normal geworden ist, arm zu sein. Es gibt jetzt mehr Amerikaner, die in Armut leben. Es gibt mehr Kinderarmut als wahrscheinlich seit der Weltwirtschaftskrise. Das ist jetzt eine normale Sache in Amerika. Amerika f\u00e4llt zur\u00fcck, und seine Menschen wurden zur\u00fcckgelassen. Die Managerklasse, die B\u00fcrokratieklasse, sie sind einfach v\u00f6llig unber\u00fchrt von den Amerikanern.&#8220;<\/p><\/blockquote>\n<p>Perplexity hat mir das Transscript gleich auch \u00fcbersetzt, wer also mag <a href=\"https:\/\/www.claudia-klinger.de\/digidiary\/docs\/Transscript-Armut-USA.pdf\">hier in ganzer L\u00e4nge (.pdf).<\/a> Sehr lesenswert, mein Verst\u00e4ndnis f\u00fcr die Trump-Wahl vieler Amerikaner ist gewachsen, auch wenn das nat\u00fcrlich alles andere als eine &#8222;L\u00f6sung&#8220; war. <\/p>\n<p>Im Grunde geht dieses einst gro\u00dfartige Land an seiner eigenen Ideologie zu Grunde! Die Unterschiede USA\/Deutschland arbeitet Aly (@usa-mom-in-germany) im folgenden Video heraus:<\/p>\n<p><a href=\"https:\/\/www.youtube.com\/watch?v=oIuzYswgmHE&#038;list=FLfKQUxx3LQvVO_wSuxSSWCg\" rel=\"noopener\" target=\"_blank\">Why U.S. Dream Jobs Don\u2019t Compare to German Standards (And How U.S. Propaganda Keeps It That Way)<\/a><\/p>\n<blockquote><p>\n&#8222;Denkst du, dein Traumjob in den Vereinigten Staaten ist unschlagbar? Warte, bis du h\u00f6rst, was in Deutschland als Standard gilt. In Deutschland ist das, was in den Vereinigten Staaten zu sch\u00f6n ist, um wahr zu sein, einfach ein normaler Arbeitstag. Lass uns dar\u00fcber sprechen, warum. In diesem Video werden wir untersuchen, wie die grundlegenden Erwartungen an eine Besch\u00e4ftigung in Deutschland selbst die attraktivsten Jobs in den Vereinigten Staaten \u00fcbertreffen, und die kulturellen und systemischen Unterschiede beleuchten.&#8220;<\/p><\/blockquote>\n<p>Auch dazu <a href=\"https:\/\/www.claudia-klinger.de\/digidiary\/docs\/Transscript-Vergleich-USA-Germany.pdf\" rel=\"noopener\" target=\"_blank\">ein deutschsprachiges Transskript (.pdf)<\/a> <\/p>\n<p>Das sollten nicht nur Amerikaner anschauen, sondern auch all jene, die meinen, in Deutschland sei alles nur noch schlecht und man sei auf dem Sprung, auszuwandern! Hier ein paar Kommentare zum Video:<\/p>\n<blockquote><p>&#8222;It&#8217;s called the American Dream because you have to be asleep to believe it.&#8220; &#8211; George Carlin&#8220; <\/p><\/blockquote>\n<blockquote><p>America is not a country, It&#8217;s a business. Money trumps integrity and peoples lives and livelihoods. Your oppression is their profession<\/p><\/blockquote>\n<blockquote><p>\nObviously slavery wasn&#8217;t limited to blacks in the US and abolished in 1865. It was extended to all people and rebranded freedom instead.<\/p><\/blockquote>\n<p>Immer mehr verarmte US-Amerikaner\/innen <a href=\"https:\/\/www.bluewin.ch\/de\/news\/international\/ich-lebe-in-meinem-auto-1932136.html\" rel=\"noopener\" target=\"_blank\">leben in ihren Autos<\/a>. Seniorinnen wie <a href=\"https:\/\/www.youtube.com\/watch?v=wXigmmgo1kA\" rel=\"noopener\" target=\"_blank\">Judith (72)<\/a>, <a href=\"https:\/\/www.youtube.com\/watch?v=0msR5SpTte4\" rel=\"noopener\" target=\"_blank\">Lindy (77)<\/a> und <a href=\"https:\/\/www.youtube.com\/watch?v=0msR5SpTte4\" rel=\"noopener\" target=\"_blank\">Beth (70)<\/a> berichten auf ihrem Youtube-Kanal, wie das so ist. <\/p>\n<p>***<\/p>\n<p>Genug, ich f\u00fchl mich schon wieder ziemlich ersch\u00f6pft! Drau\u00dfen scheint die Sonne, evtl. schaffe ich heut noch einen kleinen Spaziergang mit M\u00fcll runter bringen. Krank sein liegt mir nicht, das ist mal sicher :-)<\/p>","protected":false},"excerpt":{"rendered":"<p>Heute fr\u00fch kein Fieber! Das Aufstehen f\u00e4llt vergleichsweise leicht, obwohl ich mich noch recht schwach f\u00fchle. Kein Wunder, der grippale Infekt, der mich seit Mittwoch heimsuchte, hat mich ein gutes Kilo K\u00f6rpergewicht gekostet, wie die Waage zeigt. Es ist erst mein zweiter Infekt seit Corona-Start (2020), das mich bis heute NICHT erwischt hat, ich hab&#8216; [&hellip;]<\/p>\n","protected":false},"author":1,"featured_media":0,"comment_status":"open","ping_status":"open","sticky":false,"template":"","format":"standard","meta":[],"categories":[148,243,8],"tags":[1513,533,1512,408,1514],"post_mailing_queue_ids":[],"_links":{"self":[{"href":"https:\/\/www.claudia-klinger.de\/digidiary\/wp-json\/wp\/v2\/posts\/4655"}],"collection":[{"href":"https:\/\/www.claudia-klinger.de\/digidiary\/wp-json\/wp\/v2\/posts"}],"about":[{"href":"https:\/\/www.claudia-klinger.de\/digidiary\/wp-json\/wp\/v2\/types\/post"}],"author":[{"embeddable":true,"href":"https:\/\/www.claudia-klinger.de\/digidiary\/wp-json\/wp\/v2\/users\/1"}],"replies":[{"embeddable":true,"href":"https:\/\/www.claudia-klinger.de\/digidiary\/wp-json\/wp\/v2\/comments?post=4655"}],"version-history":[{"count":0,"href":"https:\/\/www.claudia-klinger.de\/digidiary\/wp-json\/wp\/v2\/posts\/4655\/revisions"}],"wp:attachment":[{"href":"https:\/\/www.claudia-klinger.de\/digidiary\/wp-json\/wp\/v2\/media?parent=4655"}],"wp:term":[{"taxonomy":"category","embeddable":true,"href":"https:\/\/www.claudia-klinger.de\/digidiary\/wp-json\/wp\/v2\/categories?post=4655"},{"taxonomy":"post_tag","embeddable":true,"href":"https:\/\/www.claudia-klinger.de\/digidiary\/wp-json\/wp\/v2\/tags?post=4655"}],"curies":[{"name":"wp","href":"https:\/\/api.w.org\/{rel}","templated":true}]}}