{"id":4607,"date":"2024-12-10T13:29:12","date_gmt":"2024-12-10T12:29:12","guid":{"rendered":"https:\/\/www.claudia-klinger.de\/digidiary\/?p=4607"},"modified":"2024-12-10T14:15:23","modified_gmt":"2024-12-10T13:15:23","slug":"drecksaecke","status":"publish","type":"post","link":"https:\/\/www.claudia-klinger.de\/digidiary\/2024\/12\/10\/drecksaecke\/","title":{"rendered":"Drecks\u00e4cke!"},"content":{"rendered":"<p>Der Schl\u00e4chter Assad ist weg, welch eine Freude! Und wie wird hierzulande darauf reagiert? Man diskutiert \u00fcber Abschiebungen und R\u00fcckkehraktionen nach Syrien, obwohl es dort noch alles andere als &#8222;sicher&#8220; ist. Weil ich es nicht besser ausdr\u00fccken k\u00f6nnte, zitiere ich <a href=\"https:\/\/fliegende-bretter.blogspot.com\/2024\/12\/im-schlechtesten-sinne.html\" target=\"_blank\" rel=\"noopener\">aus dem Blog &#8222;Fliegende Bretter&#8220;<\/a>:<\/p>\n<blockquote><p>&#8222;Wer subsidi\u00e4ren Schutz genie\u00dft, und das tut die Mehrheit der hier lebenden Syrer:innen, verliert ihn in dem Moment, in dem der Grund daf\u00fcr entf\u00e4llt, das ist korrekt. Aber wem an so einem Tag der begr\u00fcndeten Freude, an dem \u00fcbrigens absolut noch nicht klar ist, wie es in Syrien weitergeht, als erstes &#8222;ausweisen!&#8220; einf\u00e4llt und dass aber jetzt bittesch\u00f6n alle Syrer gef\u00e4lligst sofort die Koffer zu packen h\u00e4tten, offenbart damit ein Ausma\u00df an Herzensk\u00e4lte und menschlicher Verkommenheit, die einen auch als einigerma\u00dfen erfahrenen, schwer zu \u00fcberraschenden politischen Beobachter nur mehr sprachlos macht. Von der weitgehend empathiefreien Miesmenschenveranstaltung namens AfD erwartet man nichts anders. Aber diese sauberen, sich, warum auch immer, &#8218;christlich&#8216; schimpfenden Bonzen &#8212; pfui Deibel!<\/p>\n<p><i>&#8222;Alle, die jetzt anfangen, \u00fcber Abschiebungen nach Syrien zu reden, sind einfach nur, und entschuldigen Sie die Wortwahl, das sind einfach nur verkommene Drecks\u00e4cke.&#8220; (<a href=\"ttps:\/\/www.tagesspiegel.de\/politik\/verkommene-drecksacke-linken-chef-entrustet-sich-uber-abschiebedebatte-nach-assad-sturz-12846218.html\">Jan van Aken<\/a>)<\/i>&#8222;<\/p><\/blockquote>\n<p><!--more--><br \/>\nSehr viele der nach Deutschland Gefl\u00fcchteten sind mittlerweile gut integriert. Syrische \u00c4rzte und Pflegekr\u00e4fte sichern das marode Gesundheitssystem, vielerorts kommt der \u00d6PNV ohne syrische Busfahrer nicht mehr aus. Syrer haben L\u00e4den er\u00f6ffnet, die Kinder sind teils hier geboren und gehen zur Schule oder studieren. Was das mit ihnen macht, wenn diverse Politiker sich jetzt im Wahlkampf mit schnellen R\u00fcckf\u00fchrungsforderungen profilieren, daran denken die nicht, das ist ihnen komplett egal!<\/p>\n<p>Wer noch nicht lange hier ist, noch keinen gekl\u00e4rten Aufenthaltsstatus und auch keinen Job hat, wird &#8211; so vermute ich &#8211; die R\u00fcckkehr durchaus in Betracht ziehen, auch ganz freiwillig. Das \u00dcbel liegt im Zeitpunkt der &#8222;Debatte&#8220;, denn von Frieden und Sicherheit kann derzeit noch keine Rede sein! Ich h\u00f6re in den Nachrichten von K\u00e4mpfen zwischen der von der T\u00fcrkei unterst\u00fctzten \u201eSyrischen Nationalen Armee\u201c und der Kurdenmiliz YPG, Israel bombardiert Forschungszentren, Waffenlager, Marine-Schiffe, Flugh\u00e4fen und Flugzeuge &#8211; als w\u00e4ren da nicht \u00fcberall Menschen! Die USA greifen IS-St\u00fctzpunkte an &#8211; das mag uns noch am wenigsten st\u00f6ren, aber wie &#8222;pr\u00e4zise&#8220; kann ein solches Vorgehen \u00fcberhaupt sein? Und wie &#8222;legal&#8220; ist es eigentlich, dass genau jetzt, w\u00e4rend die neue Staatsmacht sich erst bilden muss, mal eben \u00e4u\u00dfere M\u00e4chte milit\u00e4rische Angriffe unternehmen?<\/p>\n<p>Und in diese Gemengelage sollen nun m\u00f6glichst viele Syrer so schnell wie m\u00f6glich zur\u00fcckkehren? Ich schlie\u00dfe mich der Bewertung von Jan van Aken an: Drecks\u00e4cke!<\/p>\n<p>&nbsp;<\/p>","protected":false},"excerpt":{"rendered":"<p>Der Schl\u00e4chter Assad ist weg, welch eine Freude! Und wie wird hierzulande darauf reagiert? Man diskutiert \u00fcber Abschiebungen und R\u00fcckkehraktionen nach Syrien, obwohl es dort noch alles andere als &#8222;sicher&#8220; ist. Weil ich es nicht besser ausdr\u00fccken k\u00f6nnte, zitiere ich aus dem Blog &#8222;Fliegende Bretter&#8220;: &#8222;Wer subsidi\u00e4ren Schutz genie\u00dft, und das tut die Mehrheit der [&hellip;]<\/p>\n","protected":false},"author":1,"featured_media":0,"comment_status":"open","ping_status":"open","sticky":false,"template":"","format":"standard","meta":[],"categories":[8,231],"tags":[1481,1426,662,1480],"post_mailing_queue_ids":[],"_links":{"self":[{"href":"https:\/\/www.claudia-klinger.de\/digidiary\/wp-json\/wp\/v2\/posts\/4607"}],"collection":[{"href":"https:\/\/www.claudia-klinger.de\/digidiary\/wp-json\/wp\/v2\/posts"}],"about":[{"href":"https:\/\/www.claudia-klinger.de\/digidiary\/wp-json\/wp\/v2\/types\/post"}],"author":[{"embeddable":true,"href":"https:\/\/www.claudia-klinger.de\/digidiary\/wp-json\/wp\/v2\/users\/1"}],"replies":[{"embeddable":true,"href":"https:\/\/www.claudia-klinger.de\/digidiary\/wp-json\/wp\/v2\/comments?post=4607"}],"version-history":[{"count":0,"href":"https:\/\/www.claudia-klinger.de\/digidiary\/wp-json\/wp\/v2\/posts\/4607\/revisions"}],"wp:attachment":[{"href":"https:\/\/www.claudia-klinger.de\/digidiary\/wp-json\/wp\/v2\/media?parent=4607"}],"wp:term":[{"taxonomy":"category","embeddable":true,"href":"https:\/\/www.claudia-klinger.de\/digidiary\/wp-json\/wp\/v2\/categories?post=4607"},{"taxonomy":"post_tag","embeddable":true,"href":"https:\/\/www.claudia-klinger.de\/digidiary\/wp-json\/wp\/v2\/tags?post=4607"}],"curies":[{"name":"wp","href":"https:\/\/api.w.org\/{rel}","templated":true}]}}