{"id":4583,"date":"2024-10-10T14:45:30","date_gmt":"2024-10-10T12:45:30","guid":{"rendered":"https:\/\/www.claudia-klinger.de\/digidiary\/?p=4583"},"modified":"2024-10-10T14:45:30","modified_gmt":"2024-10-10T12:45:30","slug":"heftiger-infekt-der-erste-seit-2019","status":"publish","type":"post","link":"https:\/\/www.claudia-klinger.de\/digidiary\/2024\/10\/10\/heftiger-infekt-der-erste-seit-2019\/","title":{"rendered":"Heftiger Infekt: der erste seit 2019!"},"content":{"rendered":"<p>Krank sein bin ich gar nicht mehr gew\u00f6hnt. Bei keiner Corona-, Grippe- oder Erk\u00e4ltungswelle der letzten Jahre war ich dabei. Doch jetzt hat es mich erwischt, ausgerechnet <a href=\"https:\/\/www.claudia-klinger.de\/digidiary\/2023\/10\/28\/flucht-in-die-koerperwelten-im-fitness-center\/\" target=\"_blank\" rel=\"noopener\">im Fitness-Center<\/a>. Das wei\u00df ich so genau, weil es der einzige Ort ist, an dem ich mich \u00fcber l\u00e4ngere Zeit mit fremden Menschen im gleichen Raum aufhalte &#8211; und auch noch in der Sauna. Zwar sollen Viren die 90-Grad-Sauna nicht \u00fcberleben, aber ich war ja auch in der Bio-Sauna, im Vor- und im Ruheraum &#8211; und das alles Freitag-Nachmittag, der Tag, an dem das Center bestens besucht ist. Insofern: Voll selbst schuld, nicht mehr &#8222;risikovermeidend&#8220; verhalten!<!--more--><\/p>\n<p>Besonders weh tut auch die Tagsache, dass ich es erst am Sonntag w\u00e4hrend Yoga sp\u00fcrte, dabei also auch gleich meinen lieben Freund ansteckte, mit dem ich einmal w\u00f6chentlich \u00fcbe. Auch ihn hat es heftig erwischt!<\/p>\n<p>Weil ich sooo lange nicht krank war, kam mir das Ganze jetzt doppelt schrecklich vor: Am Montag 39,4 Fieber &#8211; das kannte ich nur aus der Kindheit! Naja, und halt Schnupfen, Kopfweh, Gliederschmerzen&#8230; zum Gl\u00fcck kein extra Husten, kein Halsweh, ich sehe immer gerne das Positive! :-) Das war auch gleich der H\u00f6hepunkt, seitdem wird es jeden Tag besser, aber von &#8222;gesund&#8220; bin ich noch ein St\u00fcck weit entfernt.<\/p>\n<p>An Arbeit, Bloggen, Twittern, Kommentare beantworten war nicht zu denken! Die meiste Zeit hab ich schlaff auf dem Sofa verbracht, mich h\u00f6chstens mal in der Wohnung bewegt, ein bisschen auf dem Balkon geg\u00e4rtnert und nur ganz wenig gegessen. Dabei immerhin 1,5 Kilo abgenommen, auch was Positives! Und wieder einmal bewundere ich die Genialit\u00e4t des K\u00f6rpers: mit Appetitlosigkeit signalisiert er &#8222;Ich hab jetzt Wichtigeres zu tun als zu verdauen&#8220; und mit Fieber versucht er, die Viren tot zu kochen. Was ja zu klappen scheint!<\/p>\n<h2>Was ist normal?<\/h2>\n<p>Es sei normal, sich als Erwachsener zwei bis viermal pro Jahr zu erk\u00e4lten, lese ich z.B. <a href=\"https:\/\/www.gesundheitsinformation.de\/erkaeltung.html\" target=\"_blank\" rel=\"noopener\">hier<\/a>. Eigentlich verwundert, dass das allgemein so hingenommen wird. Hepa-Filter in Innenr\u00e4umen w\u00fcrden doch zumindest die Ansteckungen in B\u00fcros und Schulr\u00e4umen mindern. Dass dem nicht so ist, passt nat\u00fclich viel besser zu unserem &#8222;Gesundheitssystem&#8220;: Erstmal alle krank werden lassen und dann an den Behandlungen verdienen.<\/p>\n<p>Wenn von Geburt an Pr\u00e4vention auf allen Ebenen der oberste Wert w\u00e4re, \u00f6ffentliche Gesundheitsvorsorge in Kitas, Schulen, Unis und Betrieben integriert w\u00e4re &#8211; dann w\u00e4ren wir alle weniger oft krank und br\u00e4uchten weniger Medikamente, weniger Ops und weniger Pflege im hohen Alter. An alledem w\u00e4re dann aber auch deutlich weniger zu verdienen &#8211; und das ist halt nicht gewollt. Wenn es wenigstens eine WinWin-Situation w\u00e4re, ist es aber nicht! Denn in Sachen <a href=\"https:\/\/de.wikipedia.org\/wiki\/Liste_der_L%C3%A4nder_nach_durchschnittlicher_Lebenserwartung\" target=\"_blank\" rel=\"noopener\">Lebenserwartung liegt Deutschland im Weltvergleich<\/a> nur auf Platz 38! Sogar Gro\u00dfbritannien mit seinem staatlich finanzierten und deshalb ressourcen-knappen Gesundheitssystem steht auf Platz 32 deutlich besser da. Die betreiben eben mehr Pr\u00e4vention und dort ziert man sich auch nicht, eine Zuckersteuer einzuf\u00fchren!<\/p>\n<p>Genug, das Sofa ruft&#8230; :-)<\/p>\n<p>&nbsp;<\/p>\n<p>&nbsp;<\/p>","protected":false},"excerpt":{"rendered":"<p>Krank sein bin ich gar nicht mehr gew\u00f6hnt. Bei keiner Corona-, Grippe- oder Erk\u00e4ltungswelle der letzten Jahre war ich dabei. Doch jetzt hat es mich erwischt, ausgerechnet im Fitness-Center. Das wei\u00df ich so genau, weil es der einzige Ort ist, an dem ich mich \u00fcber l\u00e4ngere Zeit mit fremden Menschen im gleichen Raum aufhalte &#8211; [&hellip;]<\/p>\n","protected":false},"author":1,"featured_media":0,"comment_status":"open","ping_status":"open","sticky":false,"template":"","format":"standard","meta":[],"categories":[243],"tags":[533,753,1468,1469,1470],"post_mailing_queue_ids":[],"_links":{"self":[{"href":"https:\/\/www.claudia-klinger.de\/digidiary\/wp-json\/wp\/v2\/posts\/4583"}],"collection":[{"href":"https:\/\/www.claudia-klinger.de\/digidiary\/wp-json\/wp\/v2\/posts"}],"about":[{"href":"https:\/\/www.claudia-klinger.de\/digidiary\/wp-json\/wp\/v2\/types\/post"}],"author":[{"embeddable":true,"href":"https:\/\/www.claudia-klinger.de\/digidiary\/wp-json\/wp\/v2\/users\/1"}],"replies":[{"embeddable":true,"href":"https:\/\/www.claudia-klinger.de\/digidiary\/wp-json\/wp\/v2\/comments?post=4583"}],"version-history":[{"count":0,"href":"https:\/\/www.claudia-klinger.de\/digidiary\/wp-json\/wp\/v2\/posts\/4583\/revisions"}],"wp:attachment":[{"href":"https:\/\/www.claudia-klinger.de\/digidiary\/wp-json\/wp\/v2\/media?parent=4583"}],"wp:term":[{"taxonomy":"category","embeddable":true,"href":"https:\/\/www.claudia-klinger.de\/digidiary\/wp-json\/wp\/v2\/categories?post=4583"},{"taxonomy":"post_tag","embeddable":true,"href":"https:\/\/www.claudia-klinger.de\/digidiary\/wp-json\/wp\/v2\/tags?post=4583"}],"curies":[{"name":"wp","href":"https:\/\/api.w.org\/{rel}","templated":true}]}}