{"id":4556,"date":"2024-07-16T11:45:15","date_gmt":"2024-07-16T09:45:15","guid":{"rendered":"https:\/\/www.claudia-klinger.de\/digidiary\/?p=4556"},"modified":"2024-07-16T13:10:58","modified_gmt":"2024-07-16T11:10:58","slug":"trump-und-was-dann","status":"publish","type":"post","link":"https:\/\/www.claudia-klinger.de\/digidiary\/2024\/07\/16\/trump-und-was-dann\/","title":{"rendered":"Trump &#8211; und was dann?"},"content":{"rendered":"<p>Spahn ist zum Nominierungsparteitag der Republikaner gefahren und wirft der Bundesregierung vor, sich nicht auf die nach dem Attentat immer wahrscheinlicher werdende Pr\u00e4sidentschaft von Trump &#8222;vorzubereiten&#8220;. <a href=\"https:\/\/www.deutschlandfunk.de\/spahn-cdu-muessen-mit-jedem-praesidenten-gespraechsfaehig-sein-100.html\" target=\"_blank\" rel=\"noopener\">Zitat aus dem DLF<\/a>:<\/p>\n<blockquote><p>&#8222;Man m\u00fcsse deshalb schon jetzt Gemeinsamkeiten suchen, betonte Spahn. Im Stil gebe es diese nicht, in den Themen aber ganz sicher. Er nannte etwa die NATO, den Atomwaffensperrvertrag und das Thema Migration. Die USA seien der Garant der Sicherheit in Deutschland. Deshalb m\u00fcsse man mit jedem amerikanischen Pr\u00e4sidenten gespr\u00e4chsf\u00e4hig sein. Deutschland und Europa hingen von den USA mehr ab als andersherum, das m\u00fcsse man in Deutschland endlich verstehen. Spahn warf den Regierungsparteien SPD, FDP und Gr\u00fcnen vor, sie seien bisher nicht f\u00fcr einen m\u00f6glichen Wechsel im Wei\u00dfen Haus ger\u00fcstet. Er sprach von einem unverantwortlichen Verhalten.&#8220;<\/p><\/blockquote>\n<p>Dem widerspricht der Transatlantik-Koordinator Link (FDP), man bereite sich im Gegenteil intensiv vor. Aber was meinen die eigentlich damit? Was muss da &#8222;vorbereitet&#8220; werden? Ist damit nur gemeint, dass man nicht mehr von einem &#8222;weiter so&#8220; mit Biden ausgehen sollte, dessen Chancen auf eine Wiederwahl wegen diverser Ausfallserscheinungen schwinden?\u00a0 Was soll daraus aber konkret folgen? Das sagt weder Spahn noch irgendwer sonst ganz genau.<!--more--><\/p>\n<p>Das einzig Konkrete <a href=\"https:\/\/www.rnd.de\/politik\/deutschland-plant-fuer-trump-2-0-nach-dem-anschlag-waechst-die-sorge-um-stabile-usa-TM3FHHLWEJG45CYEQKSPOMDS4I.html\" target=\"_blank\" rel=\"noopener\">formuliert z.B. der CSU-Politiker Thomas Erndl<\/a>:<\/p>\n<blockquote><p>\u201eBeim Thema Sicherheit in Europa und bei der Ukraine-Unterst\u00fctzung m\u00fcssen wir mehr Verantwortung \u00fcbernehmen\u201c, forderte er. \u201eHier ist vor allem die deutsche Bundesregierung gefragt, die das nur halbherzig angeht&#8230;. \u201eWir m\u00fcssen endlich die F\u00fchrungsrolle \u00fcbernehmen, die vor allem die Osteurop\u00e4er von uns erwarten\u201c.<\/p><\/blockquote>\n<p>&#8222;Konkret&#8220; ist das aber auch nur in dem Sinn, dass man sich vorstellen kann, was er meint: Mehr Milit\u00e4rausgaben, mehr Waffenlieferungen an die Ukraine. Aber was auch immer Deutschland tun w\u00fcrde: Die amerikanische Milit\u00e4rhilfe an die Ukraine k\u00f6nnten wir in keinem Szenario ersetzen. Hier ein Statistik-Auszug zum Stand der Dinge laut dem <a href=\"https:\/\/www.ifw-kiel.de\/de\/themendossiers\/krieg-gegen-die-ukraine\/ukraine-support-tracker\/\" target=\"_blank\" rel=\"noopener\">ifw-kiel\/ukrainetracker<\/a>:<\/p>\n<p><img decoding=\"async\" loading=\"lazy\" class=\"aligncenter size-large wp-image-4557\" src=\"https:\/\/www.claudia-klinger.de\/digidiary\/wp-content\/uploads\/2024\/07\/ukraine-hilfen-650x441.jpg\" alt=\"Ukrainehilfen Statistik\" width=\"650\" height=\"441\" srcset=\"https:\/\/www.claudia-klinger.de\/digidiary\/wp-content\/uploads\/2024\/07\/ukraine-hilfen-650x441.jpg 650w, https:\/\/www.claudia-klinger.de\/digidiary\/wp-content\/uploads\/2024\/07\/ukraine-hilfen-300x204.jpg 300w, https:\/\/www.claudia-klinger.de\/digidiary\/wp-content\/uploads\/2024\/07\/ukraine-hilfen.jpg 698w\" sizes=\"(max-width: 650px) 100vw, 650px\" \/><\/p>\n<p>(<em>Die Unterst\u00fctzung von Fl\u00fcchtlingen AUSSERHALB der Ukraine sind in der Statistik \u00fcbrigens nicht erfasst<\/em>). Es ist vermutlich zu erwarten, dass Trump seinen Plan, Putins Krieg mit einem &#8222;Deal&#8220; zu Lasten der Ukraine zu beenden, zumindest versuchen wird. Und angesichts der Gefahr, sich k\u00fcnftig ohne US-Hilfe verteidigen zu m\u00fcssen, w\u00fcrde er wohl auch auf &#8222;verhandlungsbereite&#8220; Ukrainer treffen. Was wohl w\u00e4re, wenn er irgendwann auch merkt, dass man Putin kein Wort glauben kann?<\/p>\n<p>Mit der Abh\u00e4ngigkeit von den USA hat Erndl (und die vielen anderen, die darauf hinweisen) recht, denn sie sind der wichtigste Handelspartner in Sachen Export:<\/p>\n<p><img decoding=\"async\" loading=\"lazy\" class=\"aligncenter size-full wp-image-4558\" src=\"https:\/\/www.claudia-klinger.de\/digidiary\/wp-content\/uploads\/2024\/07\/aussenhandel-de.jpg\" alt=\"Au\u00dfenhandel DE Statistik\" width=\"620\" height=\"503\" srcset=\"https:\/\/www.claudia-klinger.de\/digidiary\/wp-content\/uploads\/2024\/07\/aussenhandel-de.jpg 620w, https:\/\/www.claudia-klinger.de\/digidiary\/wp-content\/uploads\/2024\/07\/aussenhandel-de-300x243.jpg 300w\" sizes=\"(max-width: 620px) 100vw, 620px\" \/><\/p>\n<p>Man erinnere sich: Trump hat w\u00e4hrend seiner letzten Pr\u00e4sidentschaft heftige <a href=\"https:\/\/www.tagesschau.de\/wirtschaft\/weltwirtschaft\/trump-stahl-streit-strafzoelle-harley-davidson-101.html\" target=\"_blank\" rel=\"noopener\">Strafz\u00f6lle gegen Importe von Stahl und Aluminium<\/a> aus der EU und GB eingef\u00fchrt. Unter Biden wurde das zu Gunsten von Kontingent-Regelungen zur\u00fcck genommen.<\/p>\n<p>So wahnsinnig Trump auch immer mal wieder wirken mag: Eine Konstante seiner &#8222;Make Amerika great again&#8220;-Politik ist die Absicht, auch alte Industrien wieder in die USA zur\u00fcckzuholen bzw. diese zu supporten. Unser wichtigstes Exportgut in die USA sind nach wie vor Autos (die jedoch neuerdings mit <a href=\"https:\/\/www.ftd.de\/unternehmen\/industrie\/deutsche-autos-fallen-bei-us-kunden-durch-studie-zeigt-qualitaetsprobleme\/\" target=\"_blank\" rel=\"noopener\">immer mehr M\u00e4ngeln<\/a> auffallen). Diese Export-S\u00e4ule k\u00f6nnte also erheblich wackeln, wenn Trump loslegt. Immerhin sind noch <a href=\"https:\/\/www.destatis.de\/DE\/Presse\/Pressemitteilungen\/2019\/04\/PD19_139_811.html\" target=\"_blank\" rel=\"noopener\">1,75 Millionen Erwerbst\u00e4tige<\/a> in Deutschland &#8222;mit der Autoproduktion verbunden&#8220;, nicht gerade wenig!<\/p>\n<p>Das sind jetzt nur zwei Aspekte einer k\u00fcnftigen Trump-Pr\u00e4sidentschaft, die mit hoher Wahrscheinlichkeit eine Rolle spielen w\u00fcrden. Aber es gibt noch viele mehr: der Niedergang der politischen Kultur, die &#8222;Trumpisierung&#8220; der Debatten in Richtung Aggressivit\u00e4t, Gewalt, &#8222;alternative Wahrheiten&#8220; ist bereits eine Folge Trumps letzter Pr\u00e4sidentschaft. Sie reicht bis hinein in die sich noch als &#8222;Mitte&#8220; verstehende CDU\/CSU\/FDP, die von Trump und seinen Reps gelernt haben, dass st\u00e4ndiges Shitstormen der politischen Gegner und deren Markierung als &#8222;Feinde&#8220; mehr bringt als das Herausstellen der eigenen Alternativen.<\/p>\n<p>Ich mach hier mal besser Schluss, denn der eigene Text zieht mich grade ziemlich runter!\u00a0Dass Trump kurz nach dem Attentat meinte, er wolle <a href=\"https:\/\/www.tagesschau.de\/ausland\/amerika\/trump-biden-nach-attentat-100.html\" target=\"_blank\" rel=\"noopener\">nun doch lieber &#8222;die politische Spaltung im Land \u00fcberwinden&#8220;<\/a> &#8211; ja, das w\u00e4re sch\u00f6n, aber ich glaube ihm kein Wort!<\/p>\n<p>***<\/p>\n<p>Auch zum Thema:<\/p>\n<ul>\n<li><a href=\"https:\/\/horstschulte.com\/2024\/07\/trump-hat-schon-gewonnen\/\" target=\"_blank\" rel=\"noopener\">Trump hat schon gewonnen (Horst Schulte)<\/a><\/li>\n<li><a href=\"https:\/\/stefanpfeiffer.blog\/2024\/07\/15\/drohende-gewaltspirale-in-den-usa-und-verheerende-politische-folgen-fur-uns\/\" target=\"_blank\" rel=\"noopener\">Drohende Gewaltspirale in den USA und verheerende politische Folgen f\u00fcr uns (Stefan Pfeiffer Blog)<\/a><\/li>\n<li><a href=\"https:\/\/tippingpoint.blog\/2024\/07\/14\/557-nur-ein-paar-zentimeter\/\" target=\"_blank\" rel=\"noopener\">Nur ein paar Zentimeter (T.ipping-Point)<\/a><\/li>\n<\/ul>\n<p>Nicht direkt zum Thema, aber tr\u00f6stlich (im Kleinen):<\/p>\n<ul>\n<li><a href=\"https:\/\/gemeinsamleben.wordpress.com\/2024\/07\/13\/aus-der-zeit-gefallen\/\" target=\"_blank\" rel=\"noopener\">Aus der Zeit gefallen (Gemeinsamleben Weblog)<\/a><\/li>\n<\/ul>\n<p>&nbsp;<\/p>","protected":false},"excerpt":{"rendered":"<p>Spahn ist zum Nominierungsparteitag der Republikaner gefahren und wirft der Bundesregierung vor, sich nicht auf die nach dem Attentat immer wahrscheinlicher werdende Pr\u00e4sidentschaft von Trump &#8222;vorzubereiten&#8220;. Zitat aus dem DLF: &#8222;Man m\u00fcsse deshalb schon jetzt Gemeinsamkeiten suchen, betonte Spahn. Im Stil gebe es diese nicht, in den Themen aber ganz sicher. Er nannte etwa die [&hellip;]<\/p>\n","protected":false},"author":1,"featured_media":0,"comment_status":"open","ping_status":"open","sticky":false,"template":"","format":"standard","meta":[],"categories":[8],"tags":[427,1455,815,563,1082,506],"post_mailing_queue_ids":[],"_links":{"self":[{"href":"https:\/\/www.claudia-klinger.de\/digidiary\/wp-json\/wp\/v2\/posts\/4556"}],"collection":[{"href":"https:\/\/www.claudia-klinger.de\/digidiary\/wp-json\/wp\/v2\/posts"}],"about":[{"href":"https:\/\/www.claudia-klinger.de\/digidiary\/wp-json\/wp\/v2\/types\/post"}],"author":[{"embeddable":true,"href":"https:\/\/www.claudia-klinger.de\/digidiary\/wp-json\/wp\/v2\/users\/1"}],"replies":[{"embeddable":true,"href":"https:\/\/www.claudia-klinger.de\/digidiary\/wp-json\/wp\/v2\/comments?post=4556"}],"version-history":[{"count":0,"href":"https:\/\/www.claudia-klinger.de\/digidiary\/wp-json\/wp\/v2\/posts\/4556\/revisions"}],"wp:attachment":[{"href":"https:\/\/www.claudia-klinger.de\/digidiary\/wp-json\/wp\/v2\/media?parent=4556"}],"wp:term":[{"taxonomy":"category","embeddable":true,"href":"https:\/\/www.claudia-klinger.de\/digidiary\/wp-json\/wp\/v2\/categories?post=4556"},{"taxonomy":"post_tag","embeddable":true,"href":"https:\/\/www.claudia-klinger.de\/digidiary\/wp-json\/wp\/v2\/tags?post=4556"}],"curies":[{"name":"wp","href":"https:\/\/api.w.org\/{rel}","templated":true}]}}