{"id":4550,"date":"2024-07-02T15:36:29","date_gmt":"2024-07-02T13:36:29","guid":{"rendered":"https:\/\/www.claudia-klinger.de\/digidiary\/?p=4550"},"modified":"2024-07-02T16:41:44","modified_gmt":"2024-07-02T14:41:44","slug":"demokratiedaemmerung","status":"publish","type":"post","link":"https:\/\/www.claudia-klinger.de\/digidiary\/2024\/07\/02\/demokratiedaemmerung\/","title":{"rendered":"Demokratied\u00e4mmerung?"},"content":{"rendered":"<blockquote><p>&#8222;Vielleicht ist die zentrale, oft \u00fcbersehene Schw\u00e4che von Demokratien, dass sie auf der Annahme beruhen, ein \u00fcberwiegender Teil des Wahlvolks handele nach rationalen Erw\u00e4gungen. Dass W\u00e4hler ihre Wahlentscheidung mehrheitlich argumentativ begr\u00fcnden k\u00f6nnen und bereit und in der Lage sind, im politischen Diskurs inhaltlich dar\u00fcber zu diskutieren. Dass sich letztlich das beste Argument durchsetzt. Genau das ist aber so gut wie nicht mehr der Fall. Ebenso wenig die F\u00e4higkeit, zu akzeptieren, dass andere mal die Mehrheit innehaben.&#8220;<\/p><\/blockquote>\n<p><!--more--><\/p>\n<p>So beschreibt <a href=\"https:\/\/fliegende-bretter.blogspot.com\/2024\/06\/kein-zufall.html\" target=\"_blank\" rel=\"noopener\">Stefan Rose auf Fliegende Bl\u00e4tter<\/a> die Lage, wobei ich das &#8222;vielleicht&#8220; glatt streichen w\u00fcrde! Die Demokratie, dieses &#8222;beste aller Systeme&#8220; verliert zunehmend an Strahlkraft. Autokratien, Diktaturen und rechtsextreme Parteien sind weltweit auf dem Vormarsch, sowohl <a href=\"https:\/\/www.tagesschau.de\/ausland\/europa\/studie-autokratie-100.html\" target=\"_blank\" rel=\"noopener\">in den Entwicklungsl\u00e4ndern<\/a> als auch <a href=\"https:\/\/de.statista.com\/infografik\/31323\/stimmanteile-der-staerksten--extrem--rechten-parteien-in-ausgewaehlten-laendern-bei-den-letzten-parlamentswahlen\/\" target=\"_blank\" rel=\"noopener\">in Europa<\/a>, wo der &#8222;<a href=\"https:\/\/www.zdf.de\/nachrichten\/politik\/ausland\/rechtspopulismus-trump-europawahl-100.html\" target=\"_blank\" rel=\"noopener\">Rechtspopulismus<\/a>&#8220; deutlich zugenommen hat. Vermutlich m\u00fcssen wir froh sein, dass hierzulande noch keine charismatische F\u00fchrungsfigur in Erscheinung getreten ist (Weidel? Chupalla? Nicht wirklich&#8230;), die noch viel mehr Wahlvolk um sich scharen k\u00f6nnte.<\/p>\n<p>\u00dcberlegungen zu den vielf\u00e4ltigen Ursachen dieser Entwickling gibt es zu Hauf: Frustration, Abstiegsangst, Marginalisierung, Perspektivlosigkeit, gef\u00fchlte und tats\u00e4chliche Machtlosigkeit in demokratischen Systemen, Bildungsdefizite, Dem\u00fctigungen (Corona-Ma\u00dfnahme), rechtsradikale Grundeinstellungen (Ressentiments gegen &#8222;Ausl\u00e4nder&#8220;) und Indoktrinierung durch Verschw\u00f6rungserz\u00e4hlungen sind einige der Gr\u00fcnde, sicher nicht alle. (Eine sehr informative Experten-Diskussion mit tief sch\u00fcrfenden Analysen findet Ihr im Paper &#8222;<a href=\"https:\/\/www.europaimunterricht.de\/fileadmin\/europaimunterricht\/pdf\/Unterrichtseinheiten\/bis_2017_rechtspopulismus_und_rechtsextremismus_in_europa.pdf\" target=\"_blank\" rel=\"noopener\">Rechtsextremismus und Rechtspopulismus in Europa<\/a>&#8222;, pdf, leider eine &#8222;Bleiw\u00fcste&#8220;).<\/p>\n<p>Mit Nationalismus und Protektionismus locken Rechtspopulisten die Massen. Der in den vorgezogenen Wahlen so erfolgreiche Front National will sogar aus dem europ\u00e4ischen Stromverbund austreten, um einen &#8222;franz\u00f6sischen Strompreis&#8220; zu gew\u00e4hrleisten. Die Steuern f\u00fcr Benzin und Diesel wollen sie von 20 auf 5 Prozent senken und die Rentenreform zur\u00fcck nehmen, in der Macron das Rentenalter von 61 auf (nur!) 64 angehoben hatte. Das alles, obwohl Frankreich mit einem aktuellen Haushaltsdefizit von 5,5% und Schulden von 111% des BIP schon jetzt gr\u00f6\u00dfte Finanzierungsprobleme hat. Aber was schert die Rechten die Realit\u00e4t?<\/p>\n<h2>Regularien, klein aber nervig<\/h2>\n<p>Dass die Bereitschaft zunimmt, rechten Welterkl\u00e4rern zu folgen, wird auch durch kleine Dinge bef\u00f6rdert, an deren Wirkung im Gem\u00fct der Bev\u00f6lkerung die Verfasser im Detail sinnvoll erscheinender Regulierungen anscheinend nie denken. So schreibt <a href=\"https:\/\/x.com\/markusdd5\/status\/1807341425190736240\" target=\"_blank\" rel=\"noopener\">markusdd5 auf X<\/a>:<\/p>\n<blockquote><p>&#8222;<span class=\"css-1jxf684 r-bcqeeo r-1ttztb7 r-qvutc0 r-poiln3\">F\u00fcr sich allein genommen sind sowohl die &#8218;du bist 1 km\/h zu schnell&#8216; Autopiepser als auch die an der Flasche festgetackerten Deckel nat\u00fcrlich kein Weltuntergang. Sie haben aber <strong>eine Eigenschaft, die glaube ich in Br\u00fcssel v\u00f6llig untersch\u00e4tzt wird<\/strong>: Sie reiben sich jedes mal neu, im Alltag, potenziell mehrfach t\u00e4glich, in die Wahrnehmung der Menschen. Es ist keine G\u00e4ngelung die man einmal f\u00fchlt und sich dann irgendwie arrangiert. Sie ist omnipr\u00e4sent, genau wie unsere lieben Cookiebanner. Und das ist f\u00fcr radikale Positionen, selbst f\u00fcr &#8218;die Mitte&#8216; der Gesellschaft, extrem f\u00f6rderlich. Wenn man die Leute fragt was die EU bzw. Euopa als Ganzes ihnen gebracht hat, werden ihnen dann wenig gute Dinge einfallen (und ich will sagen: es ist nicht so, dass es da keine g\u00e4be) und das gibt nat\u00fcrlich den R\u00e4ndern auftrieb.<\/span>&#8222;<\/p><\/blockquote>\n<p>Oft hat man den Eindruck, dass gut gemeinte Regulierungen lediglich den Alltag erschweren, ohne dass man einen echten Nutzen davon h\u00e4tte. Was habe ich davon, dass mir mein Samsung-TV mitteilt, dass meine Daten mit 256 Unternehmen geteilt werden, die ich mir als Liste anzeigen lassen kann? Soll ich das Ger\u00e4t jetzt etwa wegwerfen? H\u00e4tte man direkt-demokratisch abstimmen lassen, ob es Cookiebanner auf jeder Webseite geben soll, w\u00e4re das Mehrheitsergebnis klar gewesen: Nein danke!<\/p>\n<p>Schon vor einigen Jahren bekam ich bei Gelegenheit einer Untersuchung in der Berliner Charit\u00e9 einen 20-seitigen Stapel Papier mit einzeln abzuzeichnenden Erl\u00e4uterungen zur Datenverwendung. In der Wartezeit war das kaum zu schaffen, jedoch wurde mir tr\u00f6stend gesagt: F\u00fcllen Sie halt aus, soweit Sie kommen&#8230; (hier <a href=\"https:\/\/www.claudia-klinger.de\/digidiary\/2018\/06\/30\/das-jahr-in-dem-wir-den-datenschutz-hassen-lernten-eine-krankenhaussprechstunde\/\" target=\"_blank\" rel=\"noopener\">die ganze Story<\/a>).<\/p>\n<p>Die Beispiele zeigen, dass viele durchaus sinnvolle Gesetze, \u00fcber die oft Jahre lang verhandelt wird, in der Praxis einfach nur nerven. Man wird immer mehr und umfangreicher &#8222;informiert&#8220;, ohne dass dadurch andere Handlungsm\u00f6glichkeit er\u00f6ffnet w\u00fcrden, als auf die jeweilige Leistung bzw. das Produkt zu verzichten. Na toll! Das wird zwar kaum jemand machen, aber man hat immerhin &#8222;etwas getan&#8220;.<\/p>\n<h2>Machtlosigkeit erweckt radikale Sehns\u00fcchte<\/h2>\n<p>In der globalisierten und zunehmend digitalisierten Welt erleben wir unseren demokratisch verfassten Staat als ziemlich machtlos. Vieles wird daf\u00fcr getan, &#8222;besser zu informieren&#8220; bzw. &#8222;Transparenz zu schaffen&#8220; &#8211; aber echte Ver\u00e4nderungen bewirkt das nicht. Was ja nicht wundert, denn unser Bezugsrahmen ist in vieler Hinsicht der Weltmarkt, die EU, internationale Vertr\u00e4ge und Gesetze. Dass &#8222;die da oben machen was sie wollen&#8220; ist ein Mythos, denn sie k\u00f6nnen das allermeist gar nicht, sondern sind vielfach gebunden &#8211; neben den \u00fcbernationalen Zw\u00e4ngen auch durch die Komplexit\u00e4t der Dinge, die eine \u00fcberw\u00e4ltigende B\u00fcrokratie hat wachsen lassen. Und wenn doch mal etwas versucht wird, das den B\u00fcrgern Ver\u00e4nderungen zumutet, erhebt sich ein Chor der Entr\u00fcstung, den die Medien gerne bef\u00f6rdern, weil das Klicks und Quote bringt.<\/p>\n<blockquote><p>&#8222;<span class=\"css-1jxf684 r-bcqeeo r-1ttztb7 r-qvutc0 r-poiln3\"><em>Stahlwerk legt Produktion wegen Strompreis-Chaos still<\/em>&#8220; &#8211; Liebes Handelsblatt, wahrscheinlich wolltet ihr schreiben: &#8222;<em>So geht Flexibilit\u00e4t: Stahlwerk umgeht Strompreisspitze durch kurzzeitige Produktionsunterbrechung und verdient dabei viel Geld. Bravo!<\/em>&#8220; [<a href=\"https:\/\/x.com\/LionHirth\/status\/1806943624095027557\" target=\"_blank\" rel=\"noopener\">@LionHirth<\/a>]<\/span><\/p><\/blockquote>\n<p>Die zunehmende Agressivit\u00e4t in unserer Gesellschaft wird auch als Folge einer Modernisierungskrise beschrieben, die viele Verlierer zur\u00fcck l\u00e4sst. Das sind nicht nur Leute, die prek\u00e4re Mindestlohnjobs haben und sich \u00fcber &#8222;faule B\u00fcrgergeldempf\u00e4nger&#8220; aufregen. Ziemlich allein gelassen f\u00fchlen sich auch Menschen, die weder PC noch Laptop zuhause haben und es am evtl. vorhandenen Smartphone schon gar nicht schaffen, nun auch beh\u00f6rdliche und institutionelle Angelegenheiten &#8222;online&#8220; zu regeln. Da das meist \u00c4ltere sind, die sich hier schwer tun, muss man von ihrer Seite keine Gewaltbereitschaft f\u00fcrchten, wohl aber ein Wahlverhalten, das ihren Frust zum Ausdruck bringt!<\/p>\n<p>Viele kleine und gro\u00dfe Dinge sind es, die derzeit den Glauben an unsere parlamentarische Demokratie untergraben und die Bereitschaft, rechten Sirenen zu folgen, erh\u00f6hen. Sollte da nicht mal jemand &#8222;aufr\u00e4umen&#8220; und &#8222;durchregieren&#8220;? Sicher kennt Ihr alle solche Spr\u00fcche! Die direkte Demokratie, die sich manche w\u00fcnschen, scheint auch nicht mehr das Gelbe vom Ei zu sein, wie <a href=\"https:\/\/thinkabout.ch\/2024\/06\/27\/schreiben-nach-dem-stillstand\/\" target=\"_blank\" rel=\"noopener\">Thinkabout andeutet<\/a>:<\/p>\n<blockquote><p>&#8222;Ich war immer auch ein politischer Mensch, ein Staatsb\u00fcrger, ein \u00fcberzeugter Demokrat und gl\u00fchender Bef\u00fcrworter der direkten Schweizer Demokratie. Dieses Bewusstsein hat Risse bekommen.&#8220;<\/p><\/blockquote>\n<p>Leider f\u00fchrt er das nicht n\u00e4her aus, ich habe nachgefragt!<\/p>\n<p>In einem Blockpost kann ich nur einzelne Aspekte der allgemeinen Unzufriedenheiten anreissen.\u00a0 Relevante Probleme mit der Zuwanderung, in den Merkeljahren kaputtgesparte Infrastruktur (Br\u00fccken, Bahn, Schulen etc.), immer schlechtere Gesundheitsversorgung und vieles mehr tragen ebenfalls zur allgemeinen Frustration bei. Manchmal wundert mich, dass in meinem Alltag das meiste noch funktioniert, z.B. das Finanzamt, die Gesch\u00e4fte meiner Auftraggeber &#8211; und sogar das Management meines Kleingartenvereins, in dem ich <a href=\"https:\/\/www.das-wilde-gartenblog.de\/2024\/06\/27\/im-16-jahr-juni-im-wilden-garten\/\" target=\"_blank\" rel=\"noopener\">naturnah g\u00e4rtnere<\/a> TROTZ des <a href=\"https:\/\/www.das-wilde-gartenblog.de\/2018\/04\/07\/kleingaertnerische-nutzung-drittel-regelung-10-prozent-unter-spaten\/\" target=\"_blank\" rel=\"noopener\">Vorschriftendickichts<\/a>!\u00a0 Daf\u00fcr bin ich dankbar, denn wenn ich mich allzu sehr \u00fcber den Weltzustand \u00e4rgere, gehe ich &#8222;<em>Blumen gie\u00dfen, Blumen gie\u00dfen, Herz, was willst du noch mehr!<\/em>&#8220; (Georg Kreisler).<\/p>","protected":false},"excerpt":{"rendered":"<p>&#8222;Vielleicht ist die zentrale, oft \u00fcbersehene Schw\u00e4che von Demokratien, dass sie auf der Annahme beruhen, ein \u00fcberwiegender Teil des Wahlvolks handele nach rationalen Erw\u00e4gungen. Dass W\u00e4hler ihre Wahlentscheidung mehrheitlich argumentativ begr\u00fcnden k\u00f6nnen und bereit und in der Lage sind, im politischen Diskurs inhaltlich dar\u00fcber zu diskutieren. Dass sich letztlich das beste Argument durchsetzt. Genau das [&hellip;]<\/p>\n","protected":false},"author":1,"featured_media":0,"comment_status":"open","ping_status":"open","sticky":false,"template":"","format":"standard","meta":[],"categories":[8,231],"tags":[606,1449,1448],"post_mailing_queue_ids":[],"_links":{"self":[{"href":"https:\/\/www.claudia-klinger.de\/digidiary\/wp-json\/wp\/v2\/posts\/4550"}],"collection":[{"href":"https:\/\/www.claudia-klinger.de\/digidiary\/wp-json\/wp\/v2\/posts"}],"about":[{"href":"https:\/\/www.claudia-klinger.de\/digidiary\/wp-json\/wp\/v2\/types\/post"}],"author":[{"embeddable":true,"href":"https:\/\/www.claudia-klinger.de\/digidiary\/wp-json\/wp\/v2\/users\/1"}],"replies":[{"embeddable":true,"href":"https:\/\/www.claudia-klinger.de\/digidiary\/wp-json\/wp\/v2\/comments?post=4550"}],"version-history":[{"count":0,"href":"https:\/\/www.claudia-klinger.de\/digidiary\/wp-json\/wp\/v2\/posts\/4550\/revisions"}],"wp:attachment":[{"href":"https:\/\/www.claudia-klinger.de\/digidiary\/wp-json\/wp\/v2\/media?parent=4550"}],"wp:term":[{"taxonomy":"category","embeddable":true,"href":"https:\/\/www.claudia-klinger.de\/digidiary\/wp-json\/wp\/v2\/categories?post=4550"},{"taxonomy":"post_tag","embeddable":true,"href":"https:\/\/www.claudia-klinger.de\/digidiary\/wp-json\/wp\/v2\/tags?post=4550"}],"curies":[{"name":"wp","href":"https:\/\/api.w.org\/{rel}","templated":true}]}}