{"id":4500,"date":"2024-04-28T11:59:06","date_gmt":"2024-04-28T09:59:06","guid":{"rendered":"https:\/\/www.claudia-klinger.de\/digidiary\/?p=4500"},"modified":"2024-04-28T12:00:56","modified_gmt":"2024-04-28T10:00:56","slug":"wie-schoen-wenn-der-schmerz-nachlaesst","status":"publish","type":"post","link":"https:\/\/www.claudia-klinger.de\/digidiary\/2024\/04\/28\/wie-schoen-wenn-der-schmerz-nachlaesst\/","title":{"rendered":"Wie sch\u00f6n, wenn der Schmerz nachl\u00e4sst!"},"content":{"rendered":"<p>Gestern hat das Wetter endlich gepasst: Sonnig, \u00fcber 20 Grad, genau richtig f\u00fcr einen Gartenbesuch. Wir trinken immer erst Kaffee, plaudern ein bisschen und machen dann einen Rundgang, bei dem sich dann ergibt, was so alles zu tun ist. Gew\u00e4chshaus ausr\u00e4umen, drinnen die Erde gie\u00dfen, um sie zu beleben, dann allerlei Beetvorbereitungen. Ich machte mich daran, die Erde rund um einen Bohnenturm auszutauschen, arbeitete auf Knien, lange vorgebeugt, trug schwere Eimer zum Kompost &#8211; und pl\u00f6tzlich erlebte ich so heftige Bauchschmerzen wie noch nie!<br \/>\n<!--more--><\/p>\n<p>Die n\u00e4chste Stunde war furchtbar! Ich konnte mich nicht mehr bewegen, nurmehr flach atmen &#8211; in allen Details k\u00f6nnt Ihr den Verlauf des Ereignisses <a href=\"https:\/\/www.das-wilde-gartenblog.de\/2024\/04\/28\/ganz-ploetzlich-schwerste-bauchschmerzen-nach-gartenarbeit\/\" rel=\"noopener\" target=\"_blank\">im Gartenblog<\/a> lesen. Zeitweise dachte ich: <strong>Im Garten sterben<\/strong> ist vielleicht nicht der schlechteste Tod!<\/p>\n<p>Was f\u00fcr eine Erl\u00f6sung, als es nach einer guten Stunde vor\u00fcber ging! Sogar ganz ohne Restschmerz, kaum zu fassen angesichts der Heftigkeit des Anfalls. Ich war so gl\u00fccklich wie lange nicht, einfach nur, weil &#8222;der Normalzustand&#8220; sich von ganz alleine wieder hergestellt hatte: Durch Abwarten, Entspannen, wiederholte Versuche kleiner Bewegungen, atmen&#8230; <\/p>\n<p>Ich erfuhr ein weiteres Mal, dass &#8222;der Normalzustand&#8220; nicht selbstverst\u00e4ndlich ist. Sich schmerzfrei bewegen, noch einigerma\u00dfen gut sehen, h\u00f6ren, riechen k\u00f6nnen &#8211; allein das ist Grund genug, dankbar und gl\u00fccklich zu sein. Man vergisst es allerdings schnell wieder, das &#8222;Normale&#8220; wird schnell wieder selbstverst\u00e4ndlich. Ich nehme mir vor, achtsamer zu sein, auch solange noch nichts weh tut!<\/p>","protected":false},"excerpt":{"rendered":"<p>Gestern hat das Wetter endlich gepasst: Sonnig, \u00fcber 20 Grad, genau richtig f\u00fcr einen Gartenbesuch. Wir trinken immer erst Kaffee, plaudern ein bisschen und machen dann einen Rundgang, bei dem sich dann ergibt, was so alles zu tun ist. Gew\u00e4chshaus ausr\u00e4umen, drinnen die Erde gie\u00dfen, um sie zu beleben, dann allerlei Beetvorbereitungen. Ich machte mich [&hellip;]<\/p>\n","protected":false},"author":1,"featured_media":0,"comment_status":"open","ping_status":"open","sticky":false,"template":"","format":"standard","meta":[],"categories":[148],"tags":[1412,1410,674,478,353,1411,344],"post_mailing_queue_ids":[],"_links":{"self":[{"href":"https:\/\/www.claudia-klinger.de\/digidiary\/wp-json\/wp\/v2\/posts\/4500"}],"collection":[{"href":"https:\/\/www.claudia-klinger.de\/digidiary\/wp-json\/wp\/v2\/posts"}],"about":[{"href":"https:\/\/www.claudia-klinger.de\/digidiary\/wp-json\/wp\/v2\/types\/post"}],"author":[{"embeddable":true,"href":"https:\/\/www.claudia-klinger.de\/digidiary\/wp-json\/wp\/v2\/users\/1"}],"replies":[{"embeddable":true,"href":"https:\/\/www.claudia-klinger.de\/digidiary\/wp-json\/wp\/v2\/comments?post=4500"}],"version-history":[{"count":0,"href":"https:\/\/www.claudia-klinger.de\/digidiary\/wp-json\/wp\/v2\/posts\/4500\/revisions"}],"wp:attachment":[{"href":"https:\/\/www.claudia-klinger.de\/digidiary\/wp-json\/wp\/v2\/media?parent=4500"}],"wp:term":[{"taxonomy":"category","embeddable":true,"href":"https:\/\/www.claudia-klinger.de\/digidiary\/wp-json\/wp\/v2\/categories?post=4500"},{"taxonomy":"post_tag","embeddable":true,"href":"https:\/\/www.claudia-klinger.de\/digidiary\/wp-json\/wp\/v2\/tags?post=4500"}],"curies":[{"name":"wp","href":"https:\/\/api.w.org\/{rel}","templated":true}]}}