{"id":439,"date":"2010-02-05T18:49:58","date_gmt":"2010-02-05T17:49:58","guid":{"rendered":"http:\/\/www.claudia-klinger.de\/digidiary\/?p=439"},"modified":"2015-12-12T15:49:09","modified_gmt":"2015-12-12T14:49:09","slug":"doch-kein-neues-blog-erstmal","status":"publish","type":"post","link":"https:\/\/www.claudia-klinger.de\/digidiary\/2010\/02\/05\/doch-kein-neues-blog-erstmal\/","title":{"rendered":"Doch kein neues Blog &#8211; erstmal&#8230;"},"content":{"rendered":"<p>Seit Wochen besch\u00e4ftige ich mich mit dem anstehenden <a href=\"http:\/\/www.webwriting-magazin.de\/internet-mobil-nicht-wirklich-aber-ich-will-endlich-aufs-sofa\/\">&#8222;Einstieg ins mobile Internet&#8220;<\/a>, der mir vom K\u00f6rper aufgezwungen wird. Der mag einfach nicht mehr so lange vor dem PC sitzen &#8211; ein wahrlich nicht neues Problem, das ich aber nicht einfach aussitzen kann. \u00c4rgerlich, aber Fakt!<\/p>\n<p>Die Ergebnisse meiner bisherigen und k\u00fcnftigen Forschungen bez\u00fcglich Ger\u00e4te-Kauf (Netbook? Notebook? Tablet?? ) und allem, was damit so an Technik-Themen verbunden ist, wollte ich eigentlich in ein neues Blog schreiben. Erweitert um viel verst\u00e4ndlich (!) geschriebenes Basiswissen und richtig gute, Orientierung schaffende Linklisten w\u00e4re das ein knackiges themenzentriertes Medium, das auch ein paar Werbekunden und Sponsoren locken k\u00f6nnte:  Zielgruppe 50plus, also meine lieben Altersgenossen, die teilweise recht kulturpessimistisch und Technik-kritisch eingestellt sind &#8211; und die echt die Krise kriegen, wenn sie ein \u00fcbliches &#8222;TechBlog&#8220; mit Insider-Jargon und schnellem &#8222;Hype-Wechsel&#8220; zu Gesicht bekommen.<!--more--><\/p>\n<p>Der Gedanke an ein neues n\u00e4chstes Blog treibt mich ja schon l\u00e4nger um &#8211; mein Sitzproblem kann aber nicht warten. Lieber schreibe ich also JETZT \u00fcber das, was ich erlebe und erforsche, als dass ich mich l\u00e4nger von planerischen Luftschl\u00f6ssern ausbremsen lasse. Und verdammt, ich hab&#8216; ja doch schon ein Blog, das halbwegs passt:  Das <a href=\"http:\/\/www.webwriting-magazin.de\/\">Webwriting-Magazin<\/a>  d\u00fcmpelt l\u00e4nger schon ohne richtiges Thema dahin. Es reizt mich einfach nicht besonders, den aufgeregten Themen der Blogosph\u00e4re kontinuierlich hinterher zu schreiben &#8211; ich m\u00f6chte gerne N\u00dcTZLICH sein, nicht blo\u00df &#8222;auch dabei&#8220;.<\/p>\n<p>Vorl\u00e4ufig gibts also im WWMAG eine neue Rubrik <a href=\"http:\/\/www.webwriting-magazin.de\/category\/internet-mobil\/\">&#8222;Internet mobil&#8220;<\/a> &#8211; und in n\u00e4chster Zeit gewiss eine schnelle Folge von Artikeln rund um meine Einstiegserlebnisse mit den Winzlingen, die nach Ansicht so mancher Meinungsmacher die \u00c4ra des Desktop-PCs beenden werden. Produktminimierung ist angesagt, Reduzierung der Komplexit\u00e4t, weg von der eierlegenden Wollmilchsau, mit der man ALLES machen kann, hin zu allerlei schicken kleinen schwachen und nur wenig k\u00f6nnenden Minis. <\/p>\n<p>Na, und f\u00fcrs Sofa oder abends im Bett ists ja wirklich nicht schlecht!<\/p>","protected":false},"excerpt":{"rendered":"<p>Seit Wochen besch\u00e4ftige ich mich mit dem anstehenden &#8222;Einstieg ins mobile Internet&#8220;, der mir vom K\u00f6rper aufgezwungen wird. Der mag einfach nicht mehr so lange vor dem PC sitzen &#8211; ein wahrlich nicht neues Problem, das ich aber nicht einfach aussitzen kann. \u00c4rgerlich, aber Fakt! Die Ergebnisse meiner bisherigen und k\u00fcnftigen Forschungen bez\u00fcglich Ger\u00e4te-Kauf (Netbook? [&hellip;]<\/p>\n","protected":false},"author":1,"featured_media":0,"comment_status":"open","ping_status":"open","sticky":false,"template":"","format":"standard","meta":[],"categories":[9,7,414],"tags":[],"post_mailing_queue_ids":[],"_links":{"self":[{"href":"https:\/\/www.claudia-klinger.de\/digidiary\/wp-json\/wp\/v2\/posts\/439"}],"collection":[{"href":"https:\/\/www.claudia-klinger.de\/digidiary\/wp-json\/wp\/v2\/posts"}],"about":[{"href":"https:\/\/www.claudia-klinger.de\/digidiary\/wp-json\/wp\/v2\/types\/post"}],"author":[{"embeddable":true,"href":"https:\/\/www.claudia-klinger.de\/digidiary\/wp-json\/wp\/v2\/users\/1"}],"replies":[{"embeddable":true,"href":"https:\/\/www.claudia-klinger.de\/digidiary\/wp-json\/wp\/v2\/comments?post=439"}],"version-history":[{"count":0,"href":"https:\/\/www.claudia-klinger.de\/digidiary\/wp-json\/wp\/v2\/posts\/439\/revisions"}],"wp:attachment":[{"href":"https:\/\/www.claudia-klinger.de\/digidiary\/wp-json\/wp\/v2\/media?parent=439"}],"wp:term":[{"taxonomy":"category","embeddable":true,"href":"https:\/\/www.claudia-klinger.de\/digidiary\/wp-json\/wp\/v2\/categories?post=439"},{"taxonomy":"post_tag","embeddable":true,"href":"https:\/\/www.claudia-klinger.de\/digidiary\/wp-json\/wp\/v2\/tags?post=439"}],"curies":[{"name":"wp","href":"https:\/\/api.w.org\/{rel}","templated":true}]}}