{"id":4318,"date":"2024-02-20T09:51:37","date_gmt":"2024-02-20T08:51:37","guid":{"rendered":"https:\/\/www.claudia-klinger.de\/digidiary\/?p=4318"},"modified":"2024-02-20T09:54:39","modified_gmt":"2024-02-20T08:54:39","slug":"afd-inhaltlich-stellen","status":"publish","type":"post","link":"https:\/\/www.claudia-klinger.de\/digidiary\/2024\/02\/20\/afd-inhaltlich-stellen\/","title":{"rendered":"AFD &#8222;inhaltlich stellen&#8220;?"},"content":{"rendered":"<p>Es wird immer wieder gefordert, man m\u00fcsse die \u00c4ngste und Sorgen der AFD-W\u00e4hler ernst nehmen und L\u00f6sungen finden, anstatt sie zu beschimpfen und auszugrenzen. Merz, S\u00f6der u.a. verstehen darunter offenbar, der AFD nach dem Munde zu reden \u2013 ein falsches Kalk\u00fcl, denn sie vertrauen nicht darauf, dass das ernst gemeint ist.<!--more--><\/p>\n<p>Auch \u201esie inhaltlich stellen\u201c ist oft verlorene Liebesm\u00fch, weil sie garnicht zuh\u00f6ren, sich nicht auf eine ernsthafte Debatte einlassen.<br \/>\nWas die Talkshows angeht: Diese k\u00f6nnten mit ein paar anderen G\u00e4sten die \u201eAFD-Themen\u201c auf neue Weise behandelt. Beispiel: K\u00fcrzlich gab es wieder eindr\u00fcckliche Bilder der gewaltt\u00e4tigen Auseinandersetzung zwischen Eritreern in Den Haag: Gewalt, brennende Autos\u2026 Das hat es in Deutschland auch schon gegeben und nicht nur AFD-Fans denken bei solchen Bildern: Die sollten wir alle rausschmeissen, anstatt sie ihren B\u00fcrgerkrieg hier ausfechten zu lassen!<\/p>\n<p>Regelm\u00e4\u00dfig handelt es sich um K\u00e4mpfe zwischen Unterst\u00fctzern und Gegnern der Diktatur in Eritrea. Warum also nicht mal eine Talkshow mit jeweils einem Vertreter beider Seiten? Die mit genau diesem Gedanken aus der Bev\u00f6lkerung zu konfrontieren w\u00e4ren, aber auch Gelegenheit h\u00e4tten, ihre jeweiligen Hintergr\u00fcnde zu erl\u00e4utern? Es sage niemand, Sprachprobleme machten das unm\u00f6glich! Sowas l\u00e4sst sich mit heutiger Technik durchaus machen! <\/p>\n<p>Oder auch das aktuelle Thema Entwicklungspolitik, da werden von rechts grade die weltweiten Zuwendungen skandalisiert (<em>nein, ich verlinke diesen Mist nicht!<\/em>). W\u00e4re es da nicht mal angesagt, Menschen aus den Zuwendungsl\u00e4ndern an der Debatte zu beteiligen? (Und nat\u00fcrlich Personen der Wissenschaft, die klar machen, dass der Klimawandel keine Grenzen kennt).<\/p>\n<p>Statt dessen verhandeln die meist immer gleichen Personen die Themen der Zeit mit ihren bekannten Positionen und \u2013 je nachdem wieviel aktive Politiker dabei sind \u2013 geht es nur darum, der anderen Partei f\u00fcr alles verantwortlich zu machen. Ein Trauerspiel!<\/p>\n<p>***<\/p>\n<p>Dieser Beitrag entstand zuerst als Kommentar auf &#8222;<a href=\"https:\/\/lorenzos-welt.com\/ein-guter-taz-artikel\/\" rel=\"noopener\" target=\"_blank\">Ein guter TAZ-Artikel<\/a>&#8220; auf Lorenzos Welt. Der sich bezogen hat auf &#8222;<a href=\"https:\/\/taz.de\/Umgang-mit-der-AfD\/!5988634\/\" rel=\"noopener\" target=\"_blank\">Umgang mit der AfD: Wir k\u00f6nnen so nicht weitermachen<\/a>&#8222;. <\/p>\n<p>Siehe auch: <a href=\"https:\/\/www.belltower.news\/interview-die-afd-auf-tiktok-leider-erfolgreich-155241\/\" rel=\"noopener\" target=\"_blank\">Die AfD auf TikTok \u2013 Leider erfolgreich<\/a><\/p>","protected":false},"excerpt":{"rendered":"<p>Es wird immer wieder gefordert, man m\u00fcsse die \u00c4ngste und Sorgen der AFD-W\u00e4hler ernst nehmen und L\u00f6sungen finden, anstatt sie zu beschimpfen und auszugrenzen. Merz, S\u00f6der u.a. verstehen darunter offenbar, der AFD nach dem Munde zu reden \u2013 ein falsches Kalk\u00fcl, denn sie vertrauen nicht darauf, dass das ernst gemeint ist.<\/p>\n","protected":false},"author":1,"featured_media":0,"comment_status":"open","ping_status":"closed","sticky":false,"template":"","format":"standard","meta":[],"categories":[8],"tags":[739,1229,1230,1231],"post_mailing_queue_ids":[],"_links":{"self":[{"href":"https:\/\/www.claudia-klinger.de\/digidiary\/wp-json\/wp\/v2\/posts\/4318"}],"collection":[{"href":"https:\/\/www.claudia-klinger.de\/digidiary\/wp-json\/wp\/v2\/posts"}],"about":[{"href":"https:\/\/www.claudia-klinger.de\/digidiary\/wp-json\/wp\/v2\/types\/post"}],"author":[{"embeddable":true,"href":"https:\/\/www.claudia-klinger.de\/digidiary\/wp-json\/wp\/v2\/users\/1"}],"replies":[{"embeddable":true,"href":"https:\/\/www.claudia-klinger.de\/digidiary\/wp-json\/wp\/v2\/comments?post=4318"}],"version-history":[{"count":0,"href":"https:\/\/www.claudia-klinger.de\/digidiary\/wp-json\/wp\/v2\/posts\/4318\/revisions"}],"wp:attachment":[{"href":"https:\/\/www.claudia-klinger.de\/digidiary\/wp-json\/wp\/v2\/media?parent=4318"}],"wp:term":[{"taxonomy":"category","embeddable":true,"href":"https:\/\/www.claudia-klinger.de\/digidiary\/wp-json\/wp\/v2\/categories?post=4318"},{"taxonomy":"post_tag","embeddable":true,"href":"https:\/\/www.claudia-klinger.de\/digidiary\/wp-json\/wp\/v2\/tags?post=4318"}],"curies":[{"name":"wp","href":"https:\/\/api.w.org\/{rel}","templated":true}]}}