{"id":4196,"date":"1999-12-31T15:29:49","date_gmt":"1999-12-31T14:29:49","guid":{"rendered":"https:\/\/www.claudia-klinger.de\/digidiary\/?p=4196"},"modified":"2024-02-02T15:33:00","modified_gmt":"2024-02-02T14:33:00","slug":"letzte-meldung-1999","status":"publish","type":"post","link":"https:\/\/www.claudia-klinger.de\/digidiary\/1999\/12\/31\/letzte-meldung-1999\/","title":{"rendered":"Letzte Meldung 1999"},"content":{"rendered":"<p>Gestern mittag wurde der neue Computer geliefert, einschlie\u00dflich Monitor: endlich 19 Zoll! Seither stehen die Pakete im Flur, noch traue ich mich das \u00d6ffnen nicht. Erstmal mu\u00df alles soweit bereinigt sein, da\u00df der &#8218;Umzug&#8216; vonstatten gehen kann: alle wichtigen Daten auf CDs brennen, nachsehen, wo die ganze Software &#8218;rumliegt, die ich neu installieren mu\u00df &#8211; und schlie\u00dflich den zweiten Tisch vom Papier freir\u00e4umen, was gleich in weitere Ordnungsarbeiten ausartet: Quittungen und Rechnungen sortieren, Ordner anlegen &#8211; ach je, zum Jahresende versinke ich im Organisatorischen, anstatt besinnlich zu sein!<!--more--><\/p>\n<p>Doch immerhin: es geht ganz gem\u00fctlich ab! Nebenbei bereite ich eine Ente mit Kartoffelsalat f\u00fcr heute abend vor, letzte Eink\u00e4ufe sind erledigt &#8211; auch 6 Batterien f\u00fcr das Radio haben wir jetzt, f\u00fcr den <a href=\"https:\/\/www.claudia-klinger.de\/digidiary\/1999\/12\/24\/y2k-sehnsucht-nach-dem-chaos\/\" target=\"_blank\" rel=\"noopener\">Y2K-Fall<\/a>, man wei\u00df ja nie&#8230;.!<\/p>\n<p>F\u00fcr alle, die mich kontakten wollen: erst ab Montag arbeite ich wieder &#8222;richtig&#8220; &#8211; bis dahin bin ich im Prinzip offline, zumindest nicht verl\u00e4\u00dflich erreichbar. Keine Ahnung, ob es mir gelingen wird, die neue Fritz-Card selbst zu konfigurieren&#8230; naja, ich will nicht weiter mit Technik langweilen! Jetzt k\u00f6nnte ich eigentlich noch was Philosophisches zum Millenium schreiben, doch mir ist nicht danach. Alle spontanen Jahresendgedanken hab&#8216; ich hier ja schon niedergeschrieben. Schlie\u00dflich bin ich nicht ans Datum gebunden, wie zum Beispiel der Bundeskanzler, der heute abend &#8222;ans Volk&#8220; heranredet. Ha, das kann er nur einmal im Jahr &#8211; wir Netizens machen es, wann uns danach ist. Gelobt sei das Netz! Einen guten Rutsch!<\/p>","protected":false},"excerpt":{"rendered":"<p>Gestern mittag wurde der neue Computer geliefert, einschlie\u00dflich Monitor: endlich 19 Zoll! Seither stehen die Pakete im Flur, noch traue ich mich das \u00d6ffnen nicht. Erstmal mu\u00df alles soweit bereinigt sein, da\u00df der &#8218;Umzug&#8216; vonstatten gehen kann: alle wichtigen Daten auf CDs brennen, nachsehen, wo die ganze Software &#8218;rumliegt, die ich neu installieren mu\u00df &#8211; [&hellip;]<\/p>\n","protected":false},"author":1,"featured_media":0,"comment_status":"open","ping_status":"closed","sticky":false,"template":"","format":"standard","meta":[],"categories":[148],"tags":[],"post_mailing_queue_ids":[],"_links":{"self":[{"href":"https:\/\/www.claudia-klinger.de\/digidiary\/wp-json\/wp\/v2\/posts\/4196"}],"collection":[{"href":"https:\/\/www.claudia-klinger.de\/digidiary\/wp-json\/wp\/v2\/posts"}],"about":[{"href":"https:\/\/www.claudia-klinger.de\/digidiary\/wp-json\/wp\/v2\/types\/post"}],"author":[{"embeddable":true,"href":"https:\/\/www.claudia-klinger.de\/digidiary\/wp-json\/wp\/v2\/users\/1"}],"replies":[{"embeddable":true,"href":"https:\/\/www.claudia-klinger.de\/digidiary\/wp-json\/wp\/v2\/comments?post=4196"}],"version-history":[{"count":0,"href":"https:\/\/www.claudia-klinger.de\/digidiary\/wp-json\/wp\/v2\/posts\/4196\/revisions"}],"wp:attachment":[{"href":"https:\/\/www.claudia-klinger.de\/digidiary\/wp-json\/wp\/v2\/media?parent=4196"}],"wp:term":[{"taxonomy":"category","embeddable":true,"href":"https:\/\/www.claudia-klinger.de\/digidiary\/wp-json\/wp\/v2\/categories?post=4196"},{"taxonomy":"post_tag","embeddable":true,"href":"https:\/\/www.claudia-klinger.de\/digidiary\/wp-json\/wp\/v2\/tags?post=4196"}],"curies":[{"name":"wp","href":"https:\/\/api.w.org\/{rel}","templated":true}]}}