{"id":4156,"date":"2024-01-19T11:57:03","date_gmt":"2024-01-19T10:57:03","guid":{"rendered":"https:\/\/www.claudia-klinger.de\/digidiary\/?p=4156"},"modified":"2024-02-18T10:33:09","modified_gmt":"2024-02-18T09:33:09","slug":"das-muesst-ihr-sehen-correctiv-enthuelt-als-szenische-lesung","status":"publish","type":"post","link":"https:\/\/www.claudia-klinger.de\/digidiary\/2024\/01\/19\/das-muesst-ihr-sehen-correctiv-enthuelt-als-szenische-lesung\/","title":{"rendered":"Das m\u00fcsst Ihr sehen: &#8222;Correctiv enth\u00fcllt&#8220; als szenische Lesung"},"content":{"rendered":"<p>Eigentlich wollte ich nur kurz reinsehen, aber dann bin ich dran h\u00e4ngen geblieben, schwer fasziniert:<\/p>\n<p><a href=\"https:\/\/www.ardmediathek.de\/video\/rbb-kultur\/correctiv-enthuellt-rechtsextremer-geheimplan-gegen-deutschland-oder-szenische-lesung-aus-dem-berliner-ensemble\/rbb-fernsehen\/Y3JpZDovL3JiYl8xOTkyYTQwMi00Mzk5LTRlOWItOWYyMy1kMmIwYzI0NGRiMzZfcHVibGljYXRpb24\" target=\"_blank\" rel=\"noopener\">Correctiv enth\u00fcllt: Rechtsextremer Geheimplan gegen Deutschland | Szenische Lesung aus dem Berliner Ensemble<\/a><\/p>\n<p><img decoding=\"async\" loading=\"lazy\" class=\"center size-large wp-image-4157\" src=\"https:\/\/www.claudia-klinger.de\/digidiary\/wp-content\/uploads\/2024\/01\/correctiv-buehne-650x318.jpg\" alt=\"Correctiv enth\u00fcllt als szenische Lesung\" width=\"650\" height=\"318\" srcset=\"https:\/\/www.claudia-klinger.de\/digidiary\/wp-content\/uploads\/2024\/01\/correctiv-buehne-650x318.jpg 650w, https:\/\/www.claudia-klinger.de\/digidiary\/wp-content\/uploads\/2024\/01\/correctiv-buehne-300x147.jpg 300w, https:\/\/www.claudia-klinger.de\/digidiary\/wp-content\/uploads\/2024\/01\/correctiv-buehne-768x376.jpg 768w, https:\/\/www.claudia-klinger.de\/digidiary\/wp-content\/uploads\/2024\/01\/correctiv-buehne.jpg 1200w\" sizes=\"(max-width: 650px) 100vw, 650px\" \/><\/p>\n<p>Die &#8222;szenische Lesung&#8220; der Enth\u00fcllungen bietet weit mehr Hintergrundinfos und auch noch nicht ver\u00f6ffentlichte Details zum &#8222;D\u00fcsseldorfer Forum&#8220; (&#8222;Geheimtreffen&#8220; aktiver Rechtsradikaler und Nazis, unter Beteiligung von f\u00fcnf AFD-Funktionstr\u00e4gern und zwei Mitgliedern der &#8222;Werteunion&#8220;). Es wird berichtet, wie man Linke verfolgt, und Verfahren besprochen, wie der demokratische Staat z.B. durch massenhafte Einspr\u00fcche gegen Wahlergebnisse ins Zwielicht gesetzt werden kann (weil Trump damit so erfolgreich war).<!--more--><\/p>\n<p>Der &#8222;Masterplan&#8220; wird erl\u00e4utert und diskutiert, wie z.B. die 13% Wahlberechtigten mit Migrationshintergrund vertrieben werden k\u00f6nnten. Kampagnenvorschl\u00e4ge und aktuelle Vorhaben der AFD sind auch Thema. Zu guter Letzt erf\u00e4hrt man auch, wie es Correctiv gelungen ist, all das auf dem &#8222;Forum&#8220; auszusp\u00e4hen &#8211; mit einem lustigen Seitenhieb auf den Verfassungsschutz am Ende der Lesung.<\/p>\n<p>Insgesamt ist das alles garnicht lustig! &#8222;Anf\u00e4nge&#8220; sind das schon lange nicht mehr&#8230;. Das wei\u00df auch Correctiv und so hei\u00dft es am Ende:<\/p>\n<blockquote><p>&#8222;Vielleicht wird dieser Abend auch der Anfang einer neuen Erz\u00e4hlung, die damit beginnt, dass wir uns gegen die faschistischen Kr\u00e4fte wehren. Es k\u00f6nnte eine Erz\u00e4hlung sein, die zeigt, dass wir viele sind, dass wir laut sind, dass wir als Zivilgeschellschaft nicht pennen, sondern dass wir hellwach sind, und dass wir uns unsere Demokratie nicht kaputt machen lassen.&#8220;<\/p><\/blockquote>","protected":false},"excerpt":{"rendered":"<p>Eigentlich wollte ich nur kurz reinsehen, aber dann bin ich dran h\u00e4ngen geblieben, schwer fasziniert: Correctiv enth\u00fcllt: Rechtsextremer Geheimplan gegen Deutschland | Szenische Lesung aus dem Berliner Ensemble Die &#8222;szenische Lesung&#8220; der Enth\u00fcllungen bietet weit mehr Hintergrundinfos und auch noch nicht ver\u00f6ffentlichte Details zum &#8222;D\u00fcsseldorfer Forum&#8220; (&#8222;Geheimtreffen&#8220; aktiver Rechtsradikaler und Nazis, unter Beteiligung von f\u00fcnf [&hellip;]<\/p>\n","protected":false},"author":1,"featured_media":0,"comment_status":"open","ping_status":"closed","sticky":false,"template":"","format":"standard","meta":[],"categories":[8],"tags":[739,1219,1220,1221],"post_mailing_queue_ids":[],"_links":{"self":[{"href":"https:\/\/www.claudia-klinger.de\/digidiary\/wp-json\/wp\/v2\/posts\/4156"}],"collection":[{"href":"https:\/\/www.claudia-klinger.de\/digidiary\/wp-json\/wp\/v2\/posts"}],"about":[{"href":"https:\/\/www.claudia-klinger.de\/digidiary\/wp-json\/wp\/v2\/types\/post"}],"author":[{"embeddable":true,"href":"https:\/\/www.claudia-klinger.de\/digidiary\/wp-json\/wp\/v2\/users\/1"}],"replies":[{"embeddable":true,"href":"https:\/\/www.claudia-klinger.de\/digidiary\/wp-json\/wp\/v2\/comments?post=4156"}],"version-history":[{"count":0,"href":"https:\/\/www.claudia-klinger.de\/digidiary\/wp-json\/wp\/v2\/posts\/4156\/revisions"}],"wp:attachment":[{"href":"https:\/\/www.claudia-klinger.de\/digidiary\/wp-json\/wp\/v2\/media?parent=4156"}],"wp:term":[{"taxonomy":"category","embeddable":true,"href":"https:\/\/www.claudia-klinger.de\/digidiary\/wp-json\/wp\/v2\/categories?post=4156"},{"taxonomy":"post_tag","embeddable":true,"href":"https:\/\/www.claudia-klinger.de\/digidiary\/wp-json\/wp\/v2\/tags?post=4156"}],"curies":[{"name":"wp","href":"https:\/\/api.w.org\/{rel}","templated":true}]}}