{"id":3860,"date":"2023-06-23T20:16:16","date_gmt":"2023-06-23T18:16:16","guid":{"rendered":"https:\/\/www.claudia-klinger.de\/digidiary\/?p=3860"},"modified":"2023-06-23T20:50:15","modified_gmt":"2023-06-23T18:50:15","slug":"im-spiegel-der-megakrise-was-wird-aus-uns","status":"publish","type":"post","link":"https:\/\/www.claudia-klinger.de\/digidiary\/2023\/06\/23\/im-spiegel-der-megakrise-was-wird-aus-uns\/","title":{"rendered":"Im Spiegel der Megakrise: Was wird aus uns?"},"content":{"rendered":"<p>Das Thema ist zu gro\u00df f\u00fcr mich! Und doch sp\u00fcre ich fast t\u00e4glich das Bed\u00fcrfnis, dar\u00fcber zu schreiben. Es ist gef\u00fchlt allgegenw\u00e4rtig, bei (fast) allem, was ich tue. Faktisch meldet es sich verl\u00e4sslich, wenn ich \u00fcberlege, was ich essen will, was ich einkaufe oder bestelle. Aber auch, wenn ich durch die Stra\u00dfen laufe und das Baugeschehen sehe, \u00fcberall dort, wo es vor Jahren noch gr\u00fcn war, von der Natur gestaltet, die jeden Freiraum besiedelt, der ihr noch bleibt.<!--more--><\/p>\n<p><strong>Es ist Sommer, die ersten Juni-Hitzewellen und Schwergewitterlagen sind durch.<\/strong> Klar, dass man auch in der Presse, auf Youtube und Twitter dem Thema nicht entkommt. Ich erspare mir und euch den Versuch, die &#8222;Debatten&#8220; und ihre Tiefpunkte zusammenzufassen, denn mir geht&#8217;s grade nicht ums Schimpfen auf irgendwen und irgendwas. Ich sehne mich nach tiefer gehenden Betrachtungen, nach solchen, die die Seele ber\u00fchren, nach Inhalten, die den Filter der Abstumpfung noch durchdringen, den wir uns &#8211; nolens volens &#8211; zugelegt haben.<\/p>\n<p><strong>Auch inhaltlich befriedigen mich die g\u00e4ngigen &#8222;Diskurse&#8220; nicht.<\/strong> Als w\u00e4re &#8222;<a href=\"https:\/\/www.zeit.de\/kultur\/2018-10\/klimawandel-schuld-anerkennung-klimakrieg-weltklimakonferenz?wt_zmc=sm.ext.zonaudev.twitter.ref.zeitde.share.link.x&amp;utm_referrer=https%3A%2F%2Ft.co%2F\" target=\"_blank\" rel=\"noopener\">Klimawandel\/Klimakrise<\/a>&#8220; unser einziges Problem! Ist es mitnichten, es ist nur eine von <a href=\"https:\/\/www.bmuv.de\/themen\/nachhaltigkeit-digitalisierung\/nachhaltigkeit\/integriertes-umweltprogramm-2030\/planetare-belastbarkeitsgrenzen\" target=\"_blank\" rel=\"noopener\">neun Entwicklungen<\/a>, die diese Erde unbewohnbar machen werden, wenn wir so weiter machen. F\u00fcr uns \u00fcbrigens auch, wobei eine der Ursachen unseres Untergangs das 6. Artensterben sein wird, das wir selbst zu verantworten haben. Mensch als Naturgewalt &#8211; das ist neu! Vor uns war immer die Natur selbst der &#8222;T\u00e4ter&#8220; und einmal ein fetter Asteroid!<\/p>\n<p>Seit 375 Millionen Jahren haben Mikroorganismen und Pflanzen die &#8222;moderne Atmosph\u00e4re&#8220; auf einem f\u00fcr S\u00e4ugetiere wie uns n\u00fctzlichen Sauerstoff-Niveau gehalten: Nie so hoch, dass alles in Flammen aufgeht, nie so tief, dass die Tiere erstickt w\u00e4ren. Und das ist nur ein Beispiel daf\u00fcr, wie sehr wir die anderen Lebewesen auf diesem Planeten brauchen.<\/p>\n<p><strong>Artensterben&#8230;<\/strong> wer denkt da nicht wehm\u00fctig an allerlei Tiere &#8211; mittlerweile sogar Insekten! &#8211; die wir dank vieler Naturfilme zu sch\u00e4tzen gelernt haben! Und so ein Leben in einer asphaltierten Technosph\u00e4re mit museal bewirtschafteten Naturspots erscheint kaum jemandem erstrebenswert. Aber hey, wir wissen, dass man sich an schier alles gew\u00f6hnen kann. Shopping Mals werden doch auch ganz gut besucht!<\/p>\n<p>Was nicht begriffen wird, ist unsere Abh\u00e4ngigkeit vom &#8222;Rest der Welt&#8220;, den wir als &#8222;Umwelt&#8220; kolonialisiert und weitr\u00e4umig zerst\u00f6rt haben. Von diesem doch recht relevantem Fakt abgesehen, m\u00fcssen wir auch noch erkennen, dass wir es als Menschheit nicht hinbekommen, die Entwicklungen zu stoppen. Der CO\u00b2-Aussto\u00df steigt weiter, es wird versiegelt, gebaut und asphaltiert, das Plastik im Meer wird nicht weniger und jeden Tag sterben 150 Arten.<\/p>\n<p>Was macht das mit uns? Diese Frage wird h\u00e4ufig <a href=\"https:\/\/www.claudia-klinger.de\/digidiary\/2023\/05\/09\/klimawandel-und-wir-optimismus-ist-keine-option-was-dann\/\" target=\"_blank\" rel=\"noopener\">psychologisch verstanden und &#8222;bearbeitet&#8220;<\/a>, doch beantworten eher philosophische \u00dcberlegungen mein Sinn-Bed\u00fcrfnis. Deshalb empfehle ich Euch dieses wunderbare Video:<\/p>\n<ul>\n<li><a href=\"https:\/\/www.youtube.com\/watch?v=6PJ416sOvEo\" target=\"_blank\" rel=\"noopener\">\u00ab<strong>Die Zukunft hat eine Grenze erhalten<\/strong>\u00bb | Sternstunde Philosophie | SRF Kultur <\/a><br \/>\nDer indische Historiker Dipesh Chakrabarty diskutiert die Rolle des Menschen als planetare Kraft im Anthropoz\u00e4n, die das sechste gro\u00dfe Massensterben der Arten ausgel\u00f6st hat.<\/li>\n<\/ul>\n<p>Es wird im Gespr\u00e4ch sehr gut heraus gearbeitet, dass wir evolution\u00e4r f\u00fcr ein solches Megaproblem nicht ausgestattet sind. Und wie damit umgehen? <em>(Mich hat das Video zu diesem Blogpost inspiriert!)<\/em><\/p>\n<p>Wenn der philosophische Weitblick nicht hilft, bleib immer noch die Literatur. Zwar lese ich seit Jahren nichts Literarisches (au\u00dfer den H\u00f6rb\u00fcchern &#8222;Achtsam morden&#8220;), aber das Buch &#8222;Stories&#8220; von Joy Williams (79) k\u00f6nnte das \u00e4ndern:<\/p>\n<ul>\n<li><a href=\"https:\/\/www.zeit.de\/2023\/27\/joy-williams-stories-klimakrise\/komplettansicht\" target=\"_blank\" rel=\"noopener\"><strong>Wir brauchen uns gar nicht mehr zu k\u00fcssen<\/strong><\/a>\u00bb<br \/>\nMit Joy Williams\u2019 &#8222;Stories&#8220; kommt die Literatur in der Klimakrise an.<br \/>\n&#8222;Williams geht es in ihren Geschichten n\u00e4mlich um die Frage, was es mit den Menschen in der Gegenwart macht, wenn die (\u00f6kologische) Zukunft zu verschwinden scheint. Um es in den Worten von Lucy, einer ihrer Protagonistinnen, zu sagen: <em>&#8222;Ich hatte da drin das ganz, ganz leise Gef\u00fchl, zu verstehen, worum es geht, n\u00e4mlich dass irgendetwas diese Welt ihrer Verhei\u00dfung beraubt hat.&#8220;<\/em><\/li>\n<\/ul>\n<p>Das sind also Geschichten, deren Figuren bereits in der vierten der f\u00fcnf Phasen des Sterbens nach K\u00fcbler-Ross verankert sind: Nicht mehr leugnen, nicht &#8222;verhandeln&#8220;, auch der Zorn (auf die Herrschenden, den Kapitalismus, die Reichen, Menschen allgemein) ist vorbei. Stadium 4 ist die &#8222;Depression&#8220;, wobei ich nat\u00fcrlich nicht wei\u00df, ob diese Beschreibung f\u00fcr alle Stories gilt.<\/p>\n<p><strong>Ein neues Menschenbild wird gebraucht, hei\u00dft es.<\/strong> Warum f\u00fchle ich zum Beispiel keine Angst, was mich pers\u00f6nlich angeht? Ganz klar: Ich bin alt und habe keine Kinder, um die ich mich sorgen m\u00fcsste. W\u00fcrde uns heute ein Asteroid treffen, k\u00f6nnte ich &#8211; ihn kommen sehend &#8211; immerhin sagen: Es war ein tolles Leben!<\/p>\n<p>Was aber, wenn ich damit rechnen m\u00fcsste, wom\u00f6glich demn\u00e4chst wieder mit dabei zu sein? Schon mal dr\u00fcber nachgedacht? Klar, das passt gar nicht in unser westliches Weltbild, aber was, wenn das nicht stimmt? Ich w\u00fcrde mich freuen, wenn zumindest ein paar Stammleser mal dieses Video sichten w\u00fcrden:<\/p>\n<ul>\n<li><a href=\"https:\/\/www.youtube.com\/embed\/g1mB674csiY?start=120\" target=\"_blank\" rel=\"noopener\"><strong>Unsterblich?! \u2013 Gute Gr\u00fcnde f\u00fcr ein Leben nach dem Tod | Blick ins Archiv<\/strong><\/a><br \/>\nEine archivierte Doku zu den bekanntesten Ph\u00e4nomenen, die Hinweise auf eine m\u00f6gliche Fortexistenz sein k\u00f6nnten. Sie stellt recht sachlich all die Dinge vor, die so gar nicht zu unserem Weltbild passen wollen.<\/li>\n<\/ul>\n<p>Insbesondere die Falldarstellung der Jenny Cockell (<a href=\"https:\/\/www.youtube.com\/embed\/g1mB674csiY?start=4560\" target=\"_blank\" rel=\"noopener\">ab hier<\/a>) hat mich doch schwer beeindruckt. Mal angenommen, da ist was dran? W\u00fcrde das Welt- und Menschenbild, das sich aus diesen Ph\u00e4nomenen zu ergeben scheint, dazu f\u00fchren, dass radikaler Klimaschutz betrieben w\u00fcrde? Aus Sorge, den ganzen Niedergang selbst miterleben zu m\u00fcssen?<\/p>\n<p>Ich wei\u00df es nicht.<\/p>\n<p>Was ich wei\u00df: Ich kaufe weiter ein, bestelle Dinge, die ich nicht zwingend brauche und esse sogar noch ab und zu Fleisch.<\/p>\n<div id=\"player-container\" class=\"style-scope ytd-watch-flexy\" role=\"complementary\">\n<div id=\"container\" class=\"style-scope ytd-player\">\n<div id=\"movie_player\" class=\"html5-video-player ytp-transparent ytp-exp-bottom-control-flexbox ytp-exp-ppp-update ad-created ytp-fit-cover-video ytp-fine-scrubbing-exp ytp-hide-info-bar ytp-large-width-mode ytp-autonav-endscreen-cancelled-state playing-mode ytp-autohide\" tabindex=\"-1\" data-version=\"\/s\/player\/b7910ca8\/player_ias.vflset\/de_DE\/base.js\" aria-label=\"YouTube-Videoplayer\">\n<div class=\"ytp-chrome-bottom\" data-layer=\"9\">\n<div class=\"ytp-progress-bar-container\">\n<div class=\"ytp-progress-bar\" tabindex=\"0\" role=\"slider\" aria-label=\"Schieberegler f\u00fcr Suche\" aria-valuemin=\"0\" aria-valuemax=\"6141\" aria-valuenow=\"2\" aria-valuetext=\"Einleitung und Moderation Werner Huemer 0 Minuten 2 Sekunden von 1 Stunden 42 Minuten 21 Sekunden\">\n<div class=\"ytp-chapters-container\">\n<div class=\"ytp-chapter-hover-container ytp-exp-chapter-hover-container\">\n<div class=\"ytp-progress-bar-padding\"><\/div>\n<div class=\"ytp-progress-list\">\n<div class=\"ytp-play-progress ytp-swatch-background-color\"><\/div>\n<div class=\"ytp-progress-linear-live-buffer\"><\/div>\n<div class=\"ytp-load-progress\"><\/div>\n<div class=\"ytp-hover-progress\"><\/div>\n<div class=\"ytp-ad-progress-list\"><\/div>\n<\/div>\n<\/div>\n<div class=\"ytp-chapter-hover-container ytp-exp-chapter-hover-container\">\n<div class=\"ytp-progress-bar-padding\"><\/div>\n<div class=\"ytp-progress-list\">\n<div class=\"ytp-play-progress ytp-swatch-background-color\"><\/div>\n<div class=\"ytp-progress-linear-live-buffer\"><\/div>\n<div class=\"ytp-load-progress\"><\/div>\n<div class=\"ytp-hover-progress\"><\/div>\n<div class=\"ytp-ad-progress-list\"><\/div>\n<\/div>\n<\/div>\n<div class=\"ytp-chapter-hover-container ytp-exp-chapter-hover-container\">\n<div class=\"ytp-progress-bar-padding\"><\/div>\n<div class=\"ytp-progress-list\">\n<div class=\"ytp-play-progress ytp-swatch-background-color\"><\/div>\n<div class=\"ytp-progress-linear-live-buffer\"><\/div>\n<div class=\"ytp-load-progress\"><\/div>\n<div class=\"ytp-hover-progress\"><\/div>\n<div class=\"ytp-ad-progress-list\"><\/div>\n<\/div>\n<\/div>\n<div class=\"ytp-chapter-hover-container ytp-exp-chapter-hover-container\">\n<div class=\"ytp-progress-bar-padding\"><\/div>\n<div class=\"ytp-progress-list\">\n<div class=\"ytp-play-progress ytp-swatch-background-color\"><\/div>\n<div class=\"ytp-progress-linear-live-buffer\"><\/div>\n<div class=\"ytp-load-progress\"><\/div>\n<div class=\"ytp-hover-progress\"><\/div>\n<div class=\"ytp-ad-progress-list\"><\/div>\n<\/div>\n<\/div>\n<div class=\"ytp-chapter-hover-container ytp-exp-chapter-hover-container\">\n<div class=\"ytp-progress-bar-padding\"><\/div>\n<div class=\"ytp-progress-list\">\n<div class=\"ytp-play-progress ytp-swatch-background-color\"><\/div>\n<div class=\"ytp-progress-linear-live-buffer\"><\/div>\n<div class=\"ytp-load-progress\"><\/div>\n<div class=\"ytp-hover-progress\"><\/div>\n<div class=\"ytp-ad-progress-list\"><\/div>\n<\/div>\n<\/div>\n<div class=\"ytp-chapter-hover-container ytp-exp-chapter-hover-container\">\n<div class=\"ytp-progress-bar-padding\"><\/div>\n<div class=\"ytp-progress-list\">\n<div class=\"ytp-play-progress ytp-swatch-background-color\"><\/div>\n<div class=\"ytp-progress-linear-live-buffer\"><\/div>\n<div class=\"ytp-load-progress\"><\/div>\n<div class=\"ytp-hover-progress\"><\/div>\n<div class=\"ytp-ad-progress-list\"><\/div>\n<\/div>\n<\/div>\n<div class=\"ytp-chapter-hover-container ytp-exp-chapter-hover-container\">\n<div class=\"ytp-progress-bar-padding\"><\/div>\n<div class=\"ytp-progress-list\">\n<div class=\"ytp-play-progress ytp-swatch-background-color\"><\/div>\n<div class=\"ytp-progress-linear-live-buffer\"><\/div>\n<div class=\"ytp-load-progress\"><\/div>\n<div class=\"ytp-hover-progress\"><\/div>\n<div class=\"ytp-ad-progress-list\"><\/div>\n<\/div>\n<\/div>\n<div class=\"ytp-chapter-hover-container ytp-exp-chapter-hover-container\">\n<div class=\"ytp-progress-bar-padding\"><\/div>\n<div class=\"ytp-progress-list\">\n<div class=\"ytp-play-progress ytp-swatch-background-color\"><\/div>\n<div class=\"ytp-progress-linear-live-buffer\"><\/div>\n<div class=\"ytp-load-progress\"><\/div>\n<div class=\"ytp-hover-progress\"><\/div>\n<div class=\"ytp-ad-progress-list\"><\/div>\n<\/div>\n<\/div>\n<\/div>\n<div class=\"ytp-timed-markers-container\"><\/div>\n<div class=\"ytp-scrubber-container\">\n<div class=\"ytp-scrubber-button ytp-swatch-background-color ytp-scrubber-button-hover\">\n<div class=\"ytp-scrubber-pull-indicator\"><\/div>\n<\/div>\n<\/div>\n<\/div>\n<div class=\"ytp-fine-scrubbing-container\"><\/div>\n<\/div>\n<div class=\"ytp-chrome-controls\">\n<div class=\"ytp-left-controls\"><\/div>\n<\/div>\n<\/div>\n<\/div>\n<\/div>\n<\/div>\n<div class=\"ytp-volume-panel\" tabindex=\"0\" title=\"Lautst\u00e4rke\" role=\"slider\" aria-valuemin=\"0\" aria-valuemax=\"100\" aria-valuenow=\"100\" aria-valuetext=\"100% Lautst\u00e4rke\" aria-label=\"Lautst\u00e4rke\">\n<div class=\"ytp-volume-slider\">\n<div class=\"ytp-volume-slider-handle\"><\/div>\n<\/div>\n<\/div>\n<div id=\"below\" class=\"style-scope ytd-watch-flexy\">\n<div id=\"alerts\" class=\"style-scope ytd-watch-flexy\"><\/div>\n<div id=\"above-the-fold\" class=\"style-scope ytd-watch-metadata\">\n<div id=\"title\" class=\"style-scope ytd-watch-metadata\">\n<p class=\"style-scope ytd-watch-metadata\">\n<\/div>\n<\/div>\n<\/div>\n<p>&nbsp;<\/p>","protected":false},"excerpt":{"rendered":"<p>Das Thema ist zu gro\u00df f\u00fcr mich! Und doch sp\u00fcre ich fast t\u00e4glich das Bed\u00fcrfnis, dar\u00fcber zu schreiben. Es ist gef\u00fchlt allgegenw\u00e4rtig, bei (fast) allem, was ich tue. Faktisch meldet es sich verl\u00e4sslich, wenn ich \u00fcberlege, was ich essen will, was ich einkaufe oder bestelle. Aber auch, wenn ich durch die Stra\u00dfen laufe und das [&hellip;]<\/p>\n","protected":false},"author":1,"featured_media":0,"comment_status":"open","ping_status":"open","sticky":false,"template":"","format":"standard","meta":[],"categories":[11,8,231],"tags":[724,725,500,726,727],"post_mailing_queue_ids":[],"_links":{"self":[{"href":"https:\/\/www.claudia-klinger.de\/digidiary\/wp-json\/wp\/v2\/posts\/3860"}],"collection":[{"href":"https:\/\/www.claudia-klinger.de\/digidiary\/wp-json\/wp\/v2\/posts"}],"about":[{"href":"https:\/\/www.claudia-klinger.de\/digidiary\/wp-json\/wp\/v2\/types\/post"}],"author":[{"embeddable":true,"href":"https:\/\/www.claudia-klinger.de\/digidiary\/wp-json\/wp\/v2\/users\/1"}],"replies":[{"embeddable":true,"href":"https:\/\/www.claudia-klinger.de\/digidiary\/wp-json\/wp\/v2\/comments?post=3860"}],"version-history":[{"count":0,"href":"https:\/\/www.claudia-klinger.de\/digidiary\/wp-json\/wp\/v2\/posts\/3860\/revisions"}],"wp:attachment":[{"href":"https:\/\/www.claudia-klinger.de\/digidiary\/wp-json\/wp\/v2\/media?parent=3860"}],"wp:term":[{"taxonomy":"category","embeddable":true,"href":"https:\/\/www.claudia-klinger.de\/digidiary\/wp-json\/wp\/v2\/categories?post=3860"},{"taxonomy":"post_tag","embeddable":true,"href":"https:\/\/www.claudia-klinger.de\/digidiary\/wp-json\/wp\/v2\/tags?post=3860"}],"curies":[{"name":"wp","href":"https:\/\/api.w.org\/{rel}","templated":true}]}}