{"id":3718,"date":"2023-02-22T12:53:33","date_gmt":"2023-02-22T11:53:33","guid":{"rendered":"https:\/\/www.claudia-klinger.de\/digidiary\/?p=3718"},"modified":"2023-03-11T13:57:52","modified_gmt":"2023-03-11T12:57:52","slug":"vom-fasten-in-der-diaet-gesellschaft","status":"publish","type":"post","link":"https:\/\/www.claudia-klinger.de\/digidiary\/2023\/02\/22\/vom-fasten-in-der-diaet-gesellschaft\/","title":{"rendered":"Vom Fasten in der Di\u00e4t-Gesellschaft"},"content":{"rendered":"<p><strong>Ein bisschen absurd wirkt es durchaus: Seit Aschermittwoch wird das Thema &#8222;Fasten&#8220; medial so richtig hoch gekocht, obwohl der Kampf gegen \u00dcbergewicht, die Suche nach ges\u00fcnderer Ern\u00e4hrung, die Apelle im Stil &#8222;weniger ist mehr&#8220; und &#8222;weg vom Fleisch&#8220; sowieso ganzj\u00e4hrig mit einiger Vehemenz ausgespielt werden. <\/strong><\/p>\n<p>Na gut, wenn&#8217;s nun mal so ist: Vielleicht tr\u00e4gt die Vermutung, nun nicht mehr alleine Verzicht zu \u00fcben, zum besseren Gelingen bei, zumindest f\u00fcr eine Weile, die jetzt &#8222;Fastenzeit&#8220; hei\u00dft. Wer jetzt einwerfen m\u00f6chte, Fasten und Di\u00e4ten sei doch nicht dasselbe und &#8222;Di\u00e4t&#8220; nicht mit einer &#8222;richtigen&#8220; gesunden Nahrungsumstellung zu vergleichen, hat einerseits recht: Es ist nicht dasselbe, ABER es umfasst doch in allen Varianten Verzicht: Verzicht auf das Gewohnte, das &#8222;normale&#8220; Genie\u00dfen &#8211; und insofern ist es doch vergleichbar.<!--more--><\/p>\n<h2>Spirituelles Fasten<\/h2>\n<p>Der Unterschied soll in der Motivation liegen: Beim Fasten zur Fastenzeit geht es um die spirituelle Dimension des Verzichts. Das Abstand nehmen von ganz gew\u00f6hnlichen Genussgewohnheiten und S\u00fcchten soll eine Verinnerung bewirken: Zu sich kommen, das Wesentliche im Leben wieder wahrnehmen, anstatt jegliche Momente der Besinnung mit Essen, Trinken, Streamen, TV und Social Media zuzusch\u00fctten. Der nebenbei eintretende Gewichtsverlust ist quasi nur ein Kollateralnutzen! :-)<\/p>\n<p>Wie ich auf Twitter lese, sto\u00dfen sich einige an den religi\u00f6sen Urspr\u00fcngen des Fastens, das von der katholischen Kirche in ganz besonderer Weise ritualisiert wurde. Ich denke mir dazu jedes Jahr: Das Fasten zwischen Aschermittwoch und Ostern ist &#8222;urspr\u00fcnglich&#8220; auch nur die religi\u00f6se \u00dcberh\u00f6hung einer Not, die in fr\u00fcheren, agrarischen Gesellschaften um diese Zeit eintrat: Die Ernte vom Vorjahr aufgebraucht, das Schwein zur Weihnachtszeit geschlachtet, die eingemachten Vorr\u00e4te schwindend &#8211; Schmalhans war K\u00fcchenmeister, wie man fr\u00fcher sagte. Da kommt ein &#8222;spirituelles Motiv&#8220; gerade recht, um nicht in Tr\u00fcbsaal zu verfallen!<\/p>\n<p>Heute leben wir jedoch inmitten des \u00dcberflusses und haben st\u00e4ndig Zugriff auf Nahrungsmittel aus aller Welt. Selbst Armutsbetroffene bringen einiges an \u00dcbergewicht auf die Waage, wogegen Besserverdiener (z.B. Manager) heute schlanker sind, weil sie sich ges\u00fcnderes Essen, Fitness-Center, Beratung und Unterst\u00fctzung leisten k\u00f6nnen (nat\u00fcrlich immer nur im Durchschnitt, nicht alle!). Wo aber der Kampf gegen das \u00dcbergewicht in all seinen Facetten sowieso ganzj\u00e4hrig eine Rolle spielt, ist es schwer bis unm\u00f6glich, nun in der Fastenzeit auf &#8222;spirituell motivierten Verzicht&#8220; umzusteigen, zumindest soweit es die Ern\u00e4hrung betrifft. &#8222;Medienfasten&#8220; ist dann z.B. ein Mittel der Wahl &#8211; das w\u00e4re jedenfalls meine Methode, wollte ich da mitmachen.<\/p>\n<p><strong>Will ich das?<\/strong> Angesagt w\u00e4re es, schlie\u00dflich bleiben hier viele Vorhaben liegen, die ein Agieren in der physischen Welt erfordern: Wohnung weiter ausmisten, aufr\u00e4umen, putzen, die Sp\u00fcle in der K\u00fcche sanieren, t\u00e4glich f\u00fcnf bis acht Kilometer laufen (z\u00fcgig gehen!) &#8211; und nat\u00fcrlich auch <a href=\"https:\/\/www.das-wilde-gartenblog.de\/2023\/02\/16\/erster-warmer-sonnentag-im-garten\/\" target=\"_blank\" rel=\"noopener\">im Garten<\/a> die neue Saison vorbereiten, soweit es das Wetter erlaubt.<\/p>\n<p>Spirituelle Motive sind das nicht wirklich? Stimmt! Aber ich nehme halt mit, was geht. Zwanghaftes &#8222;Verinnern&#8220; klappt bei mir sowieso nicht. Vielleicht weil ich schon lange &#8222;zu mir gekommen&#8220; bin und gerne auch wieder von mir weg gehe: nach drau\u00dfen, ins reale Leben.<\/p>","protected":false},"excerpt":{"rendered":"<p>Ein bisschen absurd wirkt es durchaus: Seit Aschermittwoch wird das Thema &#8222;Fasten&#8220; medial so richtig hoch gekocht, obwohl der Kampf gegen \u00dcbergewicht, die Suche nach ges\u00fcnderer Ern\u00e4hrung, die Apelle im Stil &#8222;weniger ist mehr&#8220; und &#8222;weg vom Fleisch&#8220; sowieso ganzj\u00e4hrig mit einiger Vehemenz ausgespielt werden. Na gut, wenn&#8217;s nun mal so ist: Vielleicht tr\u00e4gt die [&hellip;]<\/p>\n","protected":false},"author":1,"featured_media":0,"comment_status":"open","ping_status":"open","sticky":false,"template":"","format":"standard","meta":[],"categories":[11,231],"tags":[661,266],"post_mailing_queue_ids":[],"_links":{"self":[{"href":"https:\/\/www.claudia-klinger.de\/digidiary\/wp-json\/wp\/v2\/posts\/3718"}],"collection":[{"href":"https:\/\/www.claudia-klinger.de\/digidiary\/wp-json\/wp\/v2\/posts"}],"about":[{"href":"https:\/\/www.claudia-klinger.de\/digidiary\/wp-json\/wp\/v2\/types\/post"}],"author":[{"embeddable":true,"href":"https:\/\/www.claudia-klinger.de\/digidiary\/wp-json\/wp\/v2\/users\/1"}],"replies":[{"embeddable":true,"href":"https:\/\/www.claudia-klinger.de\/digidiary\/wp-json\/wp\/v2\/comments?post=3718"}],"version-history":[{"count":0,"href":"https:\/\/www.claudia-klinger.de\/digidiary\/wp-json\/wp\/v2\/posts\/3718\/revisions"}],"wp:attachment":[{"href":"https:\/\/www.claudia-klinger.de\/digidiary\/wp-json\/wp\/v2\/media?parent=3718"}],"wp:term":[{"taxonomy":"category","embeddable":true,"href":"https:\/\/www.claudia-klinger.de\/digidiary\/wp-json\/wp\/v2\/categories?post=3718"},{"taxonomy":"post_tag","embeddable":true,"href":"https:\/\/www.claudia-klinger.de\/digidiary\/wp-json\/wp\/v2\/tags?post=3718"}],"curies":[{"name":"wp","href":"https:\/\/api.w.org\/{rel}","templated":true}]}}