{"id":3708,"date":"2023-02-13T12:47:16","date_gmt":"2023-02-13T11:47:16","guid":{"rendered":"https:\/\/www.claudia-klinger.de\/digidiary\/?p=3708"},"modified":"2023-02-13T13:17:00","modified_gmt":"2023-02-13T12:17:00","slug":"kommentar-zur-berlinwahl-2023-105-wichtige-stimmen","status":"publish","type":"post","link":"https:\/\/www.claudia-klinger.de\/digidiary\/2023\/02\/13\/kommentar-zur-berlinwahl-2023-105-wichtige-stimmen\/","title":{"rendered":"Kommentar zur Berlinwahl 2023: <br>105 wichtige Stimmen"},"content":{"rendered":"<p>Als zunehmend klar wurde, dass SPD und GR\u00dcNE in Berlin gleichauf liegen, habe ich auf ein paar Stimmen mehr f\u00fcr die SPD gehofft. Nicht weil ich die SPD grunds\u00e4tzlich bevorzugen w\u00fcrde, sondern weil diese paar Stimmen (es sind jetzt tats\u00e4chlich nur 105!) f\u00fcr Frau <span class=\"yKMVIe\" role=\"heading\" aria-level=\"1\">Giffey die M\u00f6glichkeit er\u00f6ffnen, mit RRG B\u00fcrgermeisterin zu bleiben. In einer Koalition mit der CDU w\u00e4re sie Juniorpartnerin &#8211; und das will sie gewiss nicht werden!<br \/>\n<\/span><\/p>\n<p><a href=\"https:\/\/www.wahlen-berlin.de\/wahlen\/BE2023\/AFSPRAES\/agh\/ergebnisse_gemeinde_1100.html\" target=\"_blank\" rel=\"noopener\"><img decoding=\"async\" loading=\"lazy\" class=\"aligncenter size-full wp-image-3711\" src=\"https:\/\/www.claudia-klinger.de\/digidiary\/wp-content\/uploads\/2023\/02\/wahlergebnisBerlin23.png\" alt=\"Grafik Wahlergebnis Berlin 2023\" width=\"650\" height=\"364\" srcset=\"https:\/\/www.claudia-klinger.de\/digidiary\/wp-content\/uploads\/2023\/02\/wahlergebnisBerlin23.png 650w, https:\/\/www.claudia-klinger.de\/digidiary\/wp-content\/uploads\/2023\/02\/wahlergebnisBerlin23-300x168.png 300w\" sizes=\"(max-width: 650px) 100vw, 650px\" \/><\/a><\/p>\n<p>Ja, die CDU hat die Wahl &#8222;gewonnen&#8220;, aber nur indem sie st\u00e4rkste Partei geworden ist. Das \u00e4ndert allerdings nichts daran, dass von den m\u00f6glichen Koalitionen Rot-Rot-Gr\u00fcn mit knapp 40% die h\u00f6chsten Zustimmungswerte in der Nachfrage (nach der Wahl) hat und die drei Parteien daf\u00fcr auch die erforderliche Mehrheit mitbringen. Dass 28,2 Prozent CDU gew\u00e4hlt haben, hei\u00dft also nicht, &#8222;dass Berlin den Senat abgew\u00e4hlt hat&#8220;, wie Wegner (CDU) es nun darstellt. Ich hoffe darauf, dass sich Rot-Rot-Gr\u00fcn z\u00fcgig zusammen rauft und bin guter Dinge, dass das auch so kommt. Immerhin sind die Gr\u00e4ben zur CDU hier tief, auch die drei Landesverb\u00e4nde sind eher nicht daf\u00fcr bekannt, mit der CDU zu sympathisieren.<!--more--><\/p>\n<h2>Protestwahl?<\/h2>\n<p>Die Unzufriedenheit vieler Berliner\/innen ist gleichwohl nachvollziehbar: Immer noch zu lange Wartezeiten in der Verwaltung, Zust\u00e4ndigkeitsgewirr, in manchen Gegenden ein M\u00fcllproblem &#8211; und zum Wahlerfolg der CDU haben die Silvesterkrawalle (die es nicht nur in Berlin gab!) ebenfalls beigetragen, insbesondere die darauf folgende Hetze durch Wegner und Merz. Dass viele Autofahrer das gr\u00fcn-linke Unterfangen nicht gut finden, den Autoverkehr in der Innenstadt deutlich zu mindern, ist auch verst\u00e4ndlich. Ein Punkt, bei dem ich mit der bisherigen Politik (&#8222;Verkehrswende&#8220;) allerdings einverstanden bin, denn ich habe aus Gr\u00fcnden schon lange kein Auto mehr. Auf dem Land hab&#8216; ich es gebraucht, in Berlin nicht.<\/p>\n<p>Der jetzige Senat ist erst ein gutes Jahr im Amt und hat schon viel auf den Weg gebracht, um die Missst\u00e4nde zu verbessern. Es wird aber noch dauern, bis die Ergebnisse sichtbar werden, insbesondere die angestrebte Verwaltungsreform ist ein Mega-Werk.<\/p>\n<h2>Die Ergebnisse der kleinen Parteien<\/h2>\n<p>Interessant ist auch das Ergebnis der kleinen Parteien. Was f\u00fcr ein Gl\u00fcck, dass die FDP mit nur 4,6% (-2,5!) nicht mehr im Abgeordnetenhaus vertreten sein wird. Hier ein paar Zahlen zu einigen (nicht allen) kleinen Parteien:<\/p>\n<table style=\"margin-top: 1em;\" width=\"510\" cellspacing=\"0\" cellpadding=\"0\">\n<tbody>\n<tr>\n<th align=\"left\" width=\"226\">Die PARTEI<\/th>\n<td>25.103<\/td>\n<td>1,7\u00a0%<\/td>\n<td>21.567<\/td>\n<td>1,4 % (-0,4)<\/td>\n<\/tr>\n<tr>\n<th align=\"left\" width=\"226\">Tierschutzpartei<\/th>\n<td>43.874<\/td>\n<td>2,9\u00a0%<\/td>\n<td>36.233<\/td>\n<td>2,4\u00a0% (+0,2)<\/td>\n<\/tr>\n<tr>\n<th align=\"left\" width=\"226\">PIRATEN<\/th>\n<td>1.184<\/td>\n<td>0,1\u00a0%<\/td>\n<td>5.147<\/td>\n<td>0,3\u00a0% (-0,1)<\/td>\n<\/tr>\n<tr>\n<th align=\"left\" width=\"226\">Graue Panther<\/th>\n<td>&#8211;<\/td>\n<td>&#8211;<\/td>\n<td>6.268<\/td>\n<td>0,4\u00a0% (-0,1)<\/td>\n<\/tr>\n<tr>\n<th align=\"left\" width=\"226\">NPD<\/th>\n<td>577<\/td>\n<td>0,0\u00a0%<\/td>\n<td>1.589<\/td>\n<td>0,1\u00a0% (-0,0)<\/td>\n<\/tr>\n<tr>\n<th align=\"left\" width=\"226\">Gesundheitsforschung<\/th>\n<td>&#8211;<\/td>\n<td>&#8211;<\/td>\n<td>3.768<\/td>\n<td>0,2\u00a0% (-0,0)<\/td>\n<\/tr>\n<tr>\n<th align=\"left\" width=\"226\">dieBasis<\/th>\n<td>11.488<\/td>\n<td>0,8\u00a0%<\/td>\n<td>8.345<\/td>\n<td>0,6\u00a0% (-0,7)<\/td>\n<\/tr>\n<tr>\n<th align=\"left\" width=\"226\">Klimaliste Berlin<\/th>\n<td>&#8211;<\/td>\n<td>&#8211;<\/td>\n<td>4.100<\/td>\n<td>0,3\u00a0% (-0,2)<\/td>\n<\/tr>\n<tr>\n<th align=\"left\" width=\"226\">MIETERPARTEI<\/th>\n<td>973<\/td>\n<td>0,1\u00a0%<\/td>\n<td>3.896<\/td>\n<td>0,3\u00a0% (-0,0)<\/td>\n<\/tr>\n<tr>\n<th align=\"left\" width=\"226\">Die Humanisten<\/th>\n<td>&#8211;<\/td>\n<td>&#8211;<\/td>\n<td>2.655<\/td>\n<td>0,2\u00a0% (-0,0)<\/td>\n<\/tr>\n<tr>\n<th align=\"left\" width=\"226\">Team Todenh\u00f6fer<\/th>\n<td>&#8211;<\/td>\n<td>&#8211;<\/td>\n<td>6.324<\/td>\n<td>0,4\u00a0% (-0,6)<\/td>\n<\/tr>\n<tr>\n<th align=\"left\" width=\"226\">Volt<\/th>\n<td><\/td>\n<td><\/td>\n<td>14.026<\/td>\n<td>0,9\u00a0% (-0,2)<\/td>\n<\/tr>\n<\/tbody>\n<\/table>\n<p>Nur die <strong>Tierschutzpartei<\/strong> hat hinzu gewonnen, eine Entwicklung, die vermutlich vom Trend &#8222;weg vom Fleisch&#8220; und dem Tierleid-Motiv bef\u00f6rdert wurde. Ansonsten hat die Vernuft gesieg, was ich insbesondere am Ergebnis der Klimaliste Berlin ablese, die gerade mal 4100 Stimmen bekam. Der Frust rund um &#8222;L\u00fcthzerat&#8220; hat die jungen Klima-Bewegten zum Gl\u00fcck mehrheitlich nicht abgeschreckt, GR\u00dcNE oder LINKE zu w\u00e4hlen. Immerhin haben diese Stimmen die GR\u00dcNEN den 2.Platz gekostet &#8211; was (siehe oben) ich unter den gegebenen Umst\u00e4nden gar nicht so schlecht finde.<br \/>\n<img decoding=\"async\" loading=\"lazy\" class=\"alignright size-full wp-image-3710\" src=\"https:\/\/www.claudia-klinger.de\/digidiary\/wp-content\/uploads\/2023\/02\/verjuengung.png\" alt=\"Gesundheitsforschungsparti Plakat\" width=\"200\" height=\"210\" \/><\/p>\n<p>Warum es eine <strong>Mieterpartei<\/strong> gibt, verstehe ich nicht, denn im Meinungsspektrum von RRG hat man doch eigentlich alles, was das Mieterherz begehrt. Die Partei <strong>Gesundheitsforschung<\/strong> fand ich aufgrund ihrer Plakate recht lustig: Das Altern einfach abw\u00e4hlen &#8211; da sage niemand, es g\u00e4be keine Utopien mehr!<\/p>\n<p>Relativ viele Stimmen hat <strong>VOLT<\/strong> bekommen, die sympathische Europa-Partei. Sie ist damit die viertst\u00e4rkste kleine Partei, hinter FDP, DIE PARTEI und Tierschutzpartei. Ich bewundere den langen Atem der Leute, die einfach die Hoffnung nicht aufgeben, mit transnationalen Inhalten durchzudringen!<\/p>\n<p>Sehr sch\u00f6n finde ich das Ergebnis der Querdenkerparte <strong>DIE BASIS<\/strong>: Die hat sich mehr als halbiert. Man kann sich vorstellen, dass die Fans dann halt <strong>AFD<\/strong> gew\u00e4hlt haben, doch auch diese hat 5,1% verloren und ist nicht zweistellig geworden &#8211; trotz der als &#8222;gem\u00e4\u00dfigt&#8220; geltenden Spitzenkandidatin.<\/p>\n<p>Zum Schluss noch die Ergebnisse der Wahl in meinem Stadtteil Friedrichshain-Kreuzberg<\/p>\n<p><img decoding=\"async\" loading=\"lazy\" class=\"aligncenter size-full wp-image-3713\" src=\"https:\/\/www.claudia-klinger.de\/digidiary\/wp-content\/uploads\/2023\/02\/ergebnisseFHainKrzbrg.png\" alt=\"Wahlergebnisse Friedrichshain-Kreuzberg\" width=\"620\" height=\"391\" srcset=\"https:\/\/www.claudia-klinger.de\/digidiary\/wp-content\/uploads\/2023\/02\/ergebnisseFHainKrzbrg.png 620w, https:\/\/www.claudia-klinger.de\/digidiary\/wp-content\/uploads\/2023\/02\/ergebnisseFHainKrzbrg-300x189.png 300w\" sizes=\"(max-width: 620px) 100vw, 620px\" \/><\/p>\n<p>Siehe auch: <a href=\"https:\/\/www.wahlen-berlin.de\/wahlen\/BE2023\/AFSPRAES\/agh\/ergebnisse_bezirk_02.html\" rel=\"noopener\" target=\"_blank\">Alle Wahlergebnisse der Berlinwahl 2023<\/a><\/p>","protected":false},"excerpt":{"rendered":"<p>Als zunehmend klar wurde, dass SPD und GR\u00dcNE in Berlin gleichauf liegen, habe ich auf ein paar Stimmen mehr f\u00fcr die SPD gehofft. Nicht weil ich die SPD grunds\u00e4tzlich bevorzugen w\u00fcrde, sondern weil diese paar Stimmen (es sind jetzt tats\u00e4chlich nur 105!) f\u00fcr Frau Giffey die M\u00f6glichkeit er\u00f6ffnen, mit RRG B\u00fcrgermeisterin zu bleiben. In einer [&hellip;]<\/p>\n","protected":false},"author":1,"featured_media":0,"comment_status":"open","ping_status":"open","sticky":false,"template":"","format":"standard","meta":[],"categories":[8,231],"tags":[],"post_mailing_queue_ids":[],"_links":{"self":[{"href":"https:\/\/www.claudia-klinger.de\/digidiary\/wp-json\/wp\/v2\/posts\/3708"}],"collection":[{"href":"https:\/\/www.claudia-klinger.de\/digidiary\/wp-json\/wp\/v2\/posts"}],"about":[{"href":"https:\/\/www.claudia-klinger.de\/digidiary\/wp-json\/wp\/v2\/types\/post"}],"author":[{"embeddable":true,"href":"https:\/\/www.claudia-klinger.de\/digidiary\/wp-json\/wp\/v2\/users\/1"}],"replies":[{"embeddable":true,"href":"https:\/\/www.claudia-klinger.de\/digidiary\/wp-json\/wp\/v2\/comments?post=3708"}],"version-history":[{"count":0,"href":"https:\/\/www.claudia-klinger.de\/digidiary\/wp-json\/wp\/v2\/posts\/3708\/revisions"}],"wp:attachment":[{"href":"https:\/\/www.claudia-klinger.de\/digidiary\/wp-json\/wp\/v2\/media?parent=3708"}],"wp:term":[{"taxonomy":"category","embeddable":true,"href":"https:\/\/www.claudia-klinger.de\/digidiary\/wp-json\/wp\/v2\/categories?post=3708"},{"taxonomy":"post_tag","embeddable":true,"href":"https:\/\/www.claudia-klinger.de\/digidiary\/wp-json\/wp\/v2\/tags?post=3708"}],"curies":[{"name":"wp","href":"https:\/\/api.w.org\/{rel}","templated":true}]}}