{"id":363,"date":"2009-10-12T14:35:45","date_gmt":"2009-10-12T12:35:45","guid":{"rendered":"http:\/\/www.claudia-klinger.de\/digidiary\/?p=363"},"modified":"2009-10-13T10:25:17","modified_gmt":"2009-10-13T08:25:17","slug":"lieber-jamaika-als-co-ministerpraesident-lafontaine","status":"publish","type":"post","link":"https:\/\/www.claudia-klinger.de\/digidiary\/2009\/10\/12\/lieber-jamaika-als-co-ministerpraesident-lafontaine\/","title":{"rendered":"Lieber Jamaika als Co-Ministerpr\u00e4sident Lafontaine"},"content":{"rendered":"<p>Ja, das kann ich gut verstehen &#8211; und ich nehme mal an, es war der ausschlaggebende Faktor, der zur klaren Mehrheit von 78% f\u00fcr das schwarz-gelb-gr\u00fcne B\u00fcndnis an der Saar gef\u00fchrt hat. <\/p>\n<p>Aber auch inhaltlich scheint es durchaus Gr\u00fcnde zu geben, denn was die GR\u00dcNEN jetzt schon &#8218;rausverhandelt haben, ist nicht von schlechten Eltern: Keine neuen Kohlekraftwerke, Abschaffung der Studiengeb\u00fchren,  &#8222;echte&#8220; Gesamtschulen und Unterst\u00fctzung des Atomausstiegs durch das Saarland. Dazu zwei Minister\u00e4mter, n\u00e4mlich Bildung und Umwelt (samt Energie und Verkehr) &#8211; das ist schon eine ganze Menge, doch w\u00e4re all das evtl. auch mit rot&#038;rot drin gewesen. \u00dcber die Details DIESER Verhandlungen erfahren wir wenig.<!--more--><\/p>\n<p>Bundespolitisch h\u00e4tte es auf jeden Fall &#8222;besser ausgesehen&#8220;, wenn jetzt mal irgendwo ein rot-rot-gr\u00fcnes B\u00fcndnis zustande gekommen w\u00e4re. Wenn sich das aber in der Praxis am Verhandlungstisch als nicht machbar erweist, sollte man es nicht um jeden Preis fordern. Pers\u00f6nlich hab&#8216; ich mich lange schon vom Lager-Denken entfernt und finde bei allen im Bundestag vertretenen Parteien Gutes und Schlechtes &#8211; gew\u00e4hlt hab&#8216; ich diesmal die Piratenpartei. Die Zeit der festen Bindungen, auch an mein altes &#8222;gr\u00fcnes Milieu&#8220; ist definitiv vorbei. <\/p>\n<p>Ziemlich ungl\u00fccklich finde ich allerdings, dass die GR\u00dcNEN an der Saar offenbar vorher allzu deutlich Richtung rot-rot-gr\u00fcn agitiert haben &#8211; ich hab&#8216; das gar nicht so genau verfolgt. &#8222;Politikwechsel&#8220; ist ja ein dehnbarer Begriff und sagt noch nichts \u00fcber konkrete Koalitionen &#8211; trotzdem gab es wohl genug Anti-Schwarz-Gelb-Kampfansagen, um nun mit dieser Entscheidung ziemlich bl\u00f6d dazustehen. Insofern verstehe ich auch diejenigen, die sich jetzt aufregen, dass aus rot-rot-gr\u00fcn nix wird. <\/p>\n<h2>Andere Stimmen:<\/h2>\n<p><a href=\"http:\/\/www.taz.de\/1\/politik\/deutschland\/artikel\/1\/gruene-fuer-koalition-mit-cdu-und-fdp\/\">Entscheidung im Saarland<\/a> (taz);<br \/>\n<a href=\"http:\/\/blog.till-westermayer.de\/index.php\/2009\/10\/11\/jamaika-im-saarland-jenseits-der-erregung\/\">Jamaika im Saarland \u2013 jenseits der Erregung<\/a> (till we *) . Blog);<br \/>\n<a href=\"http:\/\/www.nachdenkseiten.de\/?p=4255\">Saarland: Der Gr\u00fcnen-New-Deal mit CDU und FDP<\/a> (Nachdenkseiten);<br \/>\n<a href=\"http:\/\/www.schockwellenreiter.de\/blog\/2009\/10\/11\/die-umfallerpartei\/\">Die Umfallerpartei<\/a> (Schockwellenreiter);<br \/>\n<a href=\"http:\/\/zettelsraum.blogspot.com\/2009\/10\/jamaika-im-saarland-ein-dritter-umbruch.html\">Jamaika im Saarland. Ein dritter Umbruch im deutschen Parteiensystem?<\/a> (Zettels Raum &#8211; lang!);<br \/>\n<a href=\"http:\/\/oeffingerfreidenker.blogspot.com\/2009\/10\/das-schnelle-ende-eines-eingebildeten.html\">Das schnelle Ende eines eingebildeten politischen Fr\u00fchlings<\/a>  (Oeffinger Freidenker);<\/p>","protected":false},"excerpt":{"rendered":"<p>Ja, das kann ich gut verstehen &#8211; und ich nehme mal an, es war der ausschlaggebende Faktor, der zur klaren Mehrheit von 78% f\u00fcr das schwarz-gelb-gr\u00fcne B\u00fcndnis an der Saar gef\u00fchrt hat. Aber auch inhaltlich scheint es durchaus Gr\u00fcnde zu geben, denn was die GR\u00dcNEN jetzt schon &#8218;rausverhandelt haben, ist nicht von schlechten Eltern: Keine [&hellip;]<\/p>\n","protected":false},"author":1,"featured_media":0,"comment_status":"open","ping_status":"open","sticky":false,"template":"","format":"standard","meta":[],"categories":[8],"tags":[],"post_mailing_queue_ids":[],"_links":{"self":[{"href":"https:\/\/www.claudia-klinger.de\/digidiary\/wp-json\/wp\/v2\/posts\/363"}],"collection":[{"href":"https:\/\/www.claudia-klinger.de\/digidiary\/wp-json\/wp\/v2\/posts"}],"about":[{"href":"https:\/\/www.claudia-klinger.de\/digidiary\/wp-json\/wp\/v2\/types\/post"}],"author":[{"embeddable":true,"href":"https:\/\/www.claudia-klinger.de\/digidiary\/wp-json\/wp\/v2\/users\/1"}],"replies":[{"embeddable":true,"href":"https:\/\/www.claudia-klinger.de\/digidiary\/wp-json\/wp\/v2\/comments?post=363"}],"version-history":[{"count":0,"href":"https:\/\/www.claudia-klinger.de\/digidiary\/wp-json\/wp\/v2\/posts\/363\/revisions"}],"wp:attachment":[{"href":"https:\/\/www.claudia-klinger.de\/digidiary\/wp-json\/wp\/v2\/media?parent=363"}],"wp:term":[{"taxonomy":"category","embeddable":true,"href":"https:\/\/www.claudia-klinger.de\/digidiary\/wp-json\/wp\/v2\/categories?post=363"},{"taxonomy":"post_tag","embeddable":true,"href":"https:\/\/www.claudia-klinger.de\/digidiary\/wp-json\/wp\/v2\/tags?post=363"}],"curies":[{"name":"wp","href":"https:\/\/api.w.org\/{rel}","templated":true}]}}