{"id":3550,"date":"2022-06-13T11:19:26","date_gmt":"2022-06-13T09:19:26","guid":{"rendered":"https:\/\/www.claudia-klinger.de\/digidiary\/?p=3550"},"modified":"2022-06-13T11:19:26","modified_gmt":"2022-06-13T09:19:26","slug":"bemerkenswertes-aus-allerlei-blogs","status":"publish","type":"post","link":"https:\/\/www.claudia-klinger.de\/digidiary\/2022\/06\/13\/bemerkenswertes-aus-allerlei-blogs\/","title":{"rendered":"Bemerkenswertes aus allerlei Blogs"},"content":{"rendered":"<p>Statt eines &#8222;richtigen&#8220; Blogposts notiere ich heute mal Fundst\u00fccke aus meiner Morgenlekt\u00fcre:<!--more--><\/p>\n<p>Maximilian Buddenbrohm <a href=\"https:\/\/www.buddenbohm-und-soehne.de\/2022\/06\/12\/waehrenddessen-in-den-blogs-ausgabe-12-6-2022\/\" target=\"_blank\" rel=\"noopener\">schreibt<\/a>, warum er keine Podcasts h\u00f6ren mag:<\/p>\n<blockquote><p>&#8222;Ich kann auch keine Podcasts h\u00f6ren, das wollte ich noch eben sagen, weil ich doch B\u00fccher h\u00f6re. B\u00fccher beginnen gleich mit dem Inhalt, das ist sehr gut eingerichtet. Podcasts dagegen beginnen mit Smalltalk, viele jedenfalls, und ich komme mir doch etwas irre vor, wenn ich Smalltalk im echten Leben kunstvoll vermeide, nur um ihn mir dann medial gezielt zuzuf\u00fchren, das geht doch nicht.&#8220;<\/p><\/blockquote>\n<p>Wie wahr! Das geht mir ganz genauso. Bis die immer zum Punkt kommen, ist schon wieder einige Lebenszeit sinnlos verstrichen!<\/p>\n<p>Horst Schulte zum Thema &#8222;<a href=\"https:\/\/wutzone.de\/2022\/06\/12\/jetzt-erst-sind-die-ersten-sechs-marder-panzer-lieferbereit\/\" target=\"_blank\" rel=\"noopener\">Nur sechs Marderpanzer lieferbereit<\/a>&#8222;:<\/p>\n<blockquote><p>&#8222;Was Rheinmetallchef Pappberger im Schilde f\u00fchrte, als er Mitte Mai behauptete, dass die Lieferung der Marder-Panzer und der n\u00f6tigen Munition von der Ampelregierung noch nicht freigegeben wurde. Wieso sollte man eine Lieferung freigeben, die \u00fcberhaupt nicht zur Lieferung ansteht? Wie absurd, wie <strong>Opposition und Medien<\/strong> auf nachweisliche Falschbehauptungen eines M\u00f6rderwaffenlieferanten hereingefallen sind.&#8220;<\/p><\/blockquote>\n<p>Hauptsache, man kann gegen die Regierenden \u00e4tzen! Das ist offensichtlich die Hauptbesch\u00e4ftigung vieler Medien &#8211; ich ignoriere sie mittlerweile umfangreich, denn es n\u00fctzt ja nichts, wenn ich mich immer wieder dr\u00fcber aufrege. Das gilt noch mehr f\u00fcr Merz &amp; Co, deren Wirken Horst\u00a0 als &#8222;ein ekelhaftes R\u00e4nkespiel, das fairen Medien und einer integren Oppositionsarbeit so gar nicht entspricht&#8220; punktgenau beschreibt.<\/p>\n<p>Zum ganzen Elend dieser Tage <a href=\"https:\/\/kopfundgestalt.com\/2022\/06\/10\/feeling-blue\/\" target=\"_blank\" rel=\"noopener\">schreibt Gerhard<\/a>:<\/p>\n<blockquote><p>&#8222;Schlechte Nachrichten werden irgendwann zur Gewohnheit&#8230; Sei es Krieg, Umweltversauung, Missbr\u00e4uche, Schulmassaker, Anschl\u00e4ge, Zoonosen, Skandale \u2026 es reisst nicht ab. Wie soll MENSCH eigentlich damit umgehen?&#8220;<\/p><\/blockquote>\n<p>Ja wie? Das frag&#8216; ich mich auch oft, wenn ich staune, dass es mir bei alledem noch immer recht gut geht &#8211; mit einer Mischung aus Dankbarkeit und schlechtem Gewissen.<\/p>\n<p>Zum Schluss noch <a href=\"https:\/\/www.henning-uhle.eu\/allgemein\/fehlerteufel-warum-der-nicht-schlimm-ist\" target=\"_blank\" rel=\"noopener\">Henning Uhle<\/a>:<\/p>\n<blockquote><p>&#8222;Das Internet ist das reinste Minenfeld geworden. Ich habe doch mal erz\u00e4hlt, <a href=\"https:\/\/www.henning-uhle.eu\/informatik\/wordpress-und-bloggen\/bloggen-koennen-einfach-so\" target=\"_blank\" rel=\"noreferrer noopener\" data-type=\"post\" data-id=\"75784\">dass ich einfach so drauflos bloggen will<\/a>. W\u00fcrde ich das aber tats\u00e4chlich machen, Leute, dann w\u00e4re was los. Ganz ehrlich.<br \/>\nWas meint ihr wohl, wieso ich mich um politische Artikel herum dr\u00fccke? Was meint ihr wohl, wieso ich es tunlichst vermeide, in irgendeine Gender-Tretmine zu treten? Das ist kein b\u00f6ser Wille oder soll irgendwen herabw\u00fcrdigen oder so. Nein, ich will mich blo\u00df nicht in heillosen und endlosen Diskussionen um ein Komma oder ein Hilfswort verlieren.&#8220;<\/p><\/blockquote>\n<p>Immerhin geht er davon aus, dass es &#8222;endlose Diskussionen&#8220; g\u00e4be! Mein Eindruck ist eher, dass das Ignorieren anderer Meinungen vorherrscht: Was nicht meins ist, will ich gar nicht wissen.<\/p>\n<p>Trotzalledem plane ich einen Beitrag zu einem Aufreger dieser Tage, Hashtag #transfrauen.<\/p>","protected":false},"excerpt":{"rendered":"<p>Statt eines &#8222;richtigen&#8220; Blogposts notiere ich heute mal Fundst\u00fccke aus meiner Morgenlekt\u00fcre:<\/p>\n","protected":false},"author":1,"featured_media":0,"comment_status":"open","ping_status":"open","sticky":false,"template":"","format":"standard","meta":[],"categories":[10,7,414,231],"tags":[34,155,614,613,612],"post_mailing_queue_ids":[],"_links":{"self":[{"href":"https:\/\/www.claudia-klinger.de\/digidiary\/wp-json\/wp\/v2\/posts\/3550"}],"collection":[{"href":"https:\/\/www.claudia-klinger.de\/digidiary\/wp-json\/wp\/v2\/posts"}],"about":[{"href":"https:\/\/www.claudia-klinger.de\/digidiary\/wp-json\/wp\/v2\/types\/post"}],"author":[{"embeddable":true,"href":"https:\/\/www.claudia-klinger.de\/digidiary\/wp-json\/wp\/v2\/users\/1"}],"replies":[{"embeddable":true,"href":"https:\/\/www.claudia-klinger.de\/digidiary\/wp-json\/wp\/v2\/comments?post=3550"}],"version-history":[{"count":0,"href":"https:\/\/www.claudia-klinger.de\/digidiary\/wp-json\/wp\/v2\/posts\/3550\/revisions"}],"wp:attachment":[{"href":"https:\/\/www.claudia-klinger.de\/digidiary\/wp-json\/wp\/v2\/media?parent=3550"}],"wp:term":[{"taxonomy":"category","embeddable":true,"href":"https:\/\/www.claudia-klinger.de\/digidiary\/wp-json\/wp\/v2\/categories?post=3550"},{"taxonomy":"post_tag","embeddable":true,"href":"https:\/\/www.claudia-klinger.de\/digidiary\/wp-json\/wp\/v2\/tags?post=3550"}],"curies":[{"name":"wp","href":"https:\/\/api.w.org\/{rel}","templated":true}]}}