{"id":3502,"date":"2022-05-14T14:51:36","date_gmt":"2022-05-14T12:51:36","guid":{"rendered":"https:\/\/www.claudia-klinger.de\/digidiary\/?p=3502"},"modified":"2022-05-14T15:39:06","modified_gmt":"2022-05-14T13:39:06","slug":"thematisch-unentschlossen-meine-linktipps-zum-wochenende","status":"publish","type":"post","link":"https:\/\/www.claudia-klinger.de\/digidiary\/2022\/05\/14\/thematisch-unentschlossen-meine-linktipps-zum-wochenende\/","title":{"rendered":"Thematisch unentschlossen &#8211; meine Linktipps zum Wochenende"},"content":{"rendered":"<blockquote><p>&#8222;&#8230;gebloggt wird, so kommt es mir vor, im Moment ohnehin etwas weniger und wenn, dann thematisch eher unentschlossen, was ganz und gar kein Vorwurf ist. Ich bin seit Jahren thematisch entschieden unentschlossen, ich verstehe das.&#8220;<\/p><\/blockquote>\n<p>Dies <a href=\"https:\/\/www.buddenbohm-und-soehne.de\/2022\/05\/13\/waehrenddessen-in-den-blogs-ausgabe-13-5-2022\/\" target=\"_blank\" rel=\"noopener\">schrieb Maximilian Buddenbrohm am 13.Mai<\/a> im neuesten Beitrag seiner Serie &#8222;W\u00e4hrenddessen in den Blogs&#8220;. <!--more--><\/p>\n<p>Immerhin hat er den Text <a href=\"https:\/\/www.goethe.de\/prj\/ger\/de\/ihr\/age\/22968531.html\">&#8222;Manchmal passt es zusammen&#8220;<\/a> verlinkt, den er f\u00fcr das Goehte-Institut schrieb. <em>&#8222;Beim Einkaufen beobachtet Maximilian Buddenbohm etwas. Er wei\u00df sofort, dass er reagieren muss. Was ist zu tun?&#8220; <\/em>Es ist eine kleine Erz\u00e4hlung aus dem Alltag, in die man &#8211; vielleicht, vielleicht auch nicht &#8211; einen Bezug zur Nachrichtenlage hinein denken k\u00f6nnte.<\/p>\n<p>***<\/p>\n<p>Mich inspiriert Maximilians Linkserie immer wieder mal dazu, selbst nach Blogposts zu schauen, die mir eine Hervorhebung wert sind &#8211; aus ganz unterschiedlichen Gr\u00fcnden. &#8222;Thematisch unentschlossen&#8220; zu sein, ist f\u00fcr diese Suche unverzichtbar, denn sonst wird es zur ernsthaften Recherche und somit zur ARBEIT. Alsdenn, los gehts:<\/p>\n<p>In &#8222;<a href=\"https:\/\/woistphilipp.de\/mut-zur-luecke\/\" target=\"_blank\" rel=\"noopener\">Mut zur L\u00fccke<\/a>&#8220; beschreibt Phillip aus Berlin das \u00fcberforderte Leben eines Individuums, das alle M\u00f6glichkeiten optimal nutzen m\u00f6chte und damit punktgenau in der Bredouille landet. Das kommt aber erst nach der philosophischen Einleitung \u00fcber &#8222;Essentialismus&#8220;, der auf den aktuellen Trend zum Minimalismus folgen soll. Was meint er damit?<\/p>\n<blockquote><p>&#8222;Jahrelang habe ich mich von ungenutztem Besitz getrennt und mich mit neuem schwer getan, weil ich mich diesen Ballast nicht weiter mit durch mein Leben und um die Welt schleppen wollte. Dabei versteckte sich ein Gro\u00dfteil meines psychischen Ballastes eher in all den Aufgaben, die ich mir selbst auferlegte oder schlichtweg nie hinterfragte. Warum habe ich das? begleitete mich st\u00e4ndig, doch Warum tue ich das? kam nie auf.&#8220;<\/p><\/blockquote>\n<p style=\"text-align: center;\">***<\/p>\n<p>Weiter: Habt Ihr es auch manchmal satt, dass Politiker\/innen fast immer nur &#8222;runter geschrieben&#8220; werden? Das hier ist mal was Anderes: Auf &#8222;Haltungsturnen&#8220; bewundert Wolfgang L\u00fcnenb\u00fcrger-Reidenbach im Blogpost <a href=\"https:\/\/www.haltungsturnen.de\/2022\/05\/schreiben-wie-sprechen.html\" target=\"_blank\" rel=\"noopener\">&#8222;Schreiben wie Sprechen&#8220;<\/a> den neuen Stil von Robert Habeck:<\/p>\n<blockquote><p>&#8222;Habecks schn\u00f6rkellose Sprache, verbunden mit dem rhythmisch-poetischen Sprechen, seine direkt zu erlebende Suche nach der richtigen Formulierung, sein lautes Nachdenken \u2013 all das pr\u00e4gt einen neuen Stil. Und ich bin davon \u00fcberzeugt, dass es auch einen neuen Stil f\u00fcr andere pr\u00e4gen wird, die professionell schreiben und sprechen. Ich nenne das &#8222;Schreiben wie Sprechen&#8220;. Gesprochene Schriftsprache. Oder geschriebene gesprochene Sprache.&#8220;<\/p><\/blockquote>\n<p>Es geht aber nicht nur um Habeck, keine Sorge!<\/p>\n<p style=\"text-align: center;\">***<\/p>\n<p>Auf den Hund gekommen ist Felix Schwenzel, der bis vor zwei Jahren in sein &#8222;wirres net&#8220; h\u00e4ufige Schnipsel \u00fcber irgendwas schrieb, dann aber verstummt ist. Jetzt also mal ein l\u00e4ngerer Text, n\u00e4mlich <a href=\"https:\/\/wirres.net\/article\/articleview\/11416\/1\/6\/\" target=\"_blank\" rel=\"noopener\">&#8222;Mehr Schlaf dank Hund&#8220; \u00fcber Felix&#8216; Wochenendleben<\/a>:<\/p>\n<blockquote><p>&#8222;&#8230;.fr\u00fch ins bett, fr\u00fch aus dem bett und mit frida lange spazieren gehen und dann den rest des vormittags und mittag wieder schlafen. ich bin mir nicht sicher warum ich das so toll finde, ob ein hund, der den gr\u00f6ssten teil des tages schl\u00e4ft mich einfach auch zum schlafen inspiriert oder ob der hund und das lange spazieren gehen eifach ein super ausrede sind mich st\u00e4ndig ins bett zu legen.&#8220;<\/p><\/blockquote>\n<p style=\"text-align: center;\">***<\/p>\n<p>Zur &#8222;Islieb-Leserschaft&#8220;, f\u00fcr die <a href=\"https:\/\/islieb.de\/gedicht-fuer-die-islieb-leserschaft\/\" target=\"_blank\" rel=\"noopener\">dieses Gedicht<\/a> geschrieben wurde, geh\u00f6re ich zwar nicht, verlinke es aber trotzdem! Wer traut sich sonst noch sowas? Klassische Reime und ein &#8222;thematisch unentschlossen&#8220; m\u00e4ndernder Inhalt, dazu die liebe Lebenseinstellung der Comiczeichnerin Eylou.<\/p>\n<p style=\"text-align: center;\">***<\/p>\n<p>Peer Wandinger (&#8222;Selbst\u00e4ndig im Netz&#8220;) hat mich dann noch mit seiner Serie &#8222;<a href=\"https:\/\/www.selbstaendig-im-netz.de\/webdesign\/7-tage-website-fruehjahrsputz-aufraeumen-optimieren-und-verbessern-macht-mit\/\" target=\"_blank\" rel=\"noopener\">7 Tage Website Fr\u00fchjahrsputz \u2013 Aufr\u00e4umen, Optimieren und Verbessern \u2013 Tag 6<\/a>&#8220; dazu gebracht, hier mal wieder per Plugin kaputte Links suchen zu lassen. Es waren gar nicht so viele, was mich ziemlich wundert.<\/p>\n<p style=\"text-align: center;\">***<\/p>\n<p>Ihr merkt, ich hab&#8216; grade nicht so Lust auf ernsthafte, politische, hochwichtige und aktuelle Themen!<\/p>\n<p>Zum Schluss immerhin noch was zur aktuellen &#8222;Debattenkultur&#8220;: Weil online kaum noch gute Gespr\u00e4che zustande kommen, sondern der\u00a0 inhaltsleere Schlagabtausch unterschiedlicher Meinungstr\u00e4ger\/innen dominiert, ist mir ein TV-Format aufgefallen, auf das ich in der ZDF-Mediathek gesto\u00dfen bin:<\/p>\n<p style=\"text-align: center;\"><a href=\"https:\/\/www.zdf.de\/kultur\/13-fragen\/drogen-13f-100.html\" target=\"_blank\" rel=\"noopener\">13 Fragen: M\u00fcssen wir alle Drogen legalisieren?<\/a><\/p>\n<p>Nicht wegen des Themas (das ich wichtig finde!), sondern wegen der Herangehensweise, die mittels streng durchritualisierter Vorgehensweisen die Teilnehmenden fast zwingt, aufeinander zuzugehen, um am Ende einen Kompromiss zu finden.<\/p>\n<p>Mir scheint fast, wir k\u00f6nnen nur noch so!<\/p>","protected":false},"excerpt":{"rendered":"<p>&#8222;&#8230;gebloggt wird, so kommt es mir vor, im Moment ohnehin etwas weniger und wenn, dann thematisch eher unentschlossen, was ganz und gar kein Vorwurf ist. Ich bin seit Jahren thematisch entschieden unentschlossen, ich verstehe das.&#8220; Dies schrieb Maximilian Buddenbrohm am 13.Mai im neuesten Beitrag seiner Serie &#8222;W\u00e4hrenddessen in den Blogs&#8220;.<\/p>\n","protected":false},"author":1,"featured_media":0,"comment_status":"open","ping_status":"open","sticky":false,"template":"","format":"standard","meta":[],"categories":[10,7,231],"tags":[577],"post_mailing_queue_ids":[],"_links":{"self":[{"href":"https:\/\/www.claudia-klinger.de\/digidiary\/wp-json\/wp\/v2\/posts\/3502"}],"collection":[{"href":"https:\/\/www.claudia-klinger.de\/digidiary\/wp-json\/wp\/v2\/posts"}],"about":[{"href":"https:\/\/www.claudia-klinger.de\/digidiary\/wp-json\/wp\/v2\/types\/post"}],"author":[{"embeddable":true,"href":"https:\/\/www.claudia-klinger.de\/digidiary\/wp-json\/wp\/v2\/users\/1"}],"replies":[{"embeddable":true,"href":"https:\/\/www.claudia-klinger.de\/digidiary\/wp-json\/wp\/v2\/comments?post=3502"}],"version-history":[{"count":0,"href":"https:\/\/www.claudia-klinger.de\/digidiary\/wp-json\/wp\/v2\/posts\/3502\/revisions"}],"wp:attachment":[{"href":"https:\/\/www.claudia-klinger.de\/digidiary\/wp-json\/wp\/v2\/media?parent=3502"}],"wp:term":[{"taxonomy":"category","embeddable":true,"href":"https:\/\/www.claudia-klinger.de\/digidiary\/wp-json\/wp\/v2\/categories?post=3502"},{"taxonomy":"post_tag","embeddable":true,"href":"https:\/\/www.claudia-klinger.de\/digidiary\/wp-json\/wp\/v2\/tags?post=3502"}],"curies":[{"name":"wp","href":"https:\/\/api.w.org\/{rel}","templated":true}]}}