{"id":3485,"date":"2022-04-07T15:06:44","date_gmt":"2022-04-07T13:06:44","guid":{"rendered":"https:\/\/www.claudia-klinger.de\/digidiary\/?p=3485"},"modified":"2022-04-20T12:24:57","modified_gmt":"2022-04-20T10:24:57","slug":"einfach-mal-schnecken-retten","status":"publish","type":"post","link":"https:\/\/www.claudia-klinger.de\/digidiary\/2022\/04\/07\/einfach-mal-schnecken-retten\/","title":{"rendered":"Einfach mal Schnecken retten"},"content":{"rendered":"<p><img decoding=\"async\" loading=\"lazy\" class=\"alignright size-full wp-image-3487\" style=\"margin-top: 0.5em;\" src=\"https:\/\/www.claudia-klinger.de\/digidiary\/wp-content\/uploads\/2022\/04\/nacktschnecke-gastropoda.jpg\" alt=\"Nacktschnecke\" width=\"300\" height=\"235\" \/>Meine Bewunderung gilt J\u00fcrgen, der es schafft, in diesen Tagen einen satirischen Beitrag \u00fcber Schnecken zu verfassen. <a href=\"https:\/\/www.ichbindannmalimgarten.de\/sos-save-our-slugs\/\" target=\"_blank\" rel=\"noopener\">&#8222;SOS- save our Slugs!&#8220;<\/a> ruft dazu auf, die armen Weichtiere zu retten, die sich auf den Salat verlaufen haben. Dabei ist der Text nicht nur lustig. Er r\u00e4umt auch mit einer gro\u00dfen L\u00fcge auf, die schon viele Gartenfans viel Geld gekostet hat (dazu muss man allerdings bis zum Ende lesen).<\/p>\n<p>Ja, ich interessiere mich noch f\u00fcr Gartenthemen, setze die <a href=\"https:\/\/www.das-wilde-gartenblog.de\/2022\/04\/02\/tomaten-keimlinge-umgetopft\/\" target=\"_blank\" rel=\"noopener\">Tomatenkeimlinge in Anzuchtt\u00f6pfe<\/a> um und freue mich, dass sie wachsen. Normalerweise heize ich nur mein Wohn-Arbeitszimmer (m\u00e4\u00dfig!), doch den Keimlingen auf der K\u00fcchenfensterbank hab&#8216; ich zum Start zweimal ein paar Stunden Heizung in der K\u00fcche geg\u00f6nnt &#8211; mit schlechtem Gewissen.<!--more--><\/p>\n<p>Irgendwie h\u00e4lt mich das schlechte Gewissen auch vom Bloggen ab: Wie kann man nur in diesen Kriegszeiten, angesichts der furchtbaren Ereignisse, \u00fcber etwas Allt\u00e4gliches bloggen? Ist es \u00fcberhaupt noch erlaubt, irgendwelche anderen Interessen zu verfolgen als &#8222;alles tun, um diesen Krieg zu beenden&#8220;?<\/p>\n<p>Der Liebste ist mittlerweile im Zynismus-Modus und kommentiert jede Energie-sparende Handlung mit dem Spruch &#8222;&#8230;damit nicht noch mehr Ukrainer sterben!&#8220;. Erst war ich noch irritiert, aber mittlerweile verstehe ich diese Reaktion nur allzu gut. Nein, wir sind nicht verantwortlich f\u00fcr diesen Krieg, weil wir im Winter unsere Wohnungen heizen! Und wir werden auch nicht zu Schuldigen, wenn wir uns weigern, per &#8222;Embargo sofort&#8220; die eigene Wirtschaft den Bach runter gehen zu lassen.<\/p>\n<p>Es wird nichts dadurch besser, dass wir an der Kriegsberichterstattung kleben bleiben, die ja nicht nur berichtet, sondern auch mitwirkt, versch\u00e4rft, aufwiegelt und ausnutzt. Nach wie vor gibt es den Alltag, hierzulande so friedlich, dass wir sogar Zuflucht f\u00fcr viele bieten k\u00f6nnen.<\/p>\n<p>Und das ist gut so, ist ein Gl\u00fcck, trotzalledem leben wir weiter, was denn sonst? Zum Beispiel wie Creezy, die das <a href=\"https:\/\/holyfruitsalad.blogspot.com\/2022\/04\/72hrs-true-italian-food-festival-2022.html\" target=\"_blank\" rel=\"noopener\">True Italien Food Festival<\/a> in Berlin verkostet hat, oder wie <a href=\"https:\/\/kopfundgestalt.com\/2022\/04\/06\/natur-ist-natur\/\">Gerhard, der beobachtet<\/a>, wer das winzige Wiesenschaumkraut besucht. Schnecken retten ist nat\u00fcrlich auch eine M\u00f6glichkeit.<\/p>","protected":false},"excerpt":{"rendered":"<p>Meine Bewunderung gilt J\u00fcrgen, der es schafft, in diesen Tagen einen satirischen Beitrag \u00fcber Schnecken zu verfassen. &#8222;SOS- save our Slugs!&#8220; ruft dazu auf, die armen Weichtiere zu retten, die sich auf den Salat verlaufen haben. Dabei ist der Text nicht nur lustig. Er r\u00e4umt auch mit einer gro\u00dfen L\u00fcge auf, die schon viele Gartenfans [&hellip;]<\/p>\n","protected":false},"author":1,"featured_media":0,"comment_status":"closed","ping_status":"closed","sticky":false,"template":"","format":"standard","meta":[],"categories":[414,8,231],"tags":[570],"post_mailing_queue_ids":[],"_links":{"self":[{"href":"https:\/\/www.claudia-klinger.de\/digidiary\/wp-json\/wp\/v2\/posts\/3485"}],"collection":[{"href":"https:\/\/www.claudia-klinger.de\/digidiary\/wp-json\/wp\/v2\/posts"}],"about":[{"href":"https:\/\/www.claudia-klinger.de\/digidiary\/wp-json\/wp\/v2\/types\/post"}],"author":[{"embeddable":true,"href":"https:\/\/www.claudia-klinger.de\/digidiary\/wp-json\/wp\/v2\/users\/1"}],"replies":[{"embeddable":true,"href":"https:\/\/www.claudia-klinger.de\/digidiary\/wp-json\/wp\/v2\/comments?post=3485"}],"version-history":[{"count":0,"href":"https:\/\/www.claudia-klinger.de\/digidiary\/wp-json\/wp\/v2\/posts\/3485\/revisions"}],"wp:attachment":[{"href":"https:\/\/www.claudia-klinger.de\/digidiary\/wp-json\/wp\/v2\/media?parent=3485"}],"wp:term":[{"taxonomy":"category","embeddable":true,"href":"https:\/\/www.claudia-klinger.de\/digidiary\/wp-json\/wp\/v2\/categories?post=3485"},{"taxonomy":"post_tag","embeddable":true,"href":"https:\/\/www.claudia-klinger.de\/digidiary\/wp-json\/wp\/v2\/tags?post=3485"}],"curies":[{"name":"wp","href":"https:\/\/api.w.org\/{rel}","templated":true}]}}