{"id":3468,"date":"2022-02-22T10:21:36","date_gmt":"2022-02-22T09:21:36","guid":{"rendered":"https:\/\/www.claudia-klinger.de\/digidiary\/?p=3468"},"modified":"2022-02-22T14:20:12","modified_gmt":"2022-02-22T13:20:12","slug":"22-02-2022-putin-sendet-truppen-in-den-dombass","status":"publish","type":"post","link":"https:\/\/www.claudia-klinger.de\/digidiary\/2022\/02\/22\/22-02-2022-putin-sendet-truppen-in-den-dombass\/","title":{"rendered":"22.2.22:  Putin sendet Truppen in den Donbass"},"content":{"rendered":"<p>Da hier schon Kommentare unter anderen Blogthemen zum Eklat des Tages einlaufen, braucht es diesen Blogpost. Normalerweise ben\u00f6tige ich ein paar Tage, um wesentliche Ereignisse zu verarbeiten, bevor ich schreibe, aber sei&#8217;s drum, heute ist nichts mehr normal. Alsdenn, Gerhard schrieb:<!--more--><\/p>\n<blockquote><p>&#8222;Russland-Machthaber Wladimir Putin (69) hat die selbst ernannten \u201eVolksrepubliken\u201c Donezk und Luhansk als unabh\u00e4ngige Staaten anerkannt. Putin unterzeichnete nach einer knapp anderthalbst\u00fcndigen Ansprache einen \u201eFreundschaftsvertrag\u201c mit den besetzten Gebieten.<\/p>\n<p>Mit der Anerkennung der besetzten Gebiete ebnet Putin den Weg f\u00fcr einen m\u00f6glichen milit\u00e4rischen Einmarsch in die Ukraine. Brisant: In seiner Ansprache sagte Putin, die Ostukraine sei historisch ein Teil Russlands.<\/p>\n<p>V\u00f6llig irre: Putin sprach dem souver\u00e4nen Staat ab, eine Staatstradition zu haben. Dem Land sei es nie gelungen, einen stabilen Staat zu schaffen. Die ukrainischen Beh\u00f6rden seien von Nationalismus und Korruption verunreinigt, das Land befinde sich in den H\u00e4nden oligarchischer Clans.<\/p>\n<p>Putins Wahnfantasie: Die Ukraine sei ein Marionettenregime und auf das Niveau einer US-Kolonie reduziert worden. \u201eVerstehen denn die Ukrainer, dass sie nicht nur ein Protektorat, sondern Marionetten sind?\u201c, poltert der russische Machthaber.&#8220;<\/p><\/blockquote>\n<p>Wie es soweit kommen konnte, dass Putin alle diplomatischen Initiativen der letzten Tage in den Wind schl\u00e4gt, zeigt diese ARTE-Doku:<\/p>\n<p><iframe loading=\"lazy\" title=\"YouTube video player\" src=\"https:\/\/www.youtube-nocookie.com\/embed\/cUxfZtxcujk\" width=\"560\" height=\"315\" frameborder=\"0\" allowfullscreen=\"allowfullscreen\"><\/iframe><\/p>\n<p>Derart zusammen h\u00e4ngend habe ich die Putinschen Aktivit\u00e4ten in Europa, NahOst, den arabischen Staaten und Afrika der letzten Jahrzehnte noch nie aufbereitet gesehen! Nervig ist, dass Putin zwar mehrere Male ausgiebig zu Wort kommt, aber NICHT \u00fcbersetzt wird. Zwar kann man aus den Zusammenhang ahnen, was er in etwa sagt, aber dennoch wirkt es seltsam. Dass am Ende auch ein franz\u00f6sischer Politiker nicht \u00fcbersetzt wird, macht es nicht besser. Wer kann schon russisch?<\/p>\n<p>Und ich? Bin \u00fcberrascht, dass die &#8222;Anerkennung&#8220; der Donbass-Gebiete als Szenario eines Einmarsches vorab nicht schon vorher gesehen und \u00f6ffentlich debattiert wurde. Oder habt Ihr irgendwo gelesen oder gesehen, dass diese Donbass-Leute letzte Woche in der Duma um die Anerkennung &#8222;gebeten&#8220; hatten? Putins Vorgehen ist insofern trickreich, als seine Truppen nun als &#8222;Friedenstruppen&#8220; gelabelt in die anerkannten Staaten und nicht &#8222;in die Ukraine&#8220; einmarschiert sind. Dabei kann er sich bez\u00fcglich des Vorwurfs des V\u00f6lkerrechtsbruchs sogar auf das <a href=\"https:\/\/www.sueddeutsche.de\/politik\/nach-der-unabhaengigkeitserklaerung-welle-der-anerkennung-rollt-1.272385\" target=\"_blank\" rel=\"noopener\">Kosovo-Beispiel des Westens<\/a> beziehen, der ebenfalls eine &#8222;abtr\u00fcnnige Region&#8220; als Staat anerkannt hat.<\/p>\n<p>Was aber gar nicht mehr in dieses &#8222;Narrativ&#8220; passt, ist der Anspruch auf weitere Gebiete, letztlich auf die ganze Ukraine, den Putin in seinen Reden erhebt.<\/p>\n<h2>Bleibt die Frage: Was tun?<\/h2>\n<p>Gleich die ganze angedachte Sanktionspalette umzusetzen, wird schwierig. Sanktionen gegen die Bewegungsfreiheit und Verm\u00f6gen der beteiligten Politiker ist zu wenig und ist denen egal. Nordstream 2 absagen geht locker, schlie\u00dflich flie\u00dft da noch gar kein Gas durch. Russland nimmt andrerseits da auch noch nichts ein, was schmerzhaft wegfallen k\u00f6nnen. Die sch\u00e4rfste Waffe, den Ausschluss aus dem SWIFT-Abkommen, l\u00e4sst sich nicht &#8222;mal eben so&#8220; machen, denn das w\u00fcrde zum sofortigen Stopp der Gaslieferungen f\u00fchren, weil die Europ\u00e4er es nicht mehr bezahlen k\u00f6nnten. 40 Prozent des in der EU verbrauchten Erdgases kommen aus Russland, ca. 20 EU-Staaten sind nach Kommissionsangaben von russischen Einfuhren abh\u00e4ngig. Dass man jetzt meint, man k\u00e4me mit den geschrumpften Vorr\u00e4ten \u00fcber den Winter, ist ja tr\u00f6stlich, aber ob das stimmt? Und was danach?<\/p>\n<p>Im DLF hat jemand vorgeschlagen, Sanktionen gegen die russischen Oligarchen zu verh\u00e4ngen. Die sind offenbar weltweit zum Shoppen und Feiern unterwegs, fahren mit ihren Jachten herum und haben Verm\u00f6gen im Ausland. W\u00fcrde man ihnen ihre Bewegungsfreiheit nehmen und ihre Habschaften im Ausland beschl\u00e4gnahmen, w\u00e4re der Unmut sicher gro\u00df und w\u00fcrde sich gegen die Putin-Politik richten.<\/p>\n<p>Auf Twitter trendet &#8222;Weltkrieg&#8220;. Dazu schrieb jemand: &#8222;<span class=\"css-901oao css-16my406 r-poiln3 r-bcqeeo r-qvutc0\">Ein Weltkrieg wird nicht kommen, dazu ist der Westen viel zu sehr Schisser.&#8220;\u00a0 Sowas schockiert mich! Ich schrieb dazu, was den Weltkrieg angeht, sei ich gerne Schisser! <\/span><\/p>\n<p>Soweit f\u00fcr jetzt.<\/p>","protected":false},"excerpt":{"rendered":"<p>Da hier schon Kommentare unter anderen Blogthemen zum Eklat des Tages einlaufen, braucht es diesen Blogpost. Normalerweise ben\u00f6tige ich ein paar Tage, um wesentliche Ereignisse zu verarbeiten, bevor ich schreibe, aber sei&#8217;s drum, heute ist nichts mehr normal. Alsdenn, Gerhard schrieb:<\/p>\n","protected":false},"author":1,"featured_media":0,"comment_status":"open","ping_status":"open","sticky":false,"template":"","format":"standard","meta":[],"categories":[8],"tags":[564,565,563],"post_mailing_queue_ids":[],"_links":{"self":[{"href":"https:\/\/www.claudia-klinger.de\/digidiary\/wp-json\/wp\/v2\/posts\/3468"}],"collection":[{"href":"https:\/\/www.claudia-klinger.de\/digidiary\/wp-json\/wp\/v2\/posts"}],"about":[{"href":"https:\/\/www.claudia-klinger.de\/digidiary\/wp-json\/wp\/v2\/types\/post"}],"author":[{"embeddable":true,"href":"https:\/\/www.claudia-klinger.de\/digidiary\/wp-json\/wp\/v2\/users\/1"}],"replies":[{"embeddable":true,"href":"https:\/\/www.claudia-klinger.de\/digidiary\/wp-json\/wp\/v2\/comments?post=3468"}],"version-history":[{"count":0,"href":"https:\/\/www.claudia-klinger.de\/digidiary\/wp-json\/wp\/v2\/posts\/3468\/revisions"}],"wp:attachment":[{"href":"https:\/\/www.claudia-klinger.de\/digidiary\/wp-json\/wp\/v2\/media?parent=3468"}],"wp:term":[{"taxonomy":"category","embeddable":true,"href":"https:\/\/www.claudia-klinger.de\/digidiary\/wp-json\/wp\/v2\/categories?post=3468"},{"taxonomy":"post_tag","embeddable":true,"href":"https:\/\/www.claudia-klinger.de\/digidiary\/wp-json\/wp\/v2\/tags?post=3468"}],"curies":[{"name":"wp","href":"https:\/\/api.w.org\/{rel}","templated":true}]}}