{"id":3457,"date":"2022-01-28T22:42:55","date_gmt":"2022-01-28T21:42:55","guid":{"rendered":"https:\/\/www.claudia-klinger.de\/digidiary\/?p=3457"},"modified":"2022-02-06T10:57:09","modified_gmt":"2022-02-06T09:57:09","slug":"drei-stunden-zugehoert-die-zeugen-des-holocaust","status":"publish","type":"post","link":"https:\/\/www.claudia-klinger.de\/digidiary\/2022\/01\/28\/drei-stunden-zugehoert-die-zeugen-des-holocaust\/","title":{"rendered":"Drei Stunden zugeh\u00f6rt: Die Zeugen des Holocaust"},"content":{"rendered":"<p><span class=\"css-901oao css-16my406 r-poiln3 r-bcqeeo r-qvutc0\">Gestern Nacht hab&#8216; ich auf ARD Alpha den 2-teiligen Film &#8222;Zeugen des Holocaust&#8220; gesehen. Wer noch meint, &#8222;Schlussstrich&#8220; sei angesagt oder andere V\u00f6lkermorde w\u00e4ren vergleichbar, sollte die Zeugen h\u00f6ren! Zum Gl\u00fcck sind die beiden Filme in voller L\u00e4nge auf Youtube: <a href=\"https:\/\/www.youtube.com\/watch?v=QdIpBgJLdAk\" target=\"_blank\" rel=\"noopener\">Teil 1<\/a> und <a href=\"https:\/\/www.youtube.com\/watch?v=YCXAlPIX3Jk\" target=\"_blank\" rel=\"noopener\">Teil 2<\/a>.\u00a0 In den \u00fcber 10 Jahren seit dem Upload haben nicht viele diese Filme abgerufen, grade mal 106.000 Teil 1 und gut 72.000 Teil 2. Sic!<br \/>\n<\/span><!--more--><\/p>\n<p><a href=\"https:\/\/www.claudia-klinger.de\/digidiary\/wp-content\/uploads\/2022\/01\/holocaust-ueberlebende.jpg\"><img decoding=\"async\" loading=\"lazy\" class=\"aligncenter size-full wp-image-3458\" src=\"https:\/\/www.claudia-klinger.de\/digidiary\/wp-content\/uploads\/2022\/01\/holocaust-ueberlebende.jpg\" alt=\"Holocast \u00dcberlebende\" width=\"1400\" height=\"843\" srcset=\"https:\/\/www.claudia-klinger.de\/digidiary\/wp-content\/uploads\/2022\/01\/holocaust-ueberlebende.jpg 1400w, https:\/\/www.claudia-klinger.de\/digidiary\/wp-content\/uploads\/2022\/01\/holocaust-ueberlebende-300x181.jpg 300w, https:\/\/www.claudia-klinger.de\/digidiary\/wp-content\/uploads\/2022\/01\/holocaust-ueberlebende-650x391.jpg 650w, https:\/\/www.claudia-klinger.de\/digidiary\/wp-content\/uploads\/2022\/01\/holocaust-ueberlebende-768x462.jpg 768w\" sizes=\"(max-width: 1400px) 100vw, 1400px\" \/><\/a><\/p>\n<p>Der Film von Karl Fruchtmann.entstand Anfang der 80ger, als viele Zeugen noch lebten. Er besteht ausschlie\u00dflich aus ihren Berichten ohne weitere Kommentare. Die sind auch wirklich unn\u00f6tig, denn was sie erz\u00e4hlen ist eindr\u00fccklich, hundertprozentig glaubw\u00fcrdig &#8211; und grauenvoll! \u00dcberlebende aus vielen europ\u00e4ischen L\u00e4ndern berichten, was sie erlebt, gesehen und erlitten haben, wie sie \u00fcberlebten und wie es ihnen zur Zeit der Filmaufnahmen geht. Welche Wirkung das unfassbar grausame Geschehen auf ihr weiteres Leben hatte, ihre Tr\u00e4ume, Gef\u00fchle und Resthoffnungen an die Menschheit. Falls noch vorhanden, was nicht bei allen der Fall ist. <\/p>\n<p>Der Film ist in Themenbl\u00f6cke aufgeteilt: Die Transporte in die Vernichtungslager, das Ankommen, die Selektionen an der Rampe, bei denen 80% direkt in die Gaskammern geschicht wurden. Dann die Vorg\u00e4nge dort, das &#8222;Handling&#8220;, die anf\u00e4ngliche T\u00e4uschung der Opfer, das gewaltsame Hineintreiben, wenn sie fr\u00fch etwas merkten, das Einf\u00fcllen des Zyklon B, das Sterben, das Ausr\u00e4umen der Kammern und Verbrennen der Leichen, nachdem noch Haare und Goldz\u00e4hne &#8222;der Verwertung zugef\u00fchrt&#8220; wurden. Erz\u00e4hlt von jenen, die diese &#8222;Arbeit&#8220; verrichten mussten, Tag f\u00fcr Tag, Nacht f\u00fcr Nacht. In Hochzeiten wurden bis zu 20.000 Menschen pro Tag in der Mordmaschine vernichtet,<\/p>\n<p>Es folgt ein weiterer Teil \u00fcber die Ermordung hunderttausender Kinder, teils auf eine derart grausame Art und Weise, die ich hier nicht beschreiben will. \u00dcberhaupt wird klar, dass da wirklich viele Sadisten am Werk waren, die nicht einfach &#8222;ihre Arbeit machten&#8220;, sondern Spass daran hatte, die Opfer zu dem\u00fctigen, auf viele verschiedene Arten zu qu\u00e4len und zu morden. Nach den Kindern folgen Berichte \u00fcber das Restleben jener Opfer, die als &#8222;arbeitsf\u00e4hig&#8220; in die Lager kamen. Jeden Tag erneut Selektionen, Erschie\u00dfungen auf den Arbeitswegen, Qu\u00e4lereien, die man sich kaum vorstellen kann. Das Sterben war erw\u00fcnscht, die Capos wurden sogar bedroht, wenn morgens nicht genug \u00fcber Nacht Verstorbene aus den Lagerhallen geschafft wurden. Die Opfer berichten, wie sie ihren Glauben verloren &#8211; und manche auch davon, wie ihnen jeglicher Rest Menschlichkeit abhanden gekommen ist.<\/p>\n<h2>Wenigstens zuh\u00f6ren!<\/h2>\n<p>Der Film lief von 23.30 Uhr bis 2.30. Noch nie war ich so ber\u00fchrt, obwohl ich schon so manchen Bericht \u00dcberlebender gesehen hatte. Das waren jedoch meist Menschen, die es sich zur Lebensaufgabe gemacht hatten, der Nachwelt zu berichten. Auftritte in Veranstaltungen vor einem gr\u00f6\u00dferen Publikum, nicht so ausf\u00fchrlich bis in die schauderhaften Details. Diese Berichte sind anders, entstanden in langen Einzelgespr\u00e4chen, teilweise sehr emotional &#8211; es nimmt viel mehr mit, mich jedenfalls.<\/p>\n<p>Nat\u00fcrlich WUSSTE ich schon viel \u00fcber den Holocaust, sah unz\u00e4hlige Dokus, auch \u00fcber die Lager, die schrecklichen Modalit\u00e4ten des Mordens wie am Flie\u00dfband. Und doch hat mich das alles vergleichsweise kalt gelassen. In jungen Jahren war mir das &#8222;Gedenken&#8220; schon fast zuviel, denn: Was hab&#8216; ich damit zu tun? Es ist lange her, die T\u00e4ter sind fast alle lange tot &#8211; reicht es nicht langsam?<\/p>\n<p>Je \u00e4lter ich werde, desto weiter entferne ich mich von dieser ignoranten Haltung. Mittlerweile wei\u00df ich auch, was der bekannte Spruch &#8222;der Scho\u00df ist fruchtbar noch&#8230;&#8220; bedeutet. Und ich erkenne die\u00a0 aktuellen Formen des Hasses, die jenen \u00e4hneln, die einst zum Massenmord an vielen Millionen Menschen aus ganz Europa f\u00fchrten.<\/p>\n<p>Auch bin ich sensibler geworden. W\u00e4hrend der langen drei Stunden mit den Erz\u00e4hlungen der \u00dcberlebenden h\u00e4tte ich mehrfach am liebsten weggeschaltet, so grauenhaft waren die berichteten Greuel! Aber ich konnte nicht, hing gebannt vor dem Fernseher und wusste: Sie erz\u00e4hlen es f\u00fcr mich, f\u00fcr uns, f\u00fcr alle Nachgeborenen. Das mindeste, was ich tun kann, ist ihnen zuh\u00f6ren, es aushalten, egal wie ich mich dabei f\u00fchle, Mir drohen nur schlechte Tr\u00e4ume, ein winziger Pipifax gegen das, was sie erlebt und durchgemacht haben.<\/p>\n<p>Nach diesen drei Stunden sch\u00e4mte ich mich, das &#8222;Gedenken&#8220; k\u00fcrzlich so <a href=\"https:\/\/www.claudia-klinger.de\/digidiary\/2022\/01\/22\/dies-und-das-gedenken-nordstream2-corona-und-das-wetter\/\" target=\"_blank\" rel=\"noopener\">beil\u00e4ufig in einem Absatz<\/a> abgehandelt zu haben!<\/p>\n<p>&nbsp;<\/p>\n<p>&nbsp;<\/p>","protected":false},"excerpt":{"rendered":"<p>Gestern Nacht hab&#8216; ich auf ARD Alpha den 2-teiligen Film &#8222;Zeugen des Holocaust&#8220; gesehen. Wer noch meint, &#8222;Schlussstrich&#8220; sei angesagt oder andere V\u00f6lkermorde w\u00e4ren vergleichbar, sollte die Zeugen h\u00f6ren! Zum Gl\u00fcck sind die beiden Filme in voller L\u00e4nge auf Youtube: Teil 1 und Teil 2.\u00a0 In den \u00fcber 10 Jahren seit dem Upload haben nicht [&hellip;]<\/p>\n","protected":false},"author":1,"featured_media":3458,"comment_status":"open","ping_status":"open","sticky":false,"template":"","format":"standard","meta":[],"categories":[8],"tags":[558,557,556,559],"post_mailing_queue_ids":[],"_links":{"self":[{"href":"https:\/\/www.claudia-klinger.de\/digidiary\/wp-json\/wp\/v2\/posts\/3457"}],"collection":[{"href":"https:\/\/www.claudia-klinger.de\/digidiary\/wp-json\/wp\/v2\/posts"}],"about":[{"href":"https:\/\/www.claudia-klinger.de\/digidiary\/wp-json\/wp\/v2\/types\/post"}],"author":[{"embeddable":true,"href":"https:\/\/www.claudia-klinger.de\/digidiary\/wp-json\/wp\/v2\/users\/1"}],"replies":[{"embeddable":true,"href":"https:\/\/www.claudia-klinger.de\/digidiary\/wp-json\/wp\/v2\/comments?post=3457"}],"version-history":[{"count":0,"href":"https:\/\/www.claudia-klinger.de\/digidiary\/wp-json\/wp\/v2\/posts\/3457\/revisions"}],"wp:featuredmedia":[{"embeddable":true,"href":"https:\/\/www.claudia-klinger.de\/digidiary\/wp-json\/wp\/v2\/media\/3458"}],"wp:attachment":[{"href":"https:\/\/www.claudia-klinger.de\/digidiary\/wp-json\/wp\/v2\/media?parent=3457"}],"wp:term":[{"taxonomy":"category","embeddable":true,"href":"https:\/\/www.claudia-klinger.de\/digidiary\/wp-json\/wp\/v2\/categories?post=3457"},{"taxonomy":"post_tag","embeddable":true,"href":"https:\/\/www.claudia-klinger.de\/digidiary\/wp-json\/wp\/v2\/tags?post=3457"}],"curies":[{"name":"wp","href":"https:\/\/api.w.org\/{rel}","templated":true}]}}