{"id":3455,"date":"2022-01-22T11:48:46","date_gmt":"2022-01-22T10:48:46","guid":{"rendered":"https:\/\/www.claudia-klinger.de\/digidiary\/?p=3455"},"modified":"2022-01-22T13:47:27","modified_gmt":"2022-01-22T12:47:27","slug":"dies-und-das-gedenken-nordstream2-corona-und-das-wetter","status":"publish","type":"post","link":"https:\/\/www.claudia-klinger.de\/digidiary\/2022\/01\/22\/dies-und-das-gedenken-nordstream2-corona-und-das-wetter\/","title":{"rendered":"Dies und das: Gedenken, Nordstream2, Corona und das Wetter"},"content":{"rendered":"<p>Eine lange Pause mal wieder. Mir gehts nicht schlecht, ich bin &#8222;nur&#8220; demotiviert. Ein schon l\u00e4nger anhaltender Zustand, zu dem mein Liebster k\u00fcrzlich meinte, so eine Antriebslosigkeit k\u00f6nne Anzeichen einer Depression sein. Ich und depressiv? Never, daf\u00fcr gehts mir einfach zu gut, ich leide an nichts, manage meinen eher gleichf\u00f6rmigen Alltag im Homeb\u00fcro, erledige die Auftr\u00e4ge noch immer zum Termin &#8211; ok, nach langem Prokrastinieren bis es dann wirklich muss&#8230;<!--more--><\/p>\n<p>Die Weltlage sieht ja nicht grade gut aus. Wobei so viele Themen im Argen liegen, dass ich mich nicht entscheiden kann, zum einen oder anderen zu schreiben. Es ist auch immer alles schon beschrieben, beklagt, angeprangert, vielstimmig und lautstark. Und da soll ich noch was dazu schreiben? Ab und an reicht es zu einem kurzen <a href=\"https:\/\/twitter.com\/HumanVoice\" target=\"_blank\" rel=\"noopener\">Twitter-Statement<\/a>, das ist schon strukturell begrenzt, fordert keine gr\u00f6\u00dfere Einlassung.<\/p>\n<p>Also auch hier mal &#8222;Dies und das&#8220; in aller K\u00fcrze:<\/p>\n<p><strong>Gedenken:<\/strong> Die gesteigerte Aufmerksamkeit rund um <a href=\"https:\/\/horstschulte.com\/2022\/wannseekonferenz-nie-duerfen-wir-ueber-menschen-so-denken-und-reden\/\" target=\"_blank\" rel=\"noopener\">die Wannseekonferenz<\/a> hat mich dazu bewegt, mir die Doku &#8222;<a href=\"https:\/\/www.zdf.de\/dokumentation\/dokumentation-sonstige\/ganz-normale-maenner-der-vergessene-holocaust-104.html\" target=\"_blank\" rel=\"noopener\">Ganz normale M\u00e4nner &#8211; der vergessene Holocaust<\/a>&#8220; in der ZDF-Mediathek anzusehen. Zwei Millionen Menschen wurden bei systematischen Massenerschie\u00dfungen get\u00f6tet. Die T\u00e4ter standen ihren Opfern von Angesicht zu Angesicht gegen\u00fcber. Sie schossen auf M\u00e4nner, Frauen, Kinder \u2013 Tag f\u00fcr Tag, gehorsam und beflissen, als sei es normale Arbeit. Die Doku arbeitet heraus, wie es m\u00f6glich war, dass diese &#8222;ganz normalen M\u00e4nner&#8220; so willf\u00e4hrig zu Massenm\u00f6rdern wurden. Beeindruckend! Vor allem, weil die Analyse des Verhaltens und der Beweggr\u00fcnde sonnenklar werden l\u00e4sst, dass das immer wieder so passieren kann.<\/p>\n<p><strong>Nordstream2:<\/strong>\u00a0 Ich w\u00fcnsche mir, dass diese nun mal fertige Pipeline demn\u00e4chst in Betrieb geht. Wir <a href=\"https:\/\/www.t-online.de\/finanzen\/news\/unternehmen-verbraucher\/id_91500458\/gas-aus-den-usa-braucht-deutschland-russland-noch-.html\" target=\"_blank\" rel=\"noopener\">brauchen das Gas<\/a>, 55 Prozent des in Deutschland genutzten Gases kommt aus Russland. H\u00e4tte man das abbauen wollen, h\u00e4tte man vor Jahrzehnten damit anfangen m\u00fcssen und NS2 gar nicht erst bauen. Der anhaltende &#8222;Scheidungskrieg&#8220; zwischen Ukraine und Russland sehe ich nicht wirklich als unser Problem. Der Westen hat da seit &#8217;89 auch viel verbockt, was ich jetzt nicht im Detail aufz\u00e4hlen will. Erstaunlich: Bei Umfragen sind 60 Prozent der Bundesb\u00fcrger weiterhin dagegen, NS2 einzustampfen &#8211; und das trotz der massiven Propaganda der Transatlantiker in vielen Leitmedien!<\/p>\n<p><strong>Corona:<\/strong> Trotz der krass steigenden Inzidenzen (ich lebe in einem Hotspot!) scheint die Angst vor der Ansteckung abzunehmen. Auch bei mir (geboostert) ist das so. Das hei\u00dft jetzt nicht, dass ich unter die Maskenverweigerer gehe. Ich bin weiterhin vorsichtig und verzichte nach wie vor auf die Sauna &#8211; das einzige, was mir seit Corona-Start wirklich fehlt! Aber irgendwie macht sich die Akzeptanz breit, die ganze Sache laufen zu lassen, schlie\u00dflich zeigt sich immer deutlicher, dass Omikron viel weniger h\u00e4ufig zu schweren Verl\u00e4ufen f\u00fchrt. Dass die sich st\u00e4ndig \u00e4ndernden &#8222;Ma\u00dfnahmen&#8220; gar nicht mehr durchsetzbar sind, auch von jenen nicht, die gar nichts dagegen haben, hat Boris am Beispiel &#8222;<a href=\"https:\/\/www.borisstumpf.de\/2022\/01\/das-2g-plus-dilemma\/\" target=\"_blank\" rel=\"noopener\">2Gplus-Dilemma<\/a>&#8220; sch\u00f6n heraus gearbeitet.<\/p>\n<p><strong>Wetter:<\/strong> Zu d\u00fcster, zu wenig Sonne &#8211; das dr\u00fcckt auf die Stimmung. Schnee hat sich hier in Berlin noch keinen Tag gehalten, daf\u00fcr regnet es h\u00e4ufig. Vielleicht kann das ja die zu trockenen B\u00f6den der letzten Jahre auch in der Tiefe ein wenig anfeuchten. Der Winter ist f\u00fcr mich auch die &#8222;gartenlose&#8220; Zeit: Ab und zu ein Kurzbesuch, wenn es das Wetter erlaubt, aber Lust zum Arbeiten kommt nicht auf. Das wird sich im Februar wieder \u00e4ndern, wenn ich damit anfange, das Vorziehen der Nutzpflanzen zu planen.<\/p>\n<p>Das wars. W\u00fcnsche allen ein angenehmes Wochenende &#8211; und mir selbst eine Verbesserung der Motiviation, irgendwas Sinnvolles zu tun!<\/p>\n<p>&nbsp;<\/p>","protected":false},"excerpt":{"rendered":"<p>Eine lange Pause mal wieder. Mir gehts nicht schlecht, ich bin &#8222;nur&#8220; demotiviert. Ein schon l\u00e4nger anhaltender Zustand, zu dem mein Liebster k\u00fcrzlich meinte, so eine Antriebslosigkeit k\u00f6nne Anzeichen einer Depression sein. Ich und depressiv? Never, daf\u00fcr gehts mir einfach zu gut, ich leide an nichts, manage meinen eher gleichf\u00f6rmigen Alltag im Homeb\u00fcro, erledige die [&hellip;]<\/p>\n","protected":false},"author":1,"featured_media":0,"comment_status":"open","ping_status":"open","sticky":false,"template":"","format":"standard","meta":[],"categories":[148,8,231],"tags":[],"post_mailing_queue_ids":[],"_links":{"self":[{"href":"https:\/\/www.claudia-klinger.de\/digidiary\/wp-json\/wp\/v2\/posts\/3455"}],"collection":[{"href":"https:\/\/www.claudia-klinger.de\/digidiary\/wp-json\/wp\/v2\/posts"}],"about":[{"href":"https:\/\/www.claudia-klinger.de\/digidiary\/wp-json\/wp\/v2\/types\/post"}],"author":[{"embeddable":true,"href":"https:\/\/www.claudia-klinger.de\/digidiary\/wp-json\/wp\/v2\/users\/1"}],"replies":[{"embeddable":true,"href":"https:\/\/www.claudia-klinger.de\/digidiary\/wp-json\/wp\/v2\/comments?post=3455"}],"version-history":[{"count":0,"href":"https:\/\/www.claudia-klinger.de\/digidiary\/wp-json\/wp\/v2\/posts\/3455\/revisions"}],"wp:attachment":[{"href":"https:\/\/www.claudia-klinger.de\/digidiary\/wp-json\/wp\/v2\/media?parent=3455"}],"wp:term":[{"taxonomy":"category","embeddable":true,"href":"https:\/\/www.claudia-klinger.de\/digidiary\/wp-json\/wp\/v2\/categories?post=3455"},{"taxonomy":"post_tag","embeddable":true,"href":"https:\/\/www.claudia-klinger.de\/digidiary\/wp-json\/wp\/v2\/tags?post=3455"}],"curies":[{"name":"wp","href":"https:\/\/api.w.org\/{rel}","templated":true}]}}