{"id":3433,"date":"2021-11-06T13:18:00","date_gmt":"2021-11-06T12:18:00","guid":{"rendered":"https:\/\/www.claudia-klinger.de\/digidiary\/?p=3433"},"modified":"2021-11-06T13:18:00","modified_gmt":"2021-11-06T12:18:00","slug":"kulturelle-unterschiede-italien-und-die-doppeldecke","status":"publish","type":"post","link":"https:\/\/www.claudia-klinger.de\/digidiary\/2021\/11\/06\/kulturelle-unterschiede-italien-und-die-doppeldecke\/","title":{"rendered":"Kulturelle Unterschiede: Italien und die Doppeldecke"},"content":{"rendered":"<p>11 Tage Italien-Urlaub in drei verschiedenen FeWos: immer ist das Doppelbett maximal &#8222;gemeinsam&#8220; hergerichtet. Ein einziges gro\u00dfes Laken, sowie eine doppelt gro\u00dfe Bettdecke quer \u00fcber dem Bett, beides sehr fest gesteckt. Dass diese Decke jeweils zweilagig ist, n\u00e4mlich aus Laken plus Wolldecke oder d\u00fcnnem Deckbett bestehend, w\u00e4re nicht weiter schlimm. Aber zu zweit unter nur EINER Decke? Egal wie riesig die ist, im Lauf der Nacht sp\u00fcrt man doch garantiert die Bewegungen des Partners oder zieht sich die Decke unbeabsichtigt ein St\u00fcck weg. Ungest\u00f6rtes Schlafen ist so nahezu unm\u00f6glich.<\/p>\n<p><a href=\"https:\/\/www.claudia-klinger.de\/digidiary\/wp-content\/uploads\/2021\/11\/doppelbett.jpg\"><img decoding=\"async\" loading=\"lazy\" src=\"https:\/\/www.claudia-klinger.de\/digidiary\/wp-content\/uploads\/2021\/11\/doppelbett-650x340.jpg\" alt=\"Doppelbett\" width=\"650\" height=\"340\" class=\"aligncenter size-large wp-image-3434\" srcset=\"https:\/\/www.claudia-klinger.de\/digidiary\/wp-content\/uploads\/2021\/11\/doppelbett-650x340.jpg 650w, https:\/\/www.claudia-klinger.de\/digidiary\/wp-content\/uploads\/2021\/11\/doppelbett-300x157.jpg 300w, https:\/\/www.claudia-klinger.de\/digidiary\/wp-content\/uploads\/2021\/11\/doppelbett-768x402.jpg 768w, https:\/\/www.claudia-klinger.de\/digidiary\/wp-content\/uploads\/2021\/11\/doppelbett.jpg 952w\" sizes=\"(max-width: 650px) 100vw, 650px\" \/><\/a> <!--more--><br \/>\nZum Gl\u00fcck finden sich meist irgendwo in Schrank oder Truhe zus\u00e4tzliche Wolldecke. Also haben wir in der ersten Fewo eine solche &#8222;Zweitdecke&#8220; genutzt. Daf\u00fcr auch des &#8222;Unterlaken&#8220; zweckentfremdet, das \u00fcber der (mit Spannbettuch bezogenen) Matraze lag. Da es keine ganze Ferienwohnung war, sondern lediglich ein gemeinschaftliches Wohnzimmer zur Verf\u00fcgung stand, wurde der volle Hotel-Service mit t\u00e4glichem Betten-machen durchgezogen. Und obwohl wir die beiden Decken entsprechend drapiert hatten, hat die Reinigungskraft der Eigent\u00fcmer es nicht verstanden. Wir sahen erneug das &#8222;doppelt gedeckte&#8220; Bett, diesmal allerdings mit einer dickeren Decke. Sie hat wohl gedacht, uns w\u00e4re nur zu kalt gewesen. Erst eine schriftliche Botschaft zum n\u00e4chsten Reinigungseinsatz, in der wir uns erkl\u00e4rten und darum baten, das Bett gar nicht mehr anzur\u00fchren, brachte den gew\u00fcnschten Erfolg. <\/p>\n<p>Gerne nehmen wir &#8222;zwei Betten&#8220; statt &#8222;Doppelbett&#8220; oder gleich eine Fewo mit zwei Schlafzimmern. Das ist aber nun mal nicht immer und \u00fcberall im Angebot. Die Zwangsgemeinsamkeit im Doppelbett unter einer gro\u00dfen Decke ist der Normalfall, jedenfalls in Italien. <\/p>\n<p>Mehr Details \u00fcber Geschichte und Gepflogenheiten italienischer Bettkultur lest Ihr im FR-Artikel &#8222;<a href=\"https:\/\/www.fr.de\/panorama\/italienisches-schichtprinzip-bett-11074798.html\" rel=\"noopener\" target=\"_blank\">Italienisches Schichtprinzip im Bett<\/a>&#8222;: <\/p>\n<blockquote><p>&#8222;Die Italiener haben f\u00fcr ihr Nachtlager das Schichtprinzip aus der Antike beibehalten. Paare m\u00fcssen zusammenr\u00fccken. Sich individualistisch in seine eigene Decke einzukuscheln, ist in Italien nicht \u00fcblich.&#8220;<\/p><\/blockquote>","protected":false},"excerpt":{"rendered":"<p>11 Tage Italien-Urlaub in drei verschiedenen FeWos: immer ist das Doppelbett maximal &#8222;gemeinsam&#8220; hergerichtet. Ein einziges gro\u00dfes Laken, sowie eine doppelt gro\u00dfe Bettdecke quer \u00fcber dem Bett, beides sehr fest gesteckt. Dass diese Decke jeweils zweilagig ist, n\u00e4mlich aus Laken plus Wolldecke oder d\u00fcnnem Deckbett bestehend, w\u00e4re nicht weiter schlimm. Aber zu zweit unter nur [&hellip;]<\/p>\n","protected":false},"author":1,"featured_media":0,"comment_status":"open","ping_status":"open","sticky":false,"template":"","format":"standard","meta":[],"categories":[148,11],"tags":[],"post_mailing_queue_ids":[],"_links":{"self":[{"href":"https:\/\/www.claudia-klinger.de\/digidiary\/wp-json\/wp\/v2\/posts\/3433"}],"collection":[{"href":"https:\/\/www.claudia-klinger.de\/digidiary\/wp-json\/wp\/v2\/posts"}],"about":[{"href":"https:\/\/www.claudia-klinger.de\/digidiary\/wp-json\/wp\/v2\/types\/post"}],"author":[{"embeddable":true,"href":"https:\/\/www.claudia-klinger.de\/digidiary\/wp-json\/wp\/v2\/users\/1"}],"replies":[{"embeddable":true,"href":"https:\/\/www.claudia-klinger.de\/digidiary\/wp-json\/wp\/v2\/comments?post=3433"}],"version-history":[{"count":0,"href":"https:\/\/www.claudia-klinger.de\/digidiary\/wp-json\/wp\/v2\/posts\/3433\/revisions"}],"wp:attachment":[{"href":"https:\/\/www.claudia-klinger.de\/digidiary\/wp-json\/wp\/v2\/media?parent=3433"}],"wp:term":[{"taxonomy":"category","embeddable":true,"href":"https:\/\/www.claudia-klinger.de\/digidiary\/wp-json\/wp\/v2\/categories?post=3433"},{"taxonomy":"post_tag","embeddable":true,"href":"https:\/\/www.claudia-klinger.de\/digidiary\/wp-json\/wp\/v2\/tags?post=3433"}],"curies":[{"name":"wp","href":"https:\/\/api.w.org\/{rel}","templated":true}]}}