{"id":3407,"date":"2001-07-24T13:38:14","date_gmt":"2001-07-24T11:38:14","guid":{"rendered":"https:\/\/www.claudia-klinger.de\/digidiary\/?p=3407"},"modified":"2021-09-26T13:41:10","modified_gmt":"2021-09-26T11:41:10","slug":"geburtstag","status":"publish","type":"post","link":"https:\/\/www.claudia-klinger.de\/digidiary\/2001\/07\/24\/geburtstag\/","title":{"rendered":"Geburtstag"},"content":{"rendered":"<p><span style=\"font-family: Arial,futura,helvetica; font-size: small;\"> Gestern hatte ich Geburtstag, wie immer ohne Feier oder besonderes Aufhebens. Ich w\u00fc\u00dfte gar nicht, was ich da veranstalten sollte, mag sowieso keine Feste und wenn mir jemand gratiuliert &#8211; so richtig face to face, mein&#8216; ich &#8211; dann sp\u00fcre ich Verlegenheit, wei\u00df nicht, was ich sagen soll und komme mir wie ein schlecht programmierter Automat vor.<\/p>\n<p>Mit 18, also ab dem ersten selbstbestimmten Geburtstag, hab&#8216; ich das alles ersatzlos gestrichen und war einfach unendlich froh, da\u00df mich niemand mehr an den Ohren zieht. Das ist n\u00e4mlich eine Form des Gratulierens, die in Italien \u00fcblich ist, wo ich neun Jahre lang mitten im Familienurlaub zu einem Zwangsfest mit gro\u00dfem Auftrieb verdonnert war. Mein Vater hatte daf\u00fcr immer Unmengen bayrisches Bier und W\u00fcrstchen angeliefert, es erschienen bis zu 100 G\u00e4ste, mehrere italienische Gro\u00dffamilien mit un\u00fcberschaubarem Anhang &#8211; und alle alle alle kamen auf mich zu, \u00fcbersch\u00fctteten mich mit ihrem Redeschwall, umarmten mich \u00fcberschwenglich und zogen mich rituell an beiden Ohren. Nach wenigen Stunden gl\u00fchten die Ohrl\u00e4ppchen &#8211; oh wie gerne w\u00e4re ich einfach unsichtbar geworden!<\/p>\n<p>Bin ich ja dann auch, zumindest, was Geburtstage angeht. Dabei hat mich neulich ein guter Freund nochmal nachdenklich gestimmt: Es sei eine Frage der eigenen Wertsch\u00e4tzung, ob und wie man Geburtstage feiert, sich also selber feiert oder eben nicht. Gestern ist mir das dann eingefallen, ich hab&#8216; mir tats\u00e4chlich \u00fcberlegt: Soll ich &#8218;was Besonderes machen? Mir richtig &#8218;was g\u00f6nnen? Aber wie meistens ist mir nichts eingefallen, ich wollte einfach nur weiter am PC sitzen und am Design einer neuen Website experimentieren.<\/p>\n<p>Das war gerade sehr sehr spannend: Zum ersten Mal nach langer Zeit gelingt mir n\u00e4mlich ein neuer Stil, eine andere Herangehensweise, eine andere Art, mit Raum, Bild und Farbe umzugehen &#8211; und GESTERN war der Durchbruch in diese Richtung! Endlich weicht die Stagnation von mir, die mich lange davon abgehalten hat, meine Ideen und anstehenden Projekte definitiv anzugehen und umzusetzen. Ich war mir selber so unendlich langweilig geworden, wollte mich nicht immer nur wiederholen, so gut das im Einzelfall auch aussehen mag. Jetzt auf einmal geht etwas Anderes und vor mir liegt offene Weite, ein riesiges Spielfeld, auf dem ich das Neue in vielen Gestalten verwirklichen kann. Wie wunderbar! Ist das nicht ein tolles Geburtstagsgeschenk?<\/p>\n<p><strong>With a little help from my friends.<\/strong> Ohne die Inspiration durch andere Webwerker w\u00fcrde ich vermutlich noch lange in der Stagnation gesessen haben: Steffen (<a href=\"http:\/\/www.digitab.de\/\" target=\"new\" rel=\"noopener\"><img decoding=\"async\" loading=\"lazy\" src=\"https:\/\/www.claudia-klinger.de\/digidiary\/goto.gif\" alt=\"\" width=\"10\" height=\"10\" border=\"0\" \/>digitab.de<\/a>), Becz (<a href=\"http:\/\/www.becz.de\/\" target=\"new\" rel=\"noopener\"><img decoding=\"async\" loading=\"lazy\" src=\"https:\/\/www.claudia-klinger.de\/digidiary\/goto.gif\" alt=\"\" width=\"10\" height=\"10\" border=\"0\" \/>Becz.de<\/a>) und Mia (<a href=\"http:\/\/www.lichtgespinst.com\/tagebuch.html\" target=\"new\" rel=\"noopener\"><img decoding=\"async\" loading=\"lazy\" src=\"https:\/\/www.claudia-klinger.de\/digidiary\/goto.gif\" alt=\"\" width=\"10\" height=\"10\" border=\"0\" \/>Pandora&#8217;s B\u00fcchse<\/a>) zeigten mir auf ihren Seiten ganz andere Webwelten &#8211; und f\u00fcr Mias Feedback, ihre konkreten Tips und Tricks bin ich ganz besonders dankbar! Nicht zu vergessen Udo, der bereit ist, mit seiner k\u00fcnftigen Homepage das Spielfeld abzugeben, auf dem ich mich in aller Freiheit austoben kann.<\/p>\n<p>Ja, es war ein guter Geburtstag! Zum ansehen gibts erst was, wenn ich weiter bin&#8230; <\/span><!--more--><\/p>","protected":false},"excerpt":{"rendered":"<p>Gestern hatte ich Geburtstag, wie immer ohne Feier oder besonderes Aufhebens. Ich w\u00fc\u00dfte gar nicht, was ich da veranstalten sollte, mag sowieso keine Feste und wenn mir jemand gratiuliert &#8211; so richtig face to face, mein&#8216; ich &#8211; dann sp\u00fcre ich Verlegenheit, wei\u00df nicht, was ich sagen soll und komme mir wie ein schlecht programmierter [&hellip;]<\/p>\n","protected":false},"author":1,"featured_media":0,"comment_status":"open","ping_status":"open","sticky":false,"template":"","format":"standard","meta":[],"categories":[148,471,9,11],"tags":[529,530],"post_mailing_queue_ids":[],"_links":{"self":[{"href":"https:\/\/www.claudia-klinger.de\/digidiary\/wp-json\/wp\/v2\/posts\/3407"}],"collection":[{"href":"https:\/\/www.claudia-klinger.de\/digidiary\/wp-json\/wp\/v2\/posts"}],"about":[{"href":"https:\/\/www.claudia-klinger.de\/digidiary\/wp-json\/wp\/v2\/types\/post"}],"author":[{"embeddable":true,"href":"https:\/\/www.claudia-klinger.de\/digidiary\/wp-json\/wp\/v2\/users\/1"}],"replies":[{"embeddable":true,"href":"https:\/\/www.claudia-klinger.de\/digidiary\/wp-json\/wp\/v2\/comments?post=3407"}],"version-history":[{"count":0,"href":"https:\/\/www.claudia-klinger.de\/digidiary\/wp-json\/wp\/v2\/posts\/3407\/revisions"}],"wp:attachment":[{"href":"https:\/\/www.claudia-klinger.de\/digidiary\/wp-json\/wp\/v2\/media?parent=3407"}],"wp:term":[{"taxonomy":"category","embeddable":true,"href":"https:\/\/www.claudia-klinger.de\/digidiary\/wp-json\/wp\/v2\/categories?post=3407"},{"taxonomy":"post_tag","embeddable":true,"href":"https:\/\/www.claudia-klinger.de\/digidiary\/wp-json\/wp\/v2\/tags?post=3407"}],"curies":[{"name":"wp","href":"https:\/\/api.w.org\/{rel}","templated":true}]}}